{"id":15375,"date":"2024-08-06T09:11:17","date_gmt":"2024-08-06T12:11:17","guid":{"rendered":"https:\/\/www.visionweb.com.ar\/?p=15375"},"modified":"2024-08-06T09:11:17","modified_gmt":"2024-08-06T12:11:17","slug":"docentes-universitarios-se-suman-a-la-movilizacion-convocada-por-la-cgt","status":"publish","type":"post","link":"https:\/\/www.visionweb.com.ar\/?p=15375","title":{"rendered":"Docentes universitarios se suman a la movilizaci\u00f3n convocada por la CGT"},"content":{"rendered":"<p><em><strong>Ser\u00e1 ma\u00f1ana. Saldr\u00e1n desde la iglesia de San Cayetano en el barrio de Liniers y marchar\u00e1n hacia la Plaza de Mayo<\/strong><\/em>.<!--more--><\/p>\n<p><img loading=\"lazy\" decoding=\"async\" class=\"size-medium wp-image-13800 alignright\" src=\"https:\/\/www.visionweb.com.ar\/wp-content\/uploads\/2024\/03\/DOCENTES-300x169.png\" alt=\"\" width=\"300\" height=\"169\" srcset=\"https:\/\/www.visionweb.com.ar\/wp-content\/uploads\/2024\/03\/DOCENTES-300x169.png 300w, https:\/\/www.visionweb.com.ar\/wp-content\/uploads\/2024\/03\/DOCENTES.png 640w\" sizes=\"auto, (max-width: 300px) 100vw, 300px\" \/>La Federaci\u00f3n de Docentes de las Universidades (Fedun) convoca a la movilizaci\u00f3n de ma\u00f1ana, por \u201cPaz, Pan, Tierra, Techo y Trabajo\u201d, que coincide con el D\u00eda de San Cayetano, patrono del pan y el trabajo.<\/p>\n<p>Desde Fedun advirtieron que durante la gesti\u00f3n de Sandra Pettovello, ministra de Capital Humano, los docentes universitarios perdieron m\u00e1s del 50% del poder adquisitivo.<\/p>\n<p>Adem\u00e1s, se\u00f1alaron que \u201cla comida que se pudre mientras miles de argentinos pasan hambre\u201d.<\/p>\n<p>\u201cEste mi\u00e9rcoles 7\/8 vamos a San Cayetano y acompa\u00f1amos la convocatoria por Paz, Pan, Tierra, Techo y Trabajo\u201d, convocan. Se trata de la movilizaci\u00f3n convocada por centrales obreras y movimientos sociales, entre los que se encuentran la CGT, las dos CTA y la UTEP.<\/p>\n<p>La protesta, que se realizar\u00e1 bajo el lema \u201cPaz, Pan, Tierra, Techo y Trabajo\u201d y denunciar\u00e1 \u201cla emergencia alimentaria, social y laboral\u201d que se vive en los barrios, contempla tambi\u00e9n un acto en Plaza de Mayo.<strong>(VW)<\/strong><\/p>\n<p>&nbsp;<\/p>\n","protected":false},"excerpt":{"rendered":"<p>Ser\u00e1 ma\u00f1ana. Saldr\u00e1n desde la iglesia de San Cayetano en el barrio de Liniers y marchar\u00e1n hacia la Plaza de Mayo.<\/p>\n","protected":false},"author":3,"featured_media":13800,"comment_status":"closed","ping_status":"closed","sticky":false,"template":"","format":"standard","meta":{"_monsterinsights_skip_tracking":false,"_monsterinsights_sitenote_active":false,"_monsterinsights_sitenote_note":"","_monsterinsights_sitenote_category":0,"footnotes":""},"categories":[4],"tags":[410,2289,6496],"class_list":["post-15375","post","type-post","status-publish","format-standard","has-post-thumbnail","hentry","category-politica","tag-docentes","tag-movilizacion","tag-san-cayuetano"],"_links":{"self":[{"href":"https:\/\/www.visionweb.com.ar\/index.php?rest_route=\/wp\/v2\/posts\/15375","targetHints":{"allow":["GET"]}}],"collection":[{"href":"https:\/\/www.visionweb.com.ar\/index.php?rest_route=\/wp\/v2\/posts"}],"about":[{"href":"https:\/\/www.visionweb.com.ar\/index.php?rest_route=\/wp\/v2\/types\/post"}],"author":[{"embeddable":true,"href":"https:\/\/www.visionweb.com.ar\/index.php?rest_route=\/wp\/v2\/users\/3"}],"replies":[{"embeddable":true,"href":"https:\/\/www.visionweb.com.ar\/index.php?rest_route=%2Fwp%2Fv2%2Fcomments&post=15375"}],"version-history":[{"count":1,"href":"https:\/\/www.visionweb.com.ar\/index.php?rest_route=\/wp\/v2\/posts\/15375\/revisions"}],"predecessor-version":[{"id":15376,"href":"https:\/\/www.visionweb.com.ar\/index.php?rest_route=\/wp\/v2\/posts\/15375\/revisions\/15376"}],"wp:featuredmedia":[{"embeddable":true,"href":"https:\/\/www.visionweb.com.ar\/index.php?rest_route=\/wp\/v2\/media\/13800"}],"wp:attachment":[{"href":"https:\/\/www.visionweb.com.ar\/index.php?rest_route=%2Fwp%2Fv2%2Fmedia&parent=15375"}],"wp:term":[{"taxonomy":"category","embeddable":true,"href":"https:\/\/www.visionweb.com.ar\/index.php?rest_route=%2Fwp%2Fv2%2Fcategories&post=15375"},{"taxonomy":"post_tag","embeddable":true,"href":"https:\/\/www.visionweb.com.ar\/index.php?rest_route=%2Fwp%2Fv2%2Ftags&post=15375"}],"curies":[{"name":"wp","href":"https:\/\/api.w.org\/{rel}","templated":true}]}}