{"id":15372,"date":"2024-08-05T16:55:28","date_gmt":"2024-08-05T19:55:28","guid":{"rendered":"https:\/\/www.visionweb.com.ar\/?p=15372"},"modified":"2024-08-05T16:55:28","modified_gmt":"2024-08-05T19:55:28","slug":"la-provincia-amplio-el-alcance-del-boleto-estudiantil-a-estudiantes-adultos","status":"publish","type":"post","link":"https:\/\/www.visionweb.com.ar\/?p=15372","title":{"rendered":"La Provincia ampli\u00f3 el alcance del boleto estudiantil a estudiantes adultos"},"content":{"rendered":"<p><strong><em>Abarca a m\u00e1s de 180.000 persones que estudian en distritos del conurbano bonaerense.<\/em><\/strong><!--more--><\/p>\n<p><strong> <img loading=\"lazy\" decoding=\"async\" class=\"size-medium wp-image-209 alignright\" src=\"https:\/\/www.visionweb.com.ar\/wp-content\/uploads\/2020\/11\/boleto-estudiantil-cba-300x169.jpg\" alt=\"\" width=\"300\" height=\"169\" srcset=\"https:\/\/www.visionweb.com.ar\/wp-content\/uploads\/2020\/11\/boleto-estudiantil-cba-300x169.jpg 300w, https:\/\/www.visionweb.com.ar\/wp-content\/uploads\/2020\/11\/boleto-estudiantil-cba.jpg 640w\" sizes=\"auto, (max-width: 300px) 100vw, 300px\" \/>\u00a0\u00a0\u00a0 E<\/strong>l ministro de Gobierno de la provincia de\u00a0<strong>Buenos Aires<\/strong>,\u00a0<strong>Carlos Bianco<\/strong>, su par de Transporte,\u00a0<strong>Jorge D\u2019Onofrio<\/strong>, y el titular de la Direcci\u00f3n General de Cultura y Educaci\u00f3n,\u00a0<strong>Alberto Sileoni<\/strong>, anunciaron este lunes la <strong>ampliaci\u00f3n del alcance del<\/strong>\u00a0<strong>boleto estudiantil bonaerense<\/strong>, que ahora incluye a m\u00e1s de\u00a0<strong>180.000 estudiantes<\/strong>\u00a0que asisten a <strong>establecimientos educativos para adultos<\/strong>.<\/p>\n<p>De esta manera, con la ampliaci\u00f3n del\u00a0<strong>boleto estudiantil\u00a0<\/strong>que anunciaron los funcionarios de\u00a0<strong>Kicillof\u00a0<\/strong>esta ma\u00f1ana en\u00a0<a href=\"https:\/\/www.youtube.com\/watch?v=De59NscbACo\">conferencia de prensa<\/a> en La Plata, el gobierno de la\u00a0<strong>Provincia\u00a0<\/strong>incluy\u00f3 un total de 182.380 nuevas personas que se encuentran en formaci\u00f3n en los 2.698 establecimientos educativos (1.052 escuelas y 1.646 sedes Fines). Son 42 municipios: todo el conurbano bonaerense, el Gran La Plata, Brandsen, Z\u00e1rate y Campana.<\/p>\n<p>Cabe mencionar que las nuevas tarifas, que llevan el\u00a0<strong>boleto de colectivo\u00a0<\/strong>m\u00ednimo a 370 pesos, empezar\u00e1n a regir el 12 de agosto. Sin embargo,\u00a0<strong>D\u2019Onofrio\u00a0<\/strong>prometi\u00f3 que el monto del\u00a0<strong>boleto estudiantil\u00a0<\/strong>se va a actualizar para ajustarse a los nuevos cuadros, aunque advirti\u00f3 que la\u00a0<strong>Provincia\u00a0<\/strong>hace un \u201cgran esfuerzo\u201d por sostenerlo y ampliarlo.<\/p>\n<p>\u201cNo alcanza con la gratuidad educativa para construir el derecho a la educaci\u00f3n. Como Estado hay que construir otras condiciones para que ese derecho pueda ejercerse. Aqu\u00ed hay una decisi\u00f3n de pol\u00edtica p\u00fablica que tiene que ver con mejorar las posibilidades de los adultos\u201d, explic\u00f3 Sileoni.<\/p>\n<p>Con un\u00a0<strong>presupuesto mensual de m\u00e1s de 560 millones de pesos,<\/strong>\u00a0la Provincia acreditar\u00e1 a la tarjeta SUBE de los beneficiarios un monto equivalente a 50 boletos m\u00ednimos por mes. Desde Transporte informaron que el Boleto Estudiantil Educativo (BEE) llegar\u00e1 a quienes hagan el tr\u00e1mite de inscripci\u00f3n. <strong>(VW)<\/strong><\/p>\n<p>&nbsp;<\/p>\n","protected":false},"excerpt":{"rendered":"<p>Abarca a m\u00e1s de 180.000 persones que estudian en distritos del conurbano bonaerense.<\/p>\n","protected":false},"author":4,"featured_media":209,"comment_status":"closed","ping_status":"closed","sticky":false,"template":"","format":"standard","meta":{"_monsterinsights_skip_tracking":false,"_monsterinsights_sitenote_active":false,"_monsterinsights_sitenote_note":"","_monsterinsights_sitenote_category":0,"footnotes":""},"categories":[4,5],"tags":[6493,6494,6495,356],"class_list":["post-15372","post","type-post","status-publish","format-standard","has-post-thumbnail","hentry","category-politica","category-sociedad","tag-ampliacion-del-boleto-estudiantil","tag-bee","tag-estudiantes-adultos","tag-provincia"],"_links":{"self":[{"href":"https:\/\/www.visionweb.com.ar\/index.php?rest_route=\/wp\/v2\/posts\/15372","targetHints":{"allow":["GET"]}}],"collection":[{"href":"https:\/\/www.visionweb.com.ar\/index.php?rest_route=\/wp\/v2\/posts"}],"about":[{"href":"https:\/\/www.visionweb.com.ar\/index.php?rest_route=\/wp\/v2\/types\/post"}],"author":[{"embeddable":true,"href":"https:\/\/www.visionweb.com.ar\/index.php?rest_route=\/wp\/v2\/users\/4"}],"replies":[{"embeddable":true,"href":"https:\/\/www.visionweb.com.ar\/index.php?rest_route=%2Fwp%2Fv2%2Fcomments&post=15372"}],"version-history":[{"count":1,"href":"https:\/\/www.visionweb.com.ar\/index.php?rest_route=\/wp\/v2\/posts\/15372\/revisions"}],"predecessor-version":[{"id":15373,"href":"https:\/\/www.visionweb.com.ar\/index.php?rest_route=\/wp\/v2\/posts\/15372\/revisions\/15373"}],"wp:featuredmedia":[{"embeddable":true,"href":"https:\/\/www.visionweb.com.ar\/index.php?rest_route=\/wp\/v2\/media\/209"}],"wp:attachment":[{"href":"https:\/\/www.visionweb.com.ar\/index.php?rest_route=%2Fwp%2Fv2%2Fmedia&parent=15372"}],"wp:term":[{"taxonomy":"category","embeddable":true,"href":"https:\/\/www.visionweb.com.ar\/index.php?rest_route=%2Fwp%2Fv2%2Fcategories&post=15372"},{"taxonomy":"post_tag","embeddable":true,"href":"https:\/\/www.visionweb.com.ar\/index.php?rest_route=%2Fwp%2Fv2%2Ftags&post=15372"}],"curies":[{"name":"wp","href":"https:\/\/api.w.org\/{rel}","templated":true}]}}