{"id":15361,"date":"2024-08-05T09:28:48","date_gmt":"2024-08-05T12:28:48","guid":{"rendered":"https:\/\/www.visionweb.com.ar\/?p=15361"},"modified":"2024-08-05T09:30:15","modified_gmt":"2024-08-05T12:30:15","slug":"las-pymes-siguen-sufren-la-caida-del-consumo","status":"publish","type":"post","link":"https:\/\/www.visionweb.com.ar\/?p=15361","title":{"rendered":"Las PyMes sufren la ca\u00edda del consumo"},"content":{"rendered":"<p><strong><em>Todos los rubros medidos registraron bajas en la actividad de julio, siendo las m\u00e1s acentuadas en farmacias y perfumer\u00edas.<\/em><\/strong><!--more--><\/p>\n<p><img loading=\"lazy\" decoding=\"async\" class=\"size-medium wp-image-15362 alignleft\" src=\"https:\/\/www.visionweb.com.ar\/wp-content\/uploads\/2024\/08\/CAIDA-DE-LAS-VENTAS-PYMES-300x200.png\" alt=\"\" width=\"300\" height=\"200\" srcset=\"https:\/\/www.visionweb.com.ar\/wp-content\/uploads\/2024\/08\/CAIDA-DE-LAS-VENTAS-PYMES-300x200.png 300w, https:\/\/www.visionweb.com.ar\/wp-content\/uploads\/2024\/08\/CAIDA-DE-LAS-VENTAS-PYMES.png 647w\" sizes=\"auto, (max-width: 300px) 100vw, 300px\" \/>Seg\u00fan la CAME, las ventas minoristas de las pymes siguieron a la baja en julio, acumulando siete meses de ca\u00edda ininterrumpida.<\/p>\n<p>Las ventas minoristas pymes descendieron 15,7% anual en julio, a precios constantes, y acumulan un declive de 17% en los primeros siete meses del a\u00f1o. En la comparaci\u00f3n mensual desestacionalizada, se retrajeron 1,6%. Las pymes est\u00e1n intentando mantenerse a flote en un contexto econ\u00f3mico financiero muy complejo.<\/p>\n<p>Seg\u00fan el relevamiento realizado, el principal problema de los comercios minoristas en julio fue la falta de ventas. Luego, le siguieron los altos costos de producci\u00f3n, donde las empresas reclaman la necesidad de reducir impuestos nacionales, provinciales y municipales para devolver la rentabilidad al sector. Actualmente, los planes de financiamiento le devolvieron algo de dinamismo al mercado, pero es poco, porque la gente est\u00e1 menos dispuesta a endeudarse, especialmente si las cuotas conllevan inter\u00e9s, aunque este sea peque\u00f1o.<\/p>\n<p>Todos los rubros medidos registraron bajas en la actividad de julio, siendo las m\u00e1s acentuadas en farmacias y perfumer\u00edas.<\/p>\n<p>As\u00ed surge del \u00cdndice de Ventas Minoristas Pymes de la Confederaci\u00f3n Argentina de la en Mediana Empresa (CAME), elaborado en base a un relevamiento mensual entre 1.276 comercios minoristas del pa\u00eds, realizado del 1 y 2 de agosto.<\/p>\n<p>En julio, los siete rubros registraron ca\u00eddas interanuales en sus ventas. La mayor retracci\u00f3n anual se detect\u00f3 en Perfumer\u00edas (-32,6%), seguida por Farmacias (-26,4%).<\/p>\n<p><img loading=\"lazy\" decoding=\"async\" class=\"size-medium wp-image-15363 alignright\" src=\"https:\/\/www.visionweb.com.ar\/wp-content\/uploads\/2024\/08\/caida-de-las-ventas-pyme-300x183.png\" alt=\"\" width=\"300\" height=\"183\" srcset=\"https:\/\/www.visionweb.com.ar\/wp-content\/uploads\/2024\/08\/caida-de-las-ventas-pyme-300x183.png 300w, https:\/\/www.visionweb.com.ar\/wp-content\/uploads\/2024\/08\/caida-de-las-ventas-pyme.png 640w\" sizes=\"auto, (max-width: 300px) 100vw, 300px\" \/>Las ventas bajaron 20,9% anual en julio, a precios constantes y acumulan una ca\u00edda de 21,7% en los primeros siete meses del a\u00f1o frente al mismo periodo de 2023.\u00a0En la comparaci\u00f3n intermensual disminuyeron 2,5%.<\/p>\n<p>El ramo bebidas fue el m\u00e1s golpeado, donde las ventas se desplomaron. La gente regul\u00f3 sus compras, aprovech\u00f3 ofertas en los mayoristas, se pas\u00f3 a segundas y terceras marcas, o adapt\u00f3 sus comidas a platos m\u00e1s econ\u00f3micos y rendidores.<\/p>\n<p>En carnes, por ejemplo, hubo una merma fuerte, en todas las variedades (bovina, porcina y aviar). Mientras, en el rubro almac\u00e9n, fideos, arroz, polenta, fueron productos m\u00e1s buscados que lo habitual<strong>(VW)<\/strong>.<\/p>\n<p>&nbsp;<\/p>\n","protected":false},"excerpt":{"rendered":"<p>Todos los rubros medidos registraron bajas en la actividad de julio, siendo las m\u00e1s acentuadas en farmacias y perfumer\u00edas.<\/p>\n","protected":false},"author":3,"featured_media":15362,"comment_status":"closed","ping_status":"closed","sticky":false,"template":"","format":"standard","meta":{"_monsterinsights_skip_tracking":false,"_monsterinsights_sitenote_active":false,"_monsterinsights_sitenote_note":"","_monsterinsights_sitenote_category":0,"footnotes":""},"categories":[749],"tags":[3551,6491,32,3768],"class_list":["post-15361","post","type-post","status-publish","format-standard","has-post-thumbnail","hentry","category-pymes","tag-caida","tag-m-ventas","tag-pymes","tag-rubros"],"_links":{"self":[{"href":"https:\/\/www.visionweb.com.ar\/index.php?rest_route=\/wp\/v2\/posts\/15361","targetHints":{"allow":["GET"]}}],"collection":[{"href":"https:\/\/www.visionweb.com.ar\/index.php?rest_route=\/wp\/v2\/posts"}],"about":[{"href":"https:\/\/www.visionweb.com.ar\/index.php?rest_route=\/wp\/v2\/types\/post"}],"author":[{"embeddable":true,"href":"https:\/\/www.visionweb.com.ar\/index.php?rest_route=\/wp\/v2\/users\/3"}],"replies":[{"embeddable":true,"href":"https:\/\/www.visionweb.com.ar\/index.php?rest_route=%2Fwp%2Fv2%2Fcomments&post=15361"}],"version-history":[{"count":2,"href":"https:\/\/www.visionweb.com.ar\/index.php?rest_route=\/wp\/v2\/posts\/15361\/revisions"}],"predecessor-version":[{"id":15365,"href":"https:\/\/www.visionweb.com.ar\/index.php?rest_route=\/wp\/v2\/posts\/15361\/revisions\/15365"}],"wp:featuredmedia":[{"embeddable":true,"href":"https:\/\/www.visionweb.com.ar\/index.php?rest_route=\/wp\/v2\/media\/15362"}],"wp:attachment":[{"href":"https:\/\/www.visionweb.com.ar\/index.php?rest_route=%2Fwp%2Fv2%2Fmedia&parent=15361"}],"wp:term":[{"taxonomy":"category","embeddable":true,"href":"https:\/\/www.visionweb.com.ar\/index.php?rest_route=%2Fwp%2Fv2%2Fcategories&post=15361"},{"taxonomy":"post_tag","embeddable":true,"href":"https:\/\/www.visionweb.com.ar\/index.php?rest_route=%2Fwp%2Fv2%2Ftags&post=15361"}],"curies":[{"name":"wp","href":"https:\/\/api.w.org\/{rel}","templated":true}]}}