{"id":15355,"date":"2024-08-02T10:35:43","date_gmt":"2024-08-02T13:35:43","guid":{"rendered":"https:\/\/www.visionweb.com.ar\/?p=15355"},"modified":"2024-08-02T10:35:43","modified_gmt":"2024-08-02T13:35:43","slug":"castelli-el-intendente-advirtio-que-hay-record-de-negocios-cerrados-y-anuncio-medidas-de-alivio","status":"publish","type":"post","link":"https:\/\/www.visionweb.com.ar\/?p=15355","title":{"rendered":"Castelli: El intendente advirti\u00f3 que hay r\u00e9cord de negocios cerrados y anunci\u00f3 medidas de alivio"},"content":{"rendered":"<p><em><strong>Eximir\u00e1 a comerciantes del pago de tasas. Francisco Echarren, dijo que \u201cel desplome de ventas y el aumento exponencial de costos los derrite\u201d.<\/strong><\/em><!--more--><\/p>\n<p><strong><img loading=\"lazy\" decoding=\"async\" class=\"size-medium wp-image-15356 alignright\" src=\"https:\/\/www.visionweb.com.ar\/wp-content\/uploads\/2024\/08\/FRAN-ECHARREN-INT-CASTELLI-300x275.png\" alt=\"\" width=\"300\" height=\"275\" srcset=\"https:\/\/www.visionweb.com.ar\/wp-content\/uploads\/2024\/08\/FRAN-ECHARREN-INT-CASTELLI-300x275.png 300w, https:\/\/www.visionweb.com.ar\/wp-content\/uploads\/2024\/08\/FRAN-ECHARREN-INT-CASTELLI.png 451w\" sizes=\"auto, (max-width: 300px) 100vw, 300px\" \/>\u00a0\u00a0 <\/strong><strong>E<\/strong>l intendente de <strong>Castelli<\/strong>, <strong>Francisco Echarren<\/strong>, advirti\u00f3 que en su comuna hay r\u00e9cord de negocios cerrados y anunci\u00f3 una pol\u00edtica para ayudar al sector a salir de esta crisis: resolvi\u00f3 eximir al 80% de los comercios del pago de tasas.<\/p>\n<p>\u201cEst\u00e1n fundiendo todo\u201d, advirti\u00f3 el jefe comunal. \u201cEn Castelli tenemos r\u00e9cord de comercios cerrados en estos 7 meses. El desplome de ventas y el aumento exponencial de costos los derrite\u201d, detall\u00f3. Sin embargo, adelant\u00f3 que desde el Municipio \u201cvamos a hacer todo para cuidarlos, aunque sea dif\u00edcil\u201d, inform\u00f3 DIB.<\/p>\n<p>En este sentido, anunci\u00f3 una pol\u00edtica para ayudar al sector a salir de esta crisis. \u00ab<strong>Desde el Municipio vamos a eximir de tasas al 80% de los comercios locales<\/strong>\u00ab, comunic\u00f3 Echarren en un posteo desde su cuenta de X.<\/p>\n<p>De esta manera, los comerciantes podr\u00e1n saltear casi la totalidad del pago de las tasas municipales y hacerle frente a la\u00a0<strong>situaci\u00f3n cr\u00edtica que est\u00e1n atravesando<\/strong>.<\/p>\n<p><strong>Otras medidas para los vecinos de Castelli<\/strong><\/p>\n<p>Hace algunas horas, el intendente Echarren tambi\u00e9n anunci\u00f3 \u00abJusticia social inteligente\u00bb. \u00abRegulamos el mercado inmobiliario, generamos suelo urbano a mitad de precio y con el producido damos un bono de 100 mil pesos a jubilados, aumentos de sueldos y hacemos obras para la ciudad\u00bb.<\/p>\n<p>En este orden, agreg\u00f3 que \u00abEn este momento tan dif\u00edcil, vamos a estar al lado de los que necesitan. Acceso al suelo urbano y justicia social\u00bb. <strong>(VW)<\/strong><\/p>\n<p>&nbsp;<\/p>\n","protected":false},"excerpt":{"rendered":"<p>Eximir\u00e1 a comerciantes del pago de tasas. Francisco Echarren, dijo que \u201cel desplome de ventas y el aumento exponencial de costos los derrite\u201d.<\/p>\n","protected":false},"author":4,"featured_media":15356,"comment_status":"closed","ping_status":"closed","sticky":false,"template":"","format":"standard","meta":{"_monsterinsights_skip_tracking":false,"_monsterinsights_sitenote_active":false,"_monsterinsights_sitenote_note":"","_monsterinsights_sitenote_category":0,"footnotes":""},"categories":[6,4],"tags":[6486,6484,6485,6487],"class_list":["post-15355","post","type-post","status-publish","format-standard","has-post-thumbnail","hentry","category-economia","category-politica","tag-comercios-cerrados","tag-francisco-echarren","tag-intendente-de-castelli","tag-medidas-de-alivio"],"_links":{"self":[{"href":"https:\/\/www.visionweb.com.ar\/index.php?rest_route=\/wp\/v2\/posts\/15355","targetHints":{"allow":["GET"]}}],"collection":[{"href":"https:\/\/www.visionweb.com.ar\/index.php?rest_route=\/wp\/v2\/posts"}],"about":[{"href":"https:\/\/www.visionweb.com.ar\/index.php?rest_route=\/wp\/v2\/types\/post"}],"author":[{"embeddable":true,"href":"https:\/\/www.visionweb.com.ar\/index.php?rest_route=\/wp\/v2\/users\/4"}],"replies":[{"embeddable":true,"href":"https:\/\/www.visionweb.com.ar\/index.php?rest_route=%2Fwp%2Fv2%2Fcomments&post=15355"}],"version-history":[{"count":1,"href":"https:\/\/www.visionweb.com.ar\/index.php?rest_route=\/wp\/v2\/posts\/15355\/revisions"}],"predecessor-version":[{"id":15357,"href":"https:\/\/www.visionweb.com.ar\/index.php?rest_route=\/wp\/v2\/posts\/15355\/revisions\/15357"}],"wp:featuredmedia":[{"embeddable":true,"href":"https:\/\/www.visionweb.com.ar\/index.php?rest_route=\/wp\/v2\/media\/15356"}],"wp:attachment":[{"href":"https:\/\/www.visionweb.com.ar\/index.php?rest_route=%2Fwp%2Fv2%2Fmedia&parent=15355"}],"wp:term":[{"taxonomy":"category","embeddable":true,"href":"https:\/\/www.visionweb.com.ar\/index.php?rest_route=%2Fwp%2Fv2%2Fcategories&post=15355"},{"taxonomy":"post_tag","embeddable":true,"href":"https:\/\/www.visionweb.com.ar\/index.php?rest_route=%2Fwp%2Fv2%2Ftags&post=15355"}],"curies":[{"name":"wp","href":"https:\/\/api.w.org\/{rel}","templated":true}]}}