{"id":15353,"date":"2024-08-02T10:21:43","date_gmt":"2024-08-02T13:21:43","guid":{"rendered":"https:\/\/www.visionweb.com.ar\/?p=15353"},"modified":"2024-08-02T10:21:43","modified_gmt":"2024-08-02T13:21:43","slug":"cac-el-consumo-se-desplomo-un-98-en-junio","status":"publish","type":"post","link":"https:\/\/www.visionweb.com.ar\/?p=15353","title":{"rendered":"CAC: El consumo se desplom\u00f3 un 9,8% en junio"},"content":{"rendered":"<p><em><strong>Hubo una ca\u00edda de 21% en el poder de compra de los argentinos, respecto a los niveles del a\u00f1o pasado. Desde las c\u00e1maras empresariales advierten que la recuperaci\u00f3n ser\u00e1 lenta.\u00a0<\/strong><\/em><!--more--><\/p>\n<p><strong>\u00a0 <img loading=\"lazy\" decoding=\"async\" class=\"size-full wp-image-4406 alignright\" src=\"https:\/\/www.visionweb.com.ar\/wp-content\/uploads\/2022\/02\/comercios.bmp\" alt=\"\" width=\"477\" height=\"337\" \/> L<\/strong>a <strong>C\u00e1mara de Comercio y Servicios (CAC)<\/strong> registr\u00f3 un <strong>descenso en el consumo del 9,8%<\/strong> en el mes de junio, y es la peor ca\u00edda desde la pandemia, si bien desde el Gobierno nacional conf\u00edan en que los \u00edndices mejorar\u00e1n con el descenso de la inflaci\u00f3n, desde las c\u00e1maras empresariales advierten que la recuperaci\u00f3n ser\u00e1 lenta.<\/p>\n<p>La\u00a0<strong>CAC\u00a0<\/strong>estim\u00f3 un <strong>ingreso nominal promedio por hogar de $1.188.000 en\u00a0junio<\/strong>\u00a0\u00faltimo, lo que <strong>representa una ca\u00edda de 21% en el poder de compra de los argentinos<\/strong>, respecto a los niveles del a\u00f1o pasado, lo que implica un reajuste en los gastos dom\u00e9sticos, siendo los protagonistas los considerados no esenciales.<\/p>\n<p>\u201c<strong>Contin\u00faa la tendencia negativa en la compra de indumentaria y recreaci\u00f3n<\/strong>\u00a0(pero en menor medida que el mes anterior), lo cual sostiene la idea de la reestructuraci\u00f3n del gasto de las familias\u201d, se\u00f1alaron desde la entidad.<\/p>\n<p>En esa l\u00ednea, desde la\u00a0<strong>CAC<\/strong> advirtieron que \u201cotro punto negativo del mes, fue la<strong> fuerte ca\u00edda en el gasto asociado a vivienda, alquiler y servicios p\u00fablicos<\/strong>, impactado fuertemente por la baja en la demanda de energ\u00eda el\u00e9ctrica\u201d.<\/p>\n<p>Las previsiones del Gobierno:<\/p>\n<p>Cabe destacar que esta ca\u00edda se dio en el marco de un leve salto de la inflaci\u00f3n en\u00a0<strong>junio<\/strong>, que interrumpi\u00f3 la tendencia de desaceleraci\u00f3n que hab\u00eda marcado durante cinco meses consecutivos.<\/p>\n<p>En detalle, el Instituto Nacional de Estad\u00edsticas y Censos (<strong>INDEC<\/strong>) inform\u00f3 que el IPC fue del 4,6% para ese mes, mientras que en mayo hab\u00eda dado 4,2%, con un alza interanual del 271,5% y un acumulado del 79,8% en el semestre. Lo que impact\u00f3 fuertemente en los \u00edndices de<strong>\u00a0consumo<\/strong>.<\/p>\n<p>No obstante, el ministro de Econom\u00eda,\u00a0<strong>Luis Caputo<\/strong>, anticip\u00f3 que \u201c<strong>la inflaci\u00f3n de junio ser\u00e1 la m\u00e1s baja en lo que va del a\u00f1o y que la econom\u00eda est\u00e1 empezando a crecer<\/strong>\u201d. La estimaci\u00f3n que realiza el equipo econ\u00f3mico es que la variaci\u00f3n del\u00a0<strong>IPC<\/strong>\u00a0estar\u00e1 en la zona del 3,7% mensual, perforando el piso del 4%.<\/p>\n<p>Sin embargo, la tendencia de desaceleraci\u00f3n de la inflaci\u00f3n se dar\u00e1 en un mes en el que el Gobierno nacional mantuvo el congelamiento de tarifas de servicios p\u00fablicos. No obstante, para los meses siguientes,\u00a0Caputo\u00a0retoma los aumentos en luz, gas y combustibles, mientras analiza nuevos incrementos en transportes, lo que volver\u00e1 a impactar en el\u00a0<strong>consumo<\/strong>.<\/p>\n<p>En ese marco, el funcionario libertario tambi\u00e9n sostuvo que la velocidad de la recuperaci\u00f3n econ\u00f3mica depender\u00e1 de la confianza de la gente y del sector privado en el programa econ\u00f3mico.<\/p>\n<p>La intenci\u00f3n oficial es apuntar todos los ca\u00f1ones a la baja de la inflaci\u00f3n y llegar lo m\u00e1s cerca del 0% mensual lo antes posible, algo que esperan lograr con la baja al 7.5% el impuesto PAIS para las importaciones. <strong>(VW)<\/strong><\/p>\n<p>&nbsp;<\/p>\n","protected":false},"excerpt":{"rendered":"<p>Hubo una ca\u00edda de 21% en el poder de compra de los argentinos, respecto a los niveles del a\u00f1o pasado. Desde las c\u00e1maras empresariales advierten que la recuperaci\u00f3n ser\u00e1 lenta.\u00a0<\/p>\n","protected":false},"author":4,"featured_media":4406,"comment_status":"closed","ping_status":"closed","sticky":false,"template":"","format":"standard","meta":{"_monsterinsights_skip_tracking":false,"_monsterinsights_sitenote_active":false,"_monsterinsights_sitenote_note":"","_monsterinsights_sitenote_category":0,"footnotes":""},"categories":[6,4],"tags":[1748,6347,1747],"class_list":["post-15353","post","type-post","status-publish","format-standard","has-post-thumbnail","hentry","category-economia","category-politica","tag-cac","tag-caida-del-consumo","tag-camara-de-comercio"],"_links":{"self":[{"href":"https:\/\/www.visionweb.com.ar\/index.php?rest_route=\/wp\/v2\/posts\/15353","targetHints":{"allow":["GET"]}}],"collection":[{"href":"https:\/\/www.visionweb.com.ar\/index.php?rest_route=\/wp\/v2\/posts"}],"about":[{"href":"https:\/\/www.visionweb.com.ar\/index.php?rest_route=\/wp\/v2\/types\/post"}],"author":[{"embeddable":true,"href":"https:\/\/www.visionweb.com.ar\/index.php?rest_route=\/wp\/v2\/users\/4"}],"replies":[{"embeddable":true,"href":"https:\/\/www.visionweb.com.ar\/index.php?rest_route=%2Fwp%2Fv2%2Fcomments&post=15353"}],"version-history":[{"count":1,"href":"https:\/\/www.visionweb.com.ar\/index.php?rest_route=\/wp\/v2\/posts\/15353\/revisions"}],"predecessor-version":[{"id":15354,"href":"https:\/\/www.visionweb.com.ar\/index.php?rest_route=\/wp\/v2\/posts\/15353\/revisions\/15354"}],"wp:featuredmedia":[{"embeddable":true,"href":"https:\/\/www.visionweb.com.ar\/index.php?rest_route=\/wp\/v2\/media\/4406"}],"wp:attachment":[{"href":"https:\/\/www.visionweb.com.ar\/index.php?rest_route=%2Fwp%2Fv2%2Fmedia&parent=15353"}],"wp:term":[{"taxonomy":"category","embeddable":true,"href":"https:\/\/www.visionweb.com.ar\/index.php?rest_route=%2Fwp%2Fv2%2Fcategories&post=15353"},{"taxonomy":"post_tag","embeddable":true,"href":"https:\/\/www.visionweb.com.ar\/index.php?rest_route=%2Fwp%2Fv2%2Ftags&post=15353"}],"curies":[{"name":"wp","href":"https:\/\/api.w.org\/{rel}","templated":true}]}}