{"id":15348,"date":"2024-08-02T08:22:59","date_gmt":"2024-08-02T11:22:59","guid":{"rendered":"https:\/\/www.visionweb.com.ar\/?p=15348"},"modified":"2024-08-02T08:23:57","modified_gmt":"2024-08-02T11:23:57","slug":"provincia-convoco-a-estatales-y-docentes-a-paritarias","status":"publish","type":"post","link":"https:\/\/www.visionweb.com.ar\/?p=15348","title":{"rendered":"Provincia convoc\u00f3 a estatales y docentes a paritarias"},"content":{"rendered":"<p><em><strong>Los ministros Pablo L\u00f3pez (Econom\u00eda) y Walter Correa (Trabajo) hab\u00edan anticipado un llamado en las \u00faltimas horas.<\/strong><\/em><!--more--><\/p>\n<p><img loading=\"lazy\" decoding=\"async\" class=\"size-medium wp-image-13261 alignright\" src=\"https:\/\/www.visionweb.com.ar\/wp-content\/uploads\/2024\/01\/ATE-DOCENTES-300x200.png\" alt=\"\" width=\"300\" height=\"200\" srcset=\"https:\/\/www.visionweb.com.ar\/wp-content\/uploads\/2024\/01\/ATE-DOCENTES-300x200.png 300w, https:\/\/www.visionweb.com.ar\/wp-content\/uploads\/2024\/01\/ATE-DOCENTES-1024x683.png 1024w, https:\/\/www.visionweb.com.ar\/wp-content\/uploads\/2024\/01\/ATE-DOCENTES-768x512.png 768w, https:\/\/www.visionweb.com.ar\/wp-content\/uploads\/2024\/01\/ATE-DOCENTES.png 1068w\" sizes=\"auto, (max-width: 300px) 100vw, 300px\" \/>El gobierno bonaerense convoc\u00f3 a paritarias a los sindicatos estatales que representan a los trabajadores de la ley 10.430 y a los gremios docentes para el pr\u00f3ximo jueves, con el objetivo de negociar nuevos aumentos.<\/p>\n<p>Tal como inform\u00f3 DIB, el Ejecutivo hab\u00eda prometido en las \u00faltimas horas una pronta convocatoria a los sindicatos en una\u00a0<a href=\"https:\/\/dib.com.ar\/2024\/08\/paritarias-provincia-recibio-a-los-gremios-y-la-semana-que-viene-habria-convocatorias\/\">reuni\u00f3n informal<\/a>\u00a0que mantuvieron los ministros Pablo L\u00f3pez (Econom\u00eda) y Walter Correa (Trabajo) con los secretarios generales de las organizaciones de trabajadores de distintos \u00e1mbitos estatales. Asimismo,<a href=\"https:\/\/dib.com.ar\/2024\/08\/tras-la-promesa-de-reapertura-un-gremio-estatal-presiona-para-que-se-concrete-la-convocatoria\/\">\u00a0UPCN hab\u00eda elevado una nota<\/a> este jueves para que se concreten los llamados.<\/p>\n<p>Finalmente, la Provincia llam\u00f3 a paritarias a los docentes y a los estatales de la ley 10.430 para el pr\u00f3ximo jueves en la sede de calle 7 (La Plata) del Ministerio de Trabajo bonaerense. Los encuentros se llevar\u00e1n adelante desde la 10.30 horas y desde las 12.30 horas respectivamente.<\/p>\n<p>La provincia viene trabajando con los gremios reajustes salariales mensuales. En julio acord\u00f3 con los sindicatos aumentos del 6,5% sobre la base junio. (<strong>VW\/DIB)<\/strong><\/p>\n","protected":false},"excerpt":{"rendered":"<p>Los ministros Pablo L\u00f3pez (Econom\u00eda) y Walter Correa (Trabajo) hab\u00edan anticipado un llamado en las \u00faltimas horas.<\/p>\n","protected":false},"author":3,"featured_media":13261,"comment_status":"closed","ping_status":"closed","sticky":false,"template":"","format":"standard","meta":{"_monsterinsights_skip_tracking":false,"_monsterinsights_sitenote_active":false,"_monsterinsights_sitenote_note":"","_monsterinsights_sitenote_category":0,"footnotes":""},"categories":[1822],"tags":[511,410,6482,158],"class_list":["post-15348","post","type-post","status-publish","format-standard","has-post-thumbnail","hentry","category-internacionales","tag-bonaerense","tag-docentes","tag-estataless","tag-paritarias"],"_links":{"self":[{"href":"https:\/\/www.visionweb.com.ar\/index.php?rest_route=\/wp\/v2\/posts\/15348","targetHints":{"allow":["GET"]}}],"collection":[{"href":"https:\/\/www.visionweb.com.ar\/index.php?rest_route=\/wp\/v2\/posts"}],"about":[{"href":"https:\/\/www.visionweb.com.ar\/index.php?rest_route=\/wp\/v2\/types\/post"}],"author":[{"embeddable":true,"href":"https:\/\/www.visionweb.com.ar\/index.php?rest_route=\/wp\/v2\/users\/3"}],"replies":[{"embeddable":true,"href":"https:\/\/www.visionweb.com.ar\/index.php?rest_route=%2Fwp%2Fv2%2Fcomments&post=15348"}],"version-history":[{"count":2,"href":"https:\/\/www.visionweb.com.ar\/index.php?rest_route=\/wp\/v2\/posts\/15348\/revisions"}],"predecessor-version":[{"id":15350,"href":"https:\/\/www.visionweb.com.ar\/index.php?rest_route=\/wp\/v2\/posts\/15348\/revisions\/15350"}],"wp:featuredmedia":[{"embeddable":true,"href":"https:\/\/www.visionweb.com.ar\/index.php?rest_route=\/wp\/v2\/media\/13261"}],"wp:attachment":[{"href":"https:\/\/www.visionweb.com.ar\/index.php?rest_route=%2Fwp%2Fv2%2Fmedia&parent=15348"}],"wp:term":[{"taxonomy":"category","embeddable":true,"href":"https:\/\/www.visionweb.com.ar\/index.php?rest_route=%2Fwp%2Fv2%2Fcategories&post=15348"},{"taxonomy":"post_tag","embeddable":true,"href":"https:\/\/www.visionweb.com.ar\/index.php?rest_route=%2Fwp%2Fv2%2Ftags&post=15348"}],"curies":[{"name":"wp","href":"https:\/\/api.w.org\/{rel}","templated":true}]}}