{"id":15329,"date":"2024-07-31T13:19:33","date_gmt":"2024-07-31T16:19:33","guid":{"rendered":"https:\/\/www.visionweb.com.ar\/?p=15329"},"modified":"2024-07-31T13:19:33","modified_gmt":"2024-07-31T16:19:33","slug":"ate-prepara-un-nuevo-paro-nacional-para-el-7-de-agosto","status":"publish","type":"post","link":"https:\/\/www.visionweb.com.ar\/?p=15329","title":{"rendered":"ATE prepara un nuevo paro nacional para el 7 de agosto"},"content":{"rendered":"<p><strong><em>ATE afirm\u00f3 que el pr\u00f3ximo el 7 de agosto llevar\u00e1n a cabo una medida de fuerza \u201cmultisectorial\u201d, que se combinar\u00e1 con la marcha del 7 de agosto.<\/em><\/strong><!--more--><\/p>\n<p><strong>\u00a0 <img loading=\"lazy\" decoding=\"async\" class=\"size-medium wp-image-13000 alignright\" src=\"https:\/\/www.visionweb.com.ar\/wp-content\/uploads\/2023\/12\/ate-rodolfo-aguiar-300x211.png\" alt=\"\" width=\"300\" height=\"211\" srcset=\"https:\/\/www.visionweb.com.ar\/wp-content\/uploads\/2023\/12\/ate-rodolfo-aguiar-300x211.png 300w, https:\/\/www.visionweb.com.ar\/wp-content\/uploads\/2023\/12\/ate-rodolfo-aguiar.png 476w\" sizes=\"auto, (max-width: 300px) 100vw, 300px\" \/>\u00a0 E<\/strong>l secretario general de la <strong>Asociaci\u00f3n de Trabajadores del Estado<\/strong> (ATE), <strong>Rodolfo Aguiar<\/strong> sostuvo que la organizaci\u00f3n que comanda \u201cya se encamina a anunciar un <strong>paro nacional\u201d para el pr\u00f3ximo 7 de agosto<\/strong>, \u201cuna fecha elocuente, ya que es <strong>San Cayetano, el patrono del pan y del trabajo<\/strong>\u201d.<\/p>\n<p>En una entrevista radial, el dirigente asever\u00f3 ayer que, seg\u00fan los \u00edndices actuales, \u201chay 27 millones de personas en la pobreza y otros 27 en la indigencia\u201d, porque <strong>\u201cla Ley Bases y el DNU recrudecieron la crisis econ\u00f3mica\u201d<\/strong>, inform\u00f3 DIB.<\/p>\n<p>\u201cEl Gobierno est\u00e1 fracasando bajo sus propias premisas. El cierre de organismos p\u00fablicos no es s\u00f3lo un ataque a los estatales, sino a toda la sociedad. La gente empieza a tomar conciencia de que los ataques no son a la casta; acumulan altos sueldos en el Estado\u201d, sostuvo.<\/p>\n<p>Con respecto a la movilizaci\u00f3n, que ser\u00e1 <strong>multisectorial<\/strong>, dar\u00e1 inicio a \u201cuna segunda etapa de resistencia frente al gobierno del presidente Javier Milei\u201d y servir\u00e1 \u201cpara unir a las y los trabajadores organizados de la econom\u00eda popular\u201d.<\/p>\n<p>\u201cTenemos que salir a defender nuestros derechos. Este atropello que estamos sufriendo, solo significa m\u00e1s desempleo, sin seguridad social ni dignidad. <strong>La reforma que pretende Milei es un ataque a los derechos humanos y a la seguridad social\u201d<\/strong>.<\/p>\n<p>Asimismo, remarc\u00f3 que desde el Gobierno \u201cbuscan beneficiar a los empresarios y corporaciones\u201d y la Confederaci\u00f3n General del Trabajo (CGT) \u201cya se convenci\u00f3 y estar\u00e1 presente\u201d en la movilizaci\u00f3n.<\/p>\n<p>\u201cTienen la Ley Bases y el DNU, sin embargo, nuestras condiciones de vida empeoran todos los d\u00edas. Cada provincia hace lo que est\u00e1 a su alcance para darle bienestar a su pueblo. Adem\u00e1s, pretenden legalizar el espionaje; la democracia, por estas horas, se pulveriza a su m\u00e1xima expresi\u00f3n en el pa\u00eds\u201d, concluy\u00f3. <strong>(VW)<\/strong><\/p>\n<p>&nbsp;<\/p>\n","protected":false},"excerpt":{"rendered":"<p>ATE afirm\u00f3 que el pr\u00f3ximo el 7 de agosto llevar\u00e1n a cabo una medida de fuerza \u201cmultisectorial\u201d, que se combinar\u00e1 con la marcha del 7 de agosto.<\/p>\n","protected":false},"author":4,"featured_media":13000,"comment_status":"closed","ping_status":"closed","sticky":false,"template":"","format":"standard","meta":{"_monsterinsights_skip_tracking":false,"_monsterinsights_sitenote_active":false,"_monsterinsights_sitenote_note":"","_monsterinsights_sitenote_category":0,"footnotes":""},"categories":[4],"tags":[2719,6472,5396],"class_list":["post-15329","post","type-post","status-publish","format-standard","has-post-thumbnail","hentry","category-politica","tag-ate","tag-paro-para-7-de-agosto","tag-rodolfo-aguiar"],"_links":{"self":[{"href":"https:\/\/www.visionweb.com.ar\/index.php?rest_route=\/wp\/v2\/posts\/15329","targetHints":{"allow":["GET"]}}],"collection":[{"href":"https:\/\/www.visionweb.com.ar\/index.php?rest_route=\/wp\/v2\/posts"}],"about":[{"href":"https:\/\/www.visionweb.com.ar\/index.php?rest_route=\/wp\/v2\/types\/post"}],"author":[{"embeddable":true,"href":"https:\/\/www.visionweb.com.ar\/index.php?rest_route=\/wp\/v2\/users\/4"}],"replies":[{"embeddable":true,"href":"https:\/\/www.visionweb.com.ar\/index.php?rest_route=%2Fwp%2Fv2%2Fcomments&post=15329"}],"version-history":[{"count":1,"href":"https:\/\/www.visionweb.com.ar\/index.php?rest_route=\/wp\/v2\/posts\/15329\/revisions"}],"predecessor-version":[{"id":15330,"href":"https:\/\/www.visionweb.com.ar\/index.php?rest_route=\/wp\/v2\/posts\/15329\/revisions\/15330"}],"wp:featuredmedia":[{"embeddable":true,"href":"https:\/\/www.visionweb.com.ar\/index.php?rest_route=\/wp\/v2\/media\/13000"}],"wp:attachment":[{"href":"https:\/\/www.visionweb.com.ar\/index.php?rest_route=%2Fwp%2Fv2%2Fmedia&parent=15329"}],"wp:term":[{"taxonomy":"category","embeddable":true,"href":"https:\/\/www.visionweb.com.ar\/index.php?rest_route=%2Fwp%2Fv2%2Fcategories&post=15329"},{"taxonomy":"post_tag","embeddable":true,"href":"https:\/\/www.visionweb.com.ar\/index.php?rest_route=%2Fwp%2Fv2%2Ftags&post=15329"}],"curies":[{"name":"wp","href":"https:\/\/api.w.org\/{rel}","templated":true}]}}