{"id":15298,"date":"2024-07-29T09:46:19","date_gmt":"2024-07-29T12:46:19","guid":{"rendered":"https:\/\/www.visionweb.com.ar\/?p=15298"},"modified":"2024-07-29T09:46:19","modified_gmt":"2024-07-29T12:46:19","slug":"vouchers-educativos-el-gobierno-nacional-extendio-el-programa-hasta-fin-de-ano","status":"publish","type":"post","link":"https:\/\/www.visionweb.com.ar\/?p=15298","title":{"rendered":"Vouchers educativos: El Gobierno nacional extendi\u00f3 el programa hasta fin de a\u00f1o"},"content":{"rendered":"<p><em><strong>Fue creado para asistir a las familias en el pago de las cuotas de las escuelas privadas.<\/strong><\/em><!--more--><\/p>\n<p><img loading=\"lazy\" decoding=\"async\" class=\"size-medium wp-image-11781 alignright\" src=\"https:\/\/www.visionweb.com.ar\/wp-content\/uploads\/2023\/09\/a-coleg-300x123.png\" alt=\"\" width=\"300\" height=\"123\" srcset=\"https:\/\/www.visionweb.com.ar\/wp-content\/uploads\/2023\/09\/a-coleg-300x123.png 300w, https:\/\/www.visionweb.com.ar\/wp-content\/uploads\/2023\/09\/a-coleg.png 568w\" sizes=\"auto, (max-width: 300px) 100vw, 300px\" \/>\u00a0 <strong>E<\/strong>l Gobierno nacional anunci\u00f3 este lunes la pr\u00f3rroga del programa <strong>\u201cVouchers Educativos\u201d,<\/strong> que ahora llegar\u00e1 hasta diciembre, y que consta de un subsidio para escolaridad privada <strong>de hasta 27.198 pesos.<\/strong><\/p>\n<p>A trav\u00e9s de la<strong> Resoluci\u00f3n 488\/2024 <\/strong>se instala la norma, que fue publicada hoy en el Bolet\u00edn Oficial con la firma del Secretario de Educaci\u00f3n,<strong> Carlos Torrendel, <\/strong>que regir\u00e1 hasta diciembre de este a\u00f1o con el objetivo de \u201cfortalecer el acompa\u00f1amiento a las familias\u201d que acceden mensualmente al beneficio.<\/p>\n<p>Seg\u00fan el Gobierno, durante julio el programa asisti\u00f3 a 833.211 estudiantes del nivel inicial, primario y secundario, y la Secretar\u00eda de Educaci\u00f3n, dependiente del Ministerio de Capital Humano que conduce Sandra Pettovello, consider\u00f3 necesario extender la cobertura hasta fin de a\u00f1o.<\/p>\n<p>\u201cProrrogar el per\u00edodo de cobertura del Programa de asistencia \u2018Vouchers educativos\u2019 establecido en la resoluci\u00f3n de la secretar\u00eda de educaci\u00f3n n\u00b0 90\/24 hasta el mes de diciembre de 2024 para todos aquellos que hayan resultado adjudicatarios del programa\u201d, precisa el art\u00edculo N\u00b0 1 de la Resoluci\u00f3n publicada en el Bolet\u00edn Oficial.<\/p>\n<p>Asimismo, el \u00e1rea encabezada por el secretario Carlos Horacio Torrendell decidi\u00f3 modificar el Art\u00edculo 17 del Anexo I del reglamento general del programa \u201cVouchers Educativos\u201d, a partir del cual qued\u00f3 estipulado que la liquidaci\u00f3n de la prestaci\u00f3n y su pago \u201cestar\u00e1 a cargo de la Administraci\u00f3n Nacional de la Seguridad Social (Anses)\u201d.<\/p>\n<p>En marzo pasado, el Ministerio de Capital Humano lanz\u00f3 el programa de asistencia \u201cVouchers Educativos\u201d que consisten en una prestaci\u00f3n temporaria para las familias cuyos hijos de hasta 18 a\u00f1os asisten a instituciones educativas de gesti\u00f3n privada con al menos 75% de aporte estatal y cuyo ingreso familiar no supere los siete salarios m\u00ednimos, vitales y m\u00f3viles ($1.419.600).<\/p>\n<p>Es decir, la ayuda consta de una asistencia destinada a las familias de clase media con el objetivo de colaborar con aquellos a los que se les dificulte pagar la cuota de una escuela privada. <strong>(VW)<\/strong><\/p>\n<p>&nbsp;<\/p>\n","protected":false},"excerpt":{"rendered":"<p>Fue creado para asistir a las familias en el pago de las cuotas de las escuelas privadas.<\/p>\n","protected":false},"author":4,"featured_media":11781,"comment_status":"closed","ping_status":"closed","sticky":false,"template":"","format":"standard","meta":{"_monsterinsights_skip_tracking":false,"_monsterinsights_sitenote_active":false,"_monsterinsights_sitenote_note":"","_monsterinsights_sitenote_category":0,"footnotes":""},"categories":[4,5],"tags":[5853,6451,6452],"class_list":["post-15298","post","type-post","status-publish","format-standard","has-post-thumbnail","hentry","category-politica","category-sociedad","tag-vouchers-educativos","tag-prorroga-hasta-diciembre","tag-torrendel"],"_links":{"self":[{"href":"https:\/\/www.visionweb.com.ar\/index.php?rest_route=\/wp\/v2\/posts\/15298","targetHints":{"allow":["GET"]}}],"collection":[{"href":"https:\/\/www.visionweb.com.ar\/index.php?rest_route=\/wp\/v2\/posts"}],"about":[{"href":"https:\/\/www.visionweb.com.ar\/index.php?rest_route=\/wp\/v2\/types\/post"}],"author":[{"embeddable":true,"href":"https:\/\/www.visionweb.com.ar\/index.php?rest_route=\/wp\/v2\/users\/4"}],"replies":[{"embeddable":true,"href":"https:\/\/www.visionweb.com.ar\/index.php?rest_route=%2Fwp%2Fv2%2Fcomments&post=15298"}],"version-history":[{"count":1,"href":"https:\/\/www.visionweb.com.ar\/index.php?rest_route=\/wp\/v2\/posts\/15298\/revisions"}],"predecessor-version":[{"id":15299,"href":"https:\/\/www.visionweb.com.ar\/index.php?rest_route=\/wp\/v2\/posts\/15298\/revisions\/15299"}],"wp:featuredmedia":[{"embeddable":true,"href":"https:\/\/www.visionweb.com.ar\/index.php?rest_route=\/wp\/v2\/media\/11781"}],"wp:attachment":[{"href":"https:\/\/www.visionweb.com.ar\/index.php?rest_route=%2Fwp%2Fv2%2Fmedia&parent=15298"}],"wp:term":[{"taxonomy":"category","embeddable":true,"href":"https:\/\/www.visionweb.com.ar\/index.php?rest_route=%2Fwp%2Fv2%2Fcategories&post=15298"},{"taxonomy":"post_tag","embeddable":true,"href":"https:\/\/www.visionweb.com.ar\/index.php?rest_route=%2Fwp%2Fv2%2Ftags&post=15298"}],"curies":[{"name":"wp","href":"https:\/\/api.w.org\/{rel}","templated":true}]}}