{"id":15294,"date":"2024-07-29T08:19:47","date_gmt":"2024-07-29T11:19:47","guid":{"rendered":"https:\/\/www.visionweb.com.ar\/?p=15294"},"modified":"2024-07-29T08:19:47","modified_gmt":"2024-07-29T11:19:47","slug":"los-precios-de-los-alimentos-registraron-una-suba-del-39-en-julio","status":"publish","type":"post","link":"https:\/\/www.visionweb.com.ar\/?p=15294","title":{"rendered":"Los precios de los alimentos registraron una suba del 3,9% en julio"},"content":{"rendered":"<p><em><strong>Las verduras y el pan fueron los productos que m\u00e1s subieron en julio, al cerrar en 6,7% y 5,2%, respectivamente.<\/strong><\/em><!--more--><\/p>\n<p><img loading=\"lazy\" decoding=\"async\" class=\"size-full wp-image-5499 alignright\" src=\"https:\/\/www.visionweb.com.ar\/wp-content\/uploads\/2022\/05\/furtas-y-verduras.bmp\" alt=\"\" width=\"562\" height=\"338\" \/>Los precios de los alimentos registraron una suba del 0,2% durante la cuarta semana de julio, por lo que\u00a0<strong>el valor de la canasta de productos b\u00e1sicos se increment\u00f3 3,9% en el s\u00e9ptimo mes del a\u00f1o,<\/strong>\u00a0de acuerdo al relevamiento semanal de la consultora LCG.<\/p>\n<p>El Instituto Nacional de Estad\u00edsticas y Censos (INDEC) publicar\u00e1 el \u00edndice de precios al consumidor de julio (IPC)\u00a0<strong>este el mi\u00e9rcoles 14 de agosto.\u00a0<\/strong><\/p>\n<p>De acuerdo a las proyecciones de los privados, el s\u00e9ptimo mes se ubicar\u00e1 con una variaci\u00f3n mensual en torno al 4%.<\/p>\n<p>En junio, los precios subieron 4,6% y acumul\u00f3 271,5% en los \u00faltimos 12 meses. La variaci\u00f3n mensual en los alimentos fue del 3% en el sexto mes del a\u00f1o. Seg\u00fan precis\u00f3 el sondeo de LCG, los alimentos<strong>\u00a0registraron una inflaci\u00f3n promedio del 3,9% en las \u00faltimas cuatro semanas.<\/strong>\u00a0Medido de punta a punta, los productos de la canasta b\u00e1sica subieron 3,1%.<\/p>\n<p>Asimismo, el informe indic\u00f3 que las carnes, los l\u00e1cteos y panificados explicaron el 64% de la variaci\u00f3n de precios mensual y tres de las diez categor\u00edas relevadas se ubicaron por encima del promedio.\u00a0<strong>Las verduras y el pan fueron los productos que m\u00e1s subieron en julio, al cerrar en 6,7% y 5,2%, respectivamente.<\/strong><\/p>\n<p>La n\u00f3mina de aumentos de acuerdo a los principales productos que toma el informe de la consultora qued\u00f3 de la siguiente manera: verduras 6,7%; pan, cereales y pastas, 5,2%; l\u00e1cteos y huevos 4,1%; condimentos y otros productos alimenticios 3,7%; bebidas e infusiones 3,5%; carnes 3,5%; comidas listas para llevar 2,6%; aceites 1,4%; frutas 1%; az\u00facar 0,1%.<strong>(VW)<\/strong><\/p>\n<p>&nbsp;<\/p>\n","protected":false},"excerpt":{"rendered":"<p>Las verduras y el pan fueron los productos que m\u00e1s subieron en julio, al cerrar en 6,7% y 5,2%, respectivamente.<\/p>\n","protected":false},"author":3,"featured_media":5499,"comment_status":"closed","ping_status":"closed","sticky":false,"template":"","format":"standard","meta":{"_monsterinsights_skip_tracking":false,"_monsterinsights_sitenote_active":false,"_monsterinsights_sitenote_note":"","_monsterinsights_sitenote_category":0,"footnotes":""},"categories":[8],"tags":[141,1005,4552,509,4223],"class_list":["post-15294","post","type-post","status-publish","format-standard","has-post-thumbnail","hentry","category-interes-general","tag-aumentos","tag-frutas","tag-julio","tag-pan","tag-verduras"],"_links":{"self":[{"href":"https:\/\/www.visionweb.com.ar\/index.php?rest_route=\/wp\/v2\/posts\/15294","targetHints":{"allow":["GET"]}}],"collection":[{"href":"https:\/\/www.visionweb.com.ar\/index.php?rest_route=\/wp\/v2\/posts"}],"about":[{"href":"https:\/\/www.visionweb.com.ar\/index.php?rest_route=\/wp\/v2\/types\/post"}],"author":[{"embeddable":true,"href":"https:\/\/www.visionweb.com.ar\/index.php?rest_route=\/wp\/v2\/users\/3"}],"replies":[{"embeddable":true,"href":"https:\/\/www.visionweb.com.ar\/index.php?rest_route=%2Fwp%2Fv2%2Fcomments&post=15294"}],"version-history":[{"count":1,"href":"https:\/\/www.visionweb.com.ar\/index.php?rest_route=\/wp\/v2\/posts\/15294\/revisions"}],"predecessor-version":[{"id":15295,"href":"https:\/\/www.visionweb.com.ar\/index.php?rest_route=\/wp\/v2\/posts\/15294\/revisions\/15295"}],"wp:featuredmedia":[{"embeddable":true,"href":"https:\/\/www.visionweb.com.ar\/index.php?rest_route=\/wp\/v2\/media\/5499"}],"wp:attachment":[{"href":"https:\/\/www.visionweb.com.ar\/index.php?rest_route=%2Fwp%2Fv2%2Fmedia&parent=15294"}],"wp:term":[{"taxonomy":"category","embeddable":true,"href":"https:\/\/www.visionweb.com.ar\/index.php?rest_route=%2Fwp%2Fv2%2Fcategories&post=15294"},{"taxonomy":"post_tag","embeddable":true,"href":"https:\/\/www.visionweb.com.ar\/index.php?rest_route=%2Fwp%2Fv2%2Ftags&post=15294"}],"curies":[{"name":"wp","href":"https:\/\/api.w.org\/{rel}","templated":true}]}}