{"id":15289,"date":"2024-07-28T15:15:41","date_gmt":"2024-07-28T18:15:41","guid":{"rendered":"https:\/\/www.visionweb.com.ar\/?p=15289"},"modified":"2024-07-28T15:17:48","modified_gmt":"2024-07-28T18:17:48","slug":"el-presidente-milei-prometio-eliminar-las-retenciones-y-levantar-el-cepo","status":"publish","type":"post","link":"https:\/\/www.visionweb.com.ar\/?p=15289","title":{"rendered":"El presidente Milei prometi\u00f3 eliminar las retenciones y levantar el cepo"},"content":{"rendered":"<p><em><b>Lo hizo durante el discurso inaugural de la 136 Expo Rural 2024. Pino dijo que la gente del campo \u201cTiene paciencia con el nuevo gobierno\u201d<\/b><\/em><!--more--><\/p>\n<p><img loading=\"lazy\" decoding=\"async\" class=\"size-medium wp-image-15290 alignright\" src=\"https:\/\/www.visionweb.com.ar\/wp-content\/uploads\/2024\/07\/PRESIDENTE-MILEI-EN-LA-INAUGURACION-DE-LA-RURAL-300x200.png\" alt=\"\" width=\"300\" height=\"200\" srcset=\"https:\/\/www.visionweb.com.ar\/wp-content\/uploads\/2024\/07\/PRESIDENTE-MILEI-EN-LA-INAUGURACION-DE-LA-RURAL-300x200.png 300w, https:\/\/www.visionweb.com.ar\/wp-content\/uploads\/2024\/07\/PRESIDENTE-MILEI-EN-LA-INAUGURACION-DE-LA-RURAL.png 640w\" sizes=\"auto, (max-width: 300px) 100vw, 300px\" \/>Con las cuatro tribunas que rodean a la pista central del predio ferial de la Rural, colmadas de p\u00fablico, el presidente Javier Milei\u00a0 anuncio este medio d\u00eda la eliminaci\u00f3n de las retenciones y la suspensi\u00f3n del cepo cambiario \u201cuna vez que se logre el equilibrio fiscal\u201d.<\/p>\n<p>El mandatario nacional llego a la pista central de la Rural, pasada las 11 e\u00a0 la ma\u00f1ana,\u00a0 a bordo de la camioneta presidencial, acompa\u00f1ado por la fanfarria alto Per\u00fa del Cuerpo de Granaderos a caballo, y ubicado frente al palco oficial fue recibido por el jefe de Gobierno de la Ciudad, Jorge Macri y el presidente de la Sociedad Rural Argentina\u00a0 (SRA), Nicol\u00e1s Pino, en medio de un cerrado aplauso del publico que agitaba banderas celestes y blancas.<\/p>\n<p>En tanto un grupo de j\u00f3venes de las Sociedad Rural Argentina, desplegaba en el medio l de la pista central una enorme bandera con el logo de la SRA y la frase \u201cAc\u00e1 est\u00e1 el campo\u201d , y en el frotispicio del palco oficial la otra ya tradicional frase \u201cCultivar el suelo es servir a la patria 2024\u201d.<\/p>\n<p>El presidente MIlei luego de elogiar a los productores dijo que\u00a0 \u201c<strong>Queremos volver al pa\u00eds de la Generaci\u00f3n del 80<\/strong>, el pa\u00eds m\u00e1s libre del mundo, donde el campo recupere su lugar en la sociedad argentina\u201d, afirm\u00f3 en su discurso. \u201cSolo hay dos caminos, el de la libertad o el de la miseria del Estado presente. No hay otra alternativa, solo hay dos modelos de pa\u00eds, dos visiones para el campo\u201d.<\/p>\n<p>Este domingo, Milei record\u00f3 que hab\u00eda dicho \u201cque la suba del Impuesto Pa\u00eds era absolutamente transitoria\u201d y anunci\u00f3, en ese sentido, que \u201cen el mes de septiembre vamos a bajarlo al 7,5% y lo vamos a estar eliminando en el mes de diciembre\u201d.<\/p>\n<p>En otro tramo de su discurso, el Presidente llam\u00f3 a los productores \u201ch\u00e9roes\u201d, y elogi\u00f3\u00a0 a la generaci\u00f3n del 80 por permitir el desarrollo del campo y dijo que fue la\u00a0<strong>\u201cera dorada\u201d<\/strong>\u00a0del pa\u00eds.<\/p>\n<p>Cuestion\u00f3 asimismo, que los pol\u00edticos\u00a0 llenaron de impuestos al campo para favorecer a la industria, pero que nunca lograron competir con el exterior, y dejaron al pa\u00eds en la pobreza.<\/p>\n<p>En la comparaci\u00f3n entre el campo y la industria, el mandatario nacional afirmo que\u00a0 \u201c<strong>No hay contradicci\u00f3n entre el campo y la industria<\/strong>, el sector ya lo demostr\u00f3. El per\u00edodo de m\u00e1s desarrollo industrial fue durante la expansi\u00f3n agr\u00edcola y no durante la fracasada sustituci\u00f3n de importaciones\u201d.<\/p>\n<p>Luego de recordar que el campo aporto a la naci\u00f3n m\u00e1s de 200 mil millones de d\u00f3lares, solo en retenciones en las \u00faltimas dos d\u00e9cadas, hizo una encendida defensa del sector agropecuario y,asegur\u00f3 que \u201ces un hecho que el proceso de declive econ\u00f3mico nacional comenz\u00f3 cuando los pol\u00edticos le dieron la espalda al sector agropecuario\u201d.<\/p>\n<p>El Presidente tambi\u00e9n hizo una defensa del librecomercio y afirm\u00f3 que su gesti\u00f3n viene \u201ca liberar al sector privado y a sacarle de encima la bota asfixiante del Estado a los productores\u201d.<\/p>\n<p>Afirm\u00f3, asimismo, que su objetivo es sacar impuestos al campo y sacar tambi\u00e9n el cepo, pero que eso demandar\u00e1 m\u00e1s tiempo.<\/p>\n<p>Este Gobierno, record\u00f3 en ese marco, \u201cha hecho una reducci\u00f3n del 30% en t\u00e9rminos reales del tama\u00f1o del sector p\u00fablico\u201d.<\/p>\n<p>Milei record\u00f3 que hab\u00eda dicho \u201cque la suba del Impuesto Pa\u00eds era absolutamente transitoria\u201d y anunci\u00f3, en<strong>\u00a0ese sentido, que \u201cen el mes de septiembre vamos a bajarlo al 7,5% y lo vamos a estar eliminando en el mes de diciembre\u201d.\u00a0<\/strong><\/p>\n<p><strong>Medidas<\/strong><\/p>\n<p>El Presidente Milei adelant\u00f3 algunas de las medidas que se tomar\u00e1n para beneficiar al campo y al respecto agreg\u00f3:\u00a0 \u201cVamos a avanzar en la eliminaci\u00f3n del 25% de las dex (Derechos de Exportaci\u00f3n), a la prote\u00edna animal que afecta de manera transversal al sector. Vamos a desburocratizar el comercio de granos eliminando la necesidad de reinscribirse. Vamos a extender de forma indefinida la eliminaci\u00f3n de las dex al sector l\u00e1cteo. Adem\u00e1s, planeamos avanzar en un r\u00e9gimen de amortizaci\u00f3n acelerada para los bienes de capital del sector agro\u201d, puntualiz\u00f3.<\/p>\n<p class=\"\">Agreg\u00f3: \u201cVamos a modificar el manejo contable del ganado,\u00a0<strong>de modo tal que se pague ganancias sobre la venta y no sobre el engorde.<\/strong>\u00a0Vamos a implementar\u00a0<strong>un r\u00e9gimen de riego con beneficios para zonas marginales. Vamos a avanzar tambi\u00e9n en un r\u00e9gimen de amortizaci\u00f3n de los toros con valor gen\u00e9tico de manera de incentivar la inversi\u00f3n e innovaci\u00f3n.<\/strong>\u00a0Y sobre todo, estamos cumpliendo el objetivo m\u00e1s importante de todos, que es terminar con la inflaci\u00f3n y sanear el balance del Banco Central para as\u00ed terminar con el cepo y la impredecibilidad cambiaria\u201d, enumer\u00f3.<\/p>\n<p><strong>Rol de los productores<\/strong><\/p>\n<p><img loading=\"lazy\" decoding=\"async\" class=\"size-medium wp-image-15291 alignleft\" src=\"https:\/\/www.visionweb.com.ar\/wp-content\/uploads\/2024\/07\/INAUGURACION-DE-LA-GANADERA-2024-300x200.jpeg\" alt=\"\" width=\"300\" height=\"200\" srcset=\"https:\/\/www.visionweb.com.ar\/wp-content\/uploads\/2024\/07\/INAUGURACION-DE-LA-GANADERA-2024-300x200.jpeg 300w, https:\/\/www.visionweb.com.ar\/wp-content\/uploads\/2024\/07\/INAUGURACION-DE-LA-GANADERA-2024.jpeg 640w\" sizes=\"auto, (max-width: 300px) 100vw, 300px\" \/>El presidente de la Sociedad Rural Argentina (sra), Nicol\u00e1s Pino, por su parte, luego de dar la bien venida al Presidente de la naci\u00f2n, Javier Milei y de escuchar el Himno Nacional, pronunci\u00f3\u00a0 el tradicional discurso de inauguraci\u00f3n y revindic\u00f3 el papel de los productores: \u201cEstamos como hemos estado siempre, dedicados al trabajo, la innovaci\u00f3n y la producci\u00f3n, cada uno desde su lugar. Tenemos todos un solo compromiso, y nuestro compromiso no se limita a un gobierno en particular. Estamos comprometidos con la Argentina. Porque somos el sector que genera, no s\u00f3lo alimentos, fibras y energ\u00eda, sino tambi\u00e9n arraigo en cada rinc\u00f3n de nuestra tierra, crecimiento y desarrollo de los argentinos en todos los paisajes y los climas\u201d<\/p>\n<p>El dirigente agropecuario destac\u00f3 algunos aspectos de la actual gesti\u00f3n del gobierno nacional al se\u00f1alar que\u00a0<em>\u201c<\/em>En efecto, las autoridades actuales han hecho una serie de movimientos positivos hacia pol\u00edticas de Estado fundamentales, junto con la \u00faltima actividad legislativa y los postulados del pacto de mayo: se han eliminado fideicomisos y restricciones a la importaci\u00f3n y a la exportaci\u00f3n, ha habido una apertura en el mercado, se han reducido aranceles, se ha prorrogado la quita de las retenciones al sector l\u00e1cteo, y se ha eliminado la sobretasa en los pr\u00e9stamos financieros a los tenedores de soja. Estamos atentos a ver si esos movimientos positivos contin\u00faan y se siguen concretando en otras medidas de gobierno\u201d<\/p>\n<p>Con respecto a las pol\u00edticas y a los pol\u00edticos Pino hizo un llamado a la unidad y al respecto agreg\u00f3 que \u201cLos problemas de nuestra patria son tan profundos y manifiestos, que no es importante si los servidores p\u00fablicos son libertarios o socialistas, peronistas o radicales\u201d.<\/p>\n<p>\u201cSe trata de poner el hombro para que el edificio no se derrumbe.\u00a0 Dentro de esas reglas de juego, la oposici\u00f3n est\u00e1 llamada a aportar, marcar y corregir lo que considere incompleto o err\u00f3neo en el accionar del oficialismo. Lo que no debe hacer es oponerse porque s\u00ed, es decir, simplemente para obstruir las iniciativas oficiales, porque, de ese modo, se coloca tambi\u00e9n en contra de los ciudadanos mismos que la han votado\u201d, advirti\u00f3 Pino.<\/p>\n<p>El Presidente de la Rural aludi\u00f3 tambi\u00e9n a los problemas y escoyos que persisten para el libre desempe\u00f1o de la actividad productiva y al respecto gir\u00f3 a su derecha y se dirigi\u00f3 al primer mandatario: \u201cSe\u00f1or Presidente, usted sabe muy bien cu\u00e1l es el problema fundamental del que estamos hablando. Los productores seguimos agobiados por los derechos de exportaci\u00f3n \u2014conocidos como las retenciones\u2014, que tratan en forma desigual al campo, en comparaci\u00f3n con los dem\u00e1s sectores econ\u00f3micos y productivos\u201d.<\/p>\n<p>\u201cLas retenciones son un impuesto distorsivo, discriminatorio y confiscatorio. Son un impuesto arcaico, aplicado intermitentemente en Argentina desde el siglo 19, que saquea a los productores. Si se eliminara, surgir\u00eda la respuesta inmediata del aumento en la producci\u00f3n, en el empleo, y, en definitiva, en la recaudaci\u00f3n de otros impuestos m\u00e1s equitativos\u201d, puntualiz\u00f3<\/p>\n<p>\u201cEn cambio, lo que producen las retenciones es el desaliento y la desaparici\u00f3n del productor agropecuario. Sr. Presidente: los productores necesitamos la certeza de que usted eliminar\u00e1 las retenciones. Si seguimos trabajando es porque confiamos en su palabra\u201d, insisti\u00f3 Pino.<\/p>\n<p>El principal referente de la SRA, se dirigi\u00f3 tambi\u00e9n a los gobiernos provinciales cuestionar las pol\u00edticas tributarias y al respecto precis\u00f3 \u201cEn este momento, la coparticipaci\u00f3n impositiva del Estado Nacional hacia las provincias ha quedado ajustada a lo que ordena la Constituci\u00f3n Nacional. Valoramos el objetivo de que el Gobierno Nacional no utilice m\u00e1s la coparticipaci\u00f3n como mecanismo pol\u00edtico de premios o castigos a las Provincias. Pero esto significa que los gobiernos provinciales ya no tienen la billetera del gobierno nacional para corregir problemas de su administraci\u00f3n; cada gobierno provincial debe, en adelante, hacerse cargo de facilitar y estimular la actividad econ\u00f3mica privada en su territorio, Se trata de funcionar aut\u00f3noma y eficientemente: un paradigma fundamental, hasta ahora en desuso\u201d.<\/p>\n<p>\u201cLos gobiernos provinciales tienen la obligaci\u00f3n de asumir su responsabilidad: generar por s\u00ed mismos marcos de desarrollo e inversiones. Ante el repliegue de la Naci\u00f3n, es cada Provincia la que debe ordenar sus cuentas p\u00fablicas, combatir la ineficiencia y la corrupci\u00f3n, utilizar la creatividad para conseguir inversiones, y bajar los impuestos para estimular la producci\u00f3n y el comercio\u201d, reforz\u00f3 Pino<strong>(NAP\/VW\/)<\/strong><\/p>\n<p>&nbsp;<\/p>\n","protected":false},"excerpt":{"rendered":"<p>Lo hizo durante el discurso inaugural de la 136 Expo Rural 2024. Pino dijo que la gente del campo \u201cTiene paciencia con el nuevo gobierno\u201d<\/p>\n","protected":false},"author":3,"featured_media":15290,"comment_status":"closed","ping_status":"closed","sticky":false,"template":"","format":"standard","meta":{"_monsterinsights_skip_tracking":false,"_monsterinsights_sitenote_active":false,"_monsterinsights_sitenote_note":"","_monsterinsights_sitenote_category":0,"footnotes":""},"categories":[4],"tags":[1605,1870,4530,2683,6450,183],"class_list":["post-15289","post","type-post","status-publish","format-standard","has-post-thumbnail","hentry","category-politica","tag-cepo","tag-inauguracion","tag-milei","tag-pino","tag-retenciones","tag-rural"],"_links":{"self":[{"href":"https:\/\/www.visionweb.com.ar\/index.php?rest_route=\/wp\/v2\/posts\/15289","targetHints":{"allow":["GET"]}}],"collection":[{"href":"https:\/\/www.visionweb.com.ar\/index.php?rest_route=\/wp\/v2\/posts"}],"about":[{"href":"https:\/\/www.visionweb.com.ar\/index.php?rest_route=\/wp\/v2\/types\/post"}],"author":[{"embeddable":true,"href":"https:\/\/www.visionweb.com.ar\/index.php?rest_route=\/wp\/v2\/users\/3"}],"replies":[{"embeddable":true,"href":"https:\/\/www.visionweb.com.ar\/index.php?rest_route=%2Fwp%2Fv2%2Fcomments&post=15289"}],"version-history":[{"count":1,"href":"https:\/\/www.visionweb.com.ar\/index.php?rest_route=\/wp\/v2\/posts\/15289\/revisions"}],"predecessor-version":[{"id":15292,"href":"https:\/\/www.visionweb.com.ar\/index.php?rest_route=\/wp\/v2\/posts\/15289\/revisions\/15292"}],"wp:featuredmedia":[{"embeddable":true,"href":"https:\/\/www.visionweb.com.ar\/index.php?rest_route=\/wp\/v2\/media\/15290"}],"wp:attachment":[{"href":"https:\/\/www.visionweb.com.ar\/index.php?rest_route=%2Fwp%2Fv2%2Fmedia&parent=15289"}],"wp:term":[{"taxonomy":"category","embeddable":true,"href":"https:\/\/www.visionweb.com.ar\/index.php?rest_route=%2Fwp%2Fv2%2Fcategories&post=15289"},{"taxonomy":"post_tag","embeddable":true,"href":"https:\/\/www.visionweb.com.ar\/index.php?rest_route=%2Fwp%2Fv2%2Ftags&post=15289"}],"curies":[{"name":"wp","href":"https:\/\/api.w.org\/{rel}","templated":true}]}}