{"id":15286,"date":"2024-07-26T09:40:20","date_gmt":"2024-07-26T12:40:20","guid":{"rendered":"https:\/\/www.visionweb.com.ar\/?p=15286"},"modified":"2024-07-26T09:40:20","modified_gmt":"2024-07-26T12:40:20","slug":"diputados-proyecto-del-gen-para-rechazar-el-dnu-que-le-otorga-100-mil-millones-a-inteligencia","status":"publish","type":"post","link":"https:\/\/www.visionweb.com.ar\/?p=15286","title":{"rendered":"Diputados: Proyecto del GEN para rechazar el DNU que le otorga 100 mil millones a inteligencia"},"content":{"rendered":"<p><em><strong>Stolbizer present\u00f3 un proyecto en rechazo a la ampliaci\u00f3n presupuestaria para inteligencia, y apunt\u00f3 contra Francos por \u00abgobernar por decreto\u00bb.<\/strong><\/em><!--more--><\/p>\n<p><strong> <img loading=\"lazy\" decoding=\"async\" class=\"size-medium wp-image-15287 alignright\" src=\"https:\/\/www.visionweb.com.ar\/wp-content\/uploads\/2024\/07\/margarita-Stolbizer-300x258.png\" alt=\"\" width=\"300\" height=\"258\" srcset=\"https:\/\/www.visionweb.com.ar\/wp-content\/uploads\/2024\/07\/margarita-Stolbizer-300x258.png 300w, https:\/\/www.visionweb.com.ar\/wp-content\/uploads\/2024\/07\/margarita-Stolbizer.png 486w\" sizes=\"auto, (max-width: 300px) 100vw, 300px\" \/>\u00a0\u00a0 E<\/strong>n Diputados se busca derogar el Decreto de Necesidad y Urgencia (DNU) del Gobierno que le otorga\u00a0<strong>$100 mil millones de pesos en fondos reservados a la nueva Secretar\u00eda de Inteligencia del Estado (SIDE), <\/strong>por lo cual <strong>Hacemos Coalici\u00f3n Federal <\/strong>present\u00f3 un proyecto, y <strong>Margarita Stolbizer<\/strong> apunt\u00f3 contra Guillermo Francos a la vez que cuestion\u00f3 fuertemente al Gobierno de Milei.<\/p>\n<p>\u00ab<strong>El Jefe de Gabinete debe asistir al Congreso una vez por mes a dar Informe, dice la Constituci\u00f3n. 8 meses de gobierno y en Diputados no aparece<\/strong>\u00ab, apunt\u00f3 la diputada y Presidenta del partido GEN.<\/p>\n<p>Desde fuentes parlamentarias descuentan que\u00a0<strong>el proyecto impulsado por Hacemos Coalici\u00f3n Federal contar\u00e1 con el respaldo del kirchnerismo,\u00a0<\/strong>que se anticip\u00f3 en cuestionar la medida.<\/p>\n<p>La diputada nacional de Hacemos Coalici\u00f3n Federal\u00a0<strong>Margarita Stolbizer anticip\u00f3 que presentar\u00e1 un proyecto de ley para dejar sin efecto el DNU 656<\/strong>, mediante el cual el Gobierno le asign\u00f3 una suma millonaria a la nueva repartici\u00f3n, que no contaba el presupuesto correspondiente para poder funcionar.<\/p>\n<p>Para la l\u00edder del partido GEN, integrante del bloque dialoguista Hacemos Coalici\u00f3n Federal que encabeza Miguel Pichetto, el DNU\u00a0<strong>\u201cno cumple con la obligaci\u00f3n de enviar al Congreso las reformas de presupuesto y asignaci\u00f3n de recursos\u201d.<\/strong><\/p>\n<p>Adem\u00e1s, apunt\u00f3: \u201cSe trata de fondos reservados, o sea gastar\u00e1n eso qui\u00e9n sabe qui\u00e9n y en qu\u00e9.\u00a0<strong>Nada bueno seguro y menos sin informaci\u00f3n ni control<\/strong>\u201d. Tambi\u00e9n calific\u00f3 la medida de \u201chip\u00f3crita\u201d porque \u201cfirman DNU 656\/24 que asigna 100 mil millones de pesos a la SIDE \/AFI o como se llame un \u00e1rea de inteligencia que lo menos que tiene es eso\u201d.<\/p>\n<p>A trav\u00e9s de una publicaci\u00f3n en su cuenta de la red social X, Stolbizer asegur\u00f3 que la decisi\u00f3n \u201centre otras cosas, es inmoral\u201d. \u201cLos\u00a0<strong>costos lo siguen pagando jubilados y trabajadores para que otros sigan de fiesta\u00a0<\/strong>con la plata del Estado\u201d, cuestion\u00f3, e insisti\u00f3 en que el Gobierno incurre en un \u201cdoble discurso\u201d y una \u201cdoble moral\u201d.<\/p>\n<p>\u201cNo cumplen normas constitucionales para asignar partidas y\u00a0<strong>se burlan de nosotros mientras alimentan castas y mafias<\/strong>. Voy a presentar proyecto para derogar o rechazar ese DNU. Pero tambi\u00e9n se necesita reacci\u00f3n social para frenar esta locura\u201d, sentenci\u00f3.<\/p>\n<p>El proyecto de Stolbizer lleva tambi\u00e9n las firmas de los diputados\u00a0<strong>M\u00f3nica Fein, Esteban Paul\u00f3n, Emilio Monz\u00f3, Alejandra Torres, Natalia de la Sota y Nicol\u00e1s Massot<\/strong>. Fein, exintendenta de Rosario, tambi\u00e9n habl\u00f3 del tema en X: \u201cEl Presidente contin\u00faa ignorando al Congreso, optando por la arbitrariedad y la ilegalidad. M<strong>ediante un vergonzoso DNU, destina recursos p\u00fablicos sin transparencia a un Sistema de Inteligencia que solo busca recuperar la triste historia de la SIDE<\/strong>\u201d.<\/p>\n<p>Las cr\u00edticas al gobierno por el decreto no llegan solo desde la oposici\u00f3n dialoguista, sino tambi\u00e9n desde el kirchnerismo.\u00a0<strong>Diputados y senadores de Uni\u00f3n por la Patria tambi\u00e9n rechazaron la decisi\u00f3n del Gobierno\u00a0<\/strong>de aumentar el presupuesto de la nueva SIDE.<\/p>\n<p>\u201cProteger a la Argentinos\u201d, dijo Manuel Adorni:<\/p>\n<p>El vocero presidencial Manuel Adorni asegur\u00f3 que desde el Gobierno apuntan a que \u201c<strong>la SIDE defienda a los argentinos\u201d.<\/strong>\u00a0\u201cEs prioridad profesionalizar a los organismos de inteligencia\u201d, afirm\u00f3 para justificar la suba del 778% del presupuesto para los gastos reservados de la SIDE.<\/p>\n<p>Y a\u00f1adi\u00f3: \u201cNo hay una sola prioridad, t<strong>enemos centenares de prioridades, los m\u00e1s vulnerables son prioridad, tambi\u00e9n la seguridad de los argentinos,<\/strong>\u00a0todas cuestiones prioritarias que hay que atender\u201d.<\/p>\n<p>\u201cLa justificaci\u00f3n es la que hay incluso con el resto de los gastos del Estado, que ata\u00f1e a muchas cosas, se deben abarcar muchos temas,\u00a0<strong>proteger a los argentinos es un tema de primer orden,<\/strong>\u00a0y efectivamente hay que profesionalizar la SIDE, proteger a los argentinos, con un buen funcionamiento del organismo\u201d, reiter\u00f3 el vocero. <strong>(VW)<\/strong><\/p>\n<p>&nbsp;<\/p>\n","protected":false},"excerpt":{"rendered":"<p>Stolbizer present\u00f3 un proyecto en rechazo a la ampliaci\u00f3n presupuestaria para inteligencia, y apunt\u00f3 contra Francos por \u00abgobernar por decreto\u00bb.<\/p>\n","protected":false},"author":4,"featured_media":15287,"comment_status":"closed","ping_status":"closed","sticky":false,"template":"","format":"standard","meta":{"_monsterinsights_skip_tracking":false,"_monsterinsights_sitenote_active":false,"_monsterinsights_sitenote_note":"","_monsterinsights_sitenote_category":0,"footnotes":""},"categories":[4],"tags":[6446,6449,6448,6447],"class_list":["post-15286","post","type-post","status-publish","format-standard","has-post-thumbnail","hentry","category-politica","tag-fondos-para-la-side","tag-margarita-stolbizer","tag-proyecto-para-derogar","tag-rechazo-del-gen"],"_links":{"self":[{"href":"https:\/\/www.visionweb.com.ar\/index.php?rest_route=\/wp\/v2\/posts\/15286","targetHints":{"allow":["GET"]}}],"collection":[{"href":"https:\/\/www.visionweb.com.ar\/index.php?rest_route=\/wp\/v2\/posts"}],"about":[{"href":"https:\/\/www.visionweb.com.ar\/index.php?rest_route=\/wp\/v2\/types\/post"}],"author":[{"embeddable":true,"href":"https:\/\/www.visionweb.com.ar\/index.php?rest_route=\/wp\/v2\/users\/4"}],"replies":[{"embeddable":true,"href":"https:\/\/www.visionweb.com.ar\/index.php?rest_route=%2Fwp%2Fv2%2Fcomments&post=15286"}],"version-history":[{"count":1,"href":"https:\/\/www.visionweb.com.ar\/index.php?rest_route=\/wp\/v2\/posts\/15286\/revisions"}],"predecessor-version":[{"id":15288,"href":"https:\/\/www.visionweb.com.ar\/index.php?rest_route=\/wp\/v2\/posts\/15286\/revisions\/15288"}],"wp:featuredmedia":[{"embeddable":true,"href":"https:\/\/www.visionweb.com.ar\/index.php?rest_route=\/wp\/v2\/media\/15287"}],"wp:attachment":[{"href":"https:\/\/www.visionweb.com.ar\/index.php?rest_route=%2Fwp%2Fv2%2Fmedia&parent=15286"}],"wp:term":[{"taxonomy":"category","embeddable":true,"href":"https:\/\/www.visionweb.com.ar\/index.php?rest_route=%2Fwp%2Fv2%2Fcategories&post=15286"},{"taxonomy":"post_tag","embeddable":true,"href":"https:\/\/www.visionweb.com.ar\/index.php?rest_route=%2Fwp%2Fv2%2Ftags&post=15286"}],"curies":[{"name":"wp","href":"https:\/\/api.w.org\/{rel}","templated":true}]}}