{"id":15284,"date":"2024-07-26T09:08:06","date_gmt":"2024-07-26T12:08:06","guid":{"rendered":"https:\/\/www.visionweb.com.ar\/?p=15284"},"modified":"2024-07-26T09:08:06","modified_gmt":"2024-07-26T12:08:06","slug":"el-salario-minimo-vital-y-movil-quedo-en-poco-mas-de-254-mil-pesos-para-julio","status":"publish","type":"post","link":"https:\/\/www.visionweb.com.ar\/?p=15284","title":{"rendered":"El salario m\u00ednimo vital y m\u00f3vil qued\u00f3 en poco m\u00e1s de 254 mil pesos para julio"},"content":{"rendered":"<p><em><strong>Luego de otra fallida reuni\u00f3n del Consejo del Salario, el Gobierno nacional dispuso el aumento del salario m\u00ednimo vital y m\u00f3vil. Qued\u00f3 por debajo de la l\u00ednea de la pobreza. Ya se plantaron aumentos sucesivos hasta octubre.<\/strong><strong>\u00a0<\/strong><\/em><!--more--><\/p>\n<p><strong> <img loading=\"lazy\" decoding=\"async\" class=\"size-full wp-image-6532 alignright\" src=\"https:\/\/www.visionweb.com.ar\/wp-content\/uploads\/2022\/07\/construccion-2.bmp\" alt=\"\" width=\"567\" height=\"379\" \/>\u00a0\u00a0 E<\/strong>l Gobierno nacional dispuso un aumento unilateral del<strong> salario m\u00ednimo vital y m\u00f3vil (SMVM), <\/strong>a trav\u00e9s de la <a href=\"https:\/\/www.boletinoficial.gob.ar\/detalleAviso\/primera\/311320\/20240726\"><strong>Resoluci\u00f3n 13\/24<\/strong><\/a>, y con esta actualizaci\u00f3n qued\u00f3 muy por debajo de lo que ped\u00edan los<strong>\u00a0gremios<\/strong>\u00a0y apenas por encima de la propuesta empresaria.<\/p>\n<p>De acuerdo a la norma publicada en el\u00a0<strong>Bolet\u00edn Oficial<\/strong>\u00a0de este viernes,\u00a0<strong>el sueldo b\u00e1sico pas\u00f3 a ser de 254.231,91 pesos a partir del 1\u00b0 de julio<\/strong>. Actualmente, y desde mayo, el SMVM\u00a0<strong>estaba en 234.315,12 pesos<\/strong>\u00a0por lo que la suba es de 8,5 por ciento.<\/p>\n<p><strong>En total, el aumento ser\u00e1 de 15,8 por ciento<\/strong>\u00a0ya que la Resoluci\u00f3n firmada por\u00a0<strong>Martin Huidobro<\/strong>\u00a0dispone cuatro actualizaciones seguidas. Efectivamente,\u00a0<strong>el salario m\u00ednimo pasar\u00e1 a ser de 262432,93 pesos en agosto, de 268056,50 en septiembre y de 271571,22 en octubre<\/strong>.<\/p>\n<p>Cabe recordar, que durante las negociaciones, la propuesta de los gremios duplicaba ese valor, es decir, llevarlo a un piso de m\u00e1s de 500 mil pesos para agosto.<\/p>\n<p>As\u00ed, el salario qued\u00f3 m\u00ednimo realmente, ya que seg\u00fan cifras del<strong>\u00a0INDEC<\/strong>,\u00a0<strong>la canasta b\u00e1sica total que establece la l\u00ednea de pobreza para un adulto fue de 282.579 pesos<\/strong>. De esta manera, incluso el SMVM de octubre, con la suma de los 4 aumentos dispuestos hoy, quedar\u00e1 por debajo de este umbral de ingresos.<\/p>\n<p>La comparativa con la\u00a0<strong>canasta b\u00e1sica alimentaria<\/strong>, que establece la\u00a0<strong>l\u00ednea de la indigencia<\/strong>, tampoco es muy alentadora. El relevamiento del INDEC arroj\u00f3 que un hogar de 3 integrantes necesit\u00f3 m\u00e1s de 313 mil pesos para superar este umbral. <strong>(VW)<\/strong><\/p>\n<p>&nbsp;<\/p>\n","protected":false},"excerpt":{"rendered":"<p>Luego de otra fallida reuni\u00f3n del Consejo del Salario, el Gobierno nacional dispuso el aumento del salario m\u00ednimo vital y m\u00f3vil. Qued\u00f3 por debajo de la l\u00ednea de la pobreza. Ya se plantaron aumentos&#46;&#46;&#46;<\/p>\n","protected":false},"author":4,"featured_media":6532,"comment_status":"closed","ping_status":"closed","sticky":false,"template":"","format":"standard","meta":{"_monsterinsights_skip_tracking":false,"_monsterinsights_sitenote_active":false,"_monsterinsights_sitenote_note":"","_monsterinsights_sitenote_category":0,"footnotes":""},"categories":[6,4,5],"tags":[6445,6444,6019],"class_list":["post-15284","post","type-post","status-publish","format-standard","has-post-thumbnail","hentry","category-economia","category-politica","category-sociedad","tag-aumentos-hasta-octubre","tag-el-gobierno-dispuso-el-salario-minimo","tag-smvm"],"_links":{"self":[{"href":"https:\/\/www.visionweb.com.ar\/index.php?rest_route=\/wp\/v2\/posts\/15284","targetHints":{"allow":["GET"]}}],"collection":[{"href":"https:\/\/www.visionweb.com.ar\/index.php?rest_route=\/wp\/v2\/posts"}],"about":[{"href":"https:\/\/www.visionweb.com.ar\/index.php?rest_route=\/wp\/v2\/types\/post"}],"author":[{"embeddable":true,"href":"https:\/\/www.visionweb.com.ar\/index.php?rest_route=\/wp\/v2\/users\/4"}],"replies":[{"embeddable":true,"href":"https:\/\/www.visionweb.com.ar\/index.php?rest_route=%2Fwp%2Fv2%2Fcomments&post=15284"}],"version-history":[{"count":1,"href":"https:\/\/www.visionweb.com.ar\/index.php?rest_route=\/wp\/v2\/posts\/15284\/revisions"}],"predecessor-version":[{"id":15285,"href":"https:\/\/www.visionweb.com.ar\/index.php?rest_route=\/wp\/v2\/posts\/15284\/revisions\/15285"}],"wp:featuredmedia":[{"embeddable":true,"href":"https:\/\/www.visionweb.com.ar\/index.php?rest_route=\/wp\/v2\/media\/6532"}],"wp:attachment":[{"href":"https:\/\/www.visionweb.com.ar\/index.php?rest_route=%2Fwp%2Fv2%2Fmedia&parent=15284"}],"wp:term":[{"taxonomy":"category","embeddable":true,"href":"https:\/\/www.visionweb.com.ar\/index.php?rest_route=%2Fwp%2Fv2%2Fcategories&post=15284"},{"taxonomy":"post_tag","embeddable":true,"href":"https:\/\/www.visionweb.com.ar\/index.php?rest_route=%2Fwp%2Fv2%2Ftags&post=15284"}],"curies":[{"name":"wp","href":"https:\/\/api.w.org\/{rel}","templated":true}]}}