{"id":15277,"date":"2024-07-26T07:30:06","date_gmt":"2024-07-26T10:30:06","guid":{"rendered":"https:\/\/www.visionweb.com.ar\/?p=15277"},"modified":"2024-07-25T20:44:47","modified_gmt":"2024-07-25T23:44:47","slug":"sra-y-caba-firmaron-un-convenio-para-fomentar-la-innovacion-tecnologica","status":"publish","type":"post","link":"https:\/\/www.visionweb.com.ar\/?p=15277","title":{"rendered":"SRA y CABA firmaron un convenio para fomentar la innovaci\u00f3n tecnol\u00f3gica"},"content":{"rendered":"<p><em><strong>La premisa es realizar acciones concretas para fomentar la innovaci\u00f3n tecnol\u00f3gica, potenciar el emprendedurismo.<\/strong><\/em><!--more--><\/p>\n<div id=\"attachment_15278\" style=\"width: 310px\" class=\"wp-caption alignright\"><img loading=\"lazy\" decoding=\"async\" aria-describedby=\"caption-attachment-15278\" class=\"wp-image-15278 size-medium\" src=\"https:\/\/www.visionweb.com.ar\/wp-content\/uploads\/2024\/07\/AGTECH-300x200.jpeg\" alt=\"\" width=\"300\" height=\"200\" srcset=\"https:\/\/www.visionweb.com.ar\/wp-content\/uploads\/2024\/07\/AGTECH-300x200.jpeg 300w, https:\/\/www.visionweb.com.ar\/wp-content\/uploads\/2024\/07\/AGTECH.jpeg 640w\" sizes=\"auto, (max-width: 300px) 100vw, 300px\" \/><p id=\"caption-attachment-15278\" class=\"wp-caption-text\"><em><strong>Nicol\u00e1s Pino, presidente de la SRA y Jorge Macri, Jefe de Gobierno de la Ciudad (Imagen: Prensa SRA)<\/strong><\/em><\/p><\/div>\n<p>La Sociedad Rural Argentina (SRA) y el Gobierno de la Ciudad de Buenos Aires firmron este jueves un acuerdo de colaboraci\u00f3n para desarrollar las AgTech (Agricultura y Tecnolog\u00eda)\u00a0 y establecer una relaci\u00f3n de mutua de colaboraci\u00f3n y de cooperaci\u00f3n.<\/p>\n<p>\u201cEstoy muy entusiasmado y emocionado en mi primera visita como Jefe de Gobierno\u201d, dijo Jorge Macri al arribar en la tarde de este jueves a la Expo Rural 2024 y establecer .<\/p>\n<p>La raz\u00f3n de su presencia fue \u201cfirmar un convenio con la Sociedad Rural para trabajar el tema de las AgTech, tecnolog\u00eda y campo\u201d, indic\u00f3.<\/p>\n<p>La premisa es realizar acciones concretas para fomentar la innovaci\u00f3n tecnol\u00f3gica, potenciar el emprendedurismo, el crecimiento y desarrollo de nuevas empresas del segmento tecnol\u00f3gico aplicado a la agricultura.<\/p>\n<p>Para las partes firmantes es prioritario la promoci\u00f3n de la actividad econ\u00f3mica de productos vinculados al agro, as\u00ed como mejorar la sostenibilidad, la eficiencia y la calidad de los productos alimentarios. Tambi\u00e9n tienden a la unificaci\u00f3n de esfuerzos para convertir a la ciudad en un polo pujante respecto del sector AgTech y agroindustrial.<\/p>\n<p>Ya en la jornada inaugural Macri hab\u00eda remarcado la importancia que tuvo la tecnolog\u00eda aplicada al agro en las peque\u00f1as localidades para recuperar la presencia de j\u00f3venes en el campo, \u201cpara la ciudad de Buenos Aires es un sector estrat\u00e9gico, como lo es la tecnolog\u00eda en general, la investigaci\u00f3n, la innovaci\u00f3n, particularmente cuando se combina con la industria agropecuaria y de alimento, porque tiene que ver con agregarle tecnolog\u00eda y conocimiento a algo que es muy propio que es nuestro suelo, nuestras manos, nuestra cultura puesta al servicio de sacar lo mejor de la naturaleza\u201d.<\/p>\n<p>En esa misma oportunidad, el jefe de Gobierno destac\u00f3 que cuatro de cada diez empresas vinculadas con la tecnolog\u00eda del agro est\u00e1n en la Capital Federal. \u201cQueremos que sean m\u00e1s, porque como ciudad queremos competir para lograr junto a las universidades, el Conicet, el INTA, un polo de investigaci\u00f3n y formaci\u00f3n de valor, para que eso que la Argentina ya tiene, florezca y sea todav\u00eda m\u00e1s rico\u201d<strong>(VW).<\/strong><\/p>\n<p>&nbsp;<\/p>\n","protected":false},"excerpt":{"rendered":"<p>La premisa es realizar acciones concretas para fomentar la innovaci\u00f3n tecnol\u00f3gica, potenciar el emprendedurismo.<\/p>\n","protected":false},"author":3,"featured_media":15278,"comment_status":"closed","ping_status":"closed","sticky":false,"template":"","format":"standard","meta":{"_monsterinsights_skip_tracking":false,"_monsterinsights_sitenote_active":false,"_monsterinsights_sitenote_note":"","_monsterinsights_sitenote_category":0,"footnotes":""},"categories":[7],"tags":[330,6441,1344,20],"class_list":["post-15277","post","type-post","status-publish","format-standard","has-post-thumbnail","hentry","category-educacion-y-cultura","tag-caba","tag-covenio","tag-sra","tag-tecnologia"],"_links":{"self":[{"href":"https:\/\/www.visionweb.com.ar\/index.php?rest_route=\/wp\/v2\/posts\/15277","targetHints":{"allow":["GET"]}}],"collection":[{"href":"https:\/\/www.visionweb.com.ar\/index.php?rest_route=\/wp\/v2\/posts"}],"about":[{"href":"https:\/\/www.visionweb.com.ar\/index.php?rest_route=\/wp\/v2\/types\/post"}],"author":[{"embeddable":true,"href":"https:\/\/www.visionweb.com.ar\/index.php?rest_route=\/wp\/v2\/users\/3"}],"replies":[{"embeddable":true,"href":"https:\/\/www.visionweb.com.ar\/index.php?rest_route=%2Fwp%2Fv2%2Fcomments&post=15277"}],"version-history":[{"count":1,"href":"https:\/\/www.visionweb.com.ar\/index.php?rest_route=\/wp\/v2\/posts\/15277\/revisions"}],"predecessor-version":[{"id":15279,"href":"https:\/\/www.visionweb.com.ar\/index.php?rest_route=\/wp\/v2\/posts\/15277\/revisions\/15279"}],"wp:featuredmedia":[{"embeddable":true,"href":"https:\/\/www.visionweb.com.ar\/index.php?rest_route=\/wp\/v2\/media\/15278"}],"wp:attachment":[{"href":"https:\/\/www.visionweb.com.ar\/index.php?rest_route=%2Fwp%2Fv2%2Fmedia&parent=15277"}],"wp:term":[{"taxonomy":"category","embeddable":true,"href":"https:\/\/www.visionweb.com.ar\/index.php?rest_route=%2Fwp%2Fv2%2Fcategories&post=15277"},{"taxonomy":"post_tag","embeddable":true,"href":"https:\/\/www.visionweb.com.ar\/index.php?rest_route=%2Fwp%2Fv2%2Ftags&post=15277"}],"curies":[{"name":"wp","href":"https:\/\/api.w.org\/{rel}","templated":true}]}}