{"id":15274,"date":"2024-07-25T10:53:52","date_gmt":"2024-07-25T13:53:52","guid":{"rendered":"https:\/\/www.visionweb.com.ar\/?p=15274"},"modified":"2024-07-25T10:53:52","modified_gmt":"2024-07-25T13:53:52","slug":"piden-la-prorroga-de-60-dias-para-la-inscripcion-a-los-subsidios-de-luz-y-gas","status":"publish","type":"post","link":"https:\/\/www.visionweb.com.ar\/?p=15274","title":{"rendered":"Piden la pr\u00f3rroga de 60 d\u00edas\u00a0para la inscripci\u00f3n a los subsidios de luz y gas"},"content":{"rendered":"<p><em><strong>La Asociaci\u00f3n de Defensores y Defensoras del Pueblo pidi\u00f3 que se prorrogue 60 d\u00edas el periodo de inscripci\u00f3n para acceder a los subsidios en las tarifas de luz y gas.<\/strong><\/em><!--more--><\/p>\n<p><strong> <img loading=\"lazy\" decoding=\"async\" class=\"size-medium wp-image-8549 alignright\" src=\"https:\/\/www.visionweb.com.ar\/wp-content\/uploads\/2022\/12\/cortes-de-luz-imagen-internet-300x224.jpg\" alt=\"\" width=\"300\" height=\"224\" srcset=\"https:\/\/www.visionweb.com.ar\/wp-content\/uploads\/2022\/12\/cortes-de-luz-imagen-internet-300x224.jpg 300w, https:\/\/www.visionweb.com.ar\/wp-content\/uploads\/2022\/12\/cortes-de-luz-imagen-internet-320x240.jpg 320w, https:\/\/www.visionweb.com.ar\/wp-content\/uploads\/2022\/12\/cortes-de-luz-imagen-internet.bmp 618w\" sizes=\"auto, (max-width: 300px) 100vw, 300px\" \/> \u00a0 \u00a0 \u00a0 T<\/strong>ras el fuerte aumento registrado en los servicios, la\u00a0<strong>Asociaci\u00f3n de Defensores y Defensoras del Pueblo de la Rep\u00fablica Argentina<\/strong>\u00a0(<strong>ADPRA<\/strong>) pidi\u00f3 que se prorrogue por 60 d\u00edas el\u00a0<strong>periodo de inscripci\u00f3n<\/strong>\u00a0para acceder a los\u00a0<strong>subsidios<\/strong>\u00a0en las\u00a0<strong>tarifas de luz\u00a0<\/strong>y\u00a0<strong>gas<\/strong>.<\/p>\n<p>La solicitud se basa en el plazo establecido para inscribirse en el\u00a0<strong>Registro de Acceso a los Subsidios a la Energ\u00eda El\u00e9ctrica<\/strong>\u00a0(<strong>RASE<\/strong>) vence ya el pr\u00f3ximo 4 de agosto.<\/p>\n<p>En ese sentido, el titular de la Defensor\u00eda del Pueblo de Avellaneda,\u00a0<strong>Daniel Garc\u00eda<\/strong>, se\u00f1al\u00f3 que \u201ces fundamental informar adecuadamente a la poblaci\u00f3n sobre qu\u00e9 es la segmentaci\u00f3n y la importancia de inscribirse para no perder el\u00a0subsidio\u201d.<\/p>\n<p>Por su parte,\u00a0<strong>ADPRA\u00a0<\/strong>tambi\u00e9n inst\u00f3 al Gobierno nacional, a ampliar el plazo de inscripci\u00f3n del\u00a0<strong>RASE<\/strong>, acompa\u00f1ado de una \u201cmayor cantidad de campa\u00f1as de informaci\u00f3n a la ciudadan\u00eda\u201d.<\/p>\n<p>\u201cEl plazo establecido para la inscripci\u00f3n resulta exiguo, especialmente considerando que coincide con el receso invernal, un per\u00edodo durante el cual muchos ciudadanos se encuentran fuera de sus residencias habituales y podr\u00edan tener dificultades para completar el tr\u00e1mite a tiempo\u201d, agreg\u00f3 la entidad.<\/p>\n<p>Vale recordar que, la\u00a0<strong>Secretar\u00eda de Energ\u00eda<\/strong>\u00a0inform\u00f3 que con el objetivo de \u201cdepurar\u201d el Registro de Acceso a los Subsidios a la Energ\u00eda (<strong>RASE<\/strong>) quedar\u00e1n afuera casi dos millones de usuarios residenciales, que deber\u00e1n volver a inscribirse en el padr\u00f3n antes del 5 de agosto o se quedar\u00e1n sin\u00a0<strong>subsidios<\/strong>.<\/p>\n<p>En efecto, la resoluci\u00f3n es la 90\/2024 de la cartera de Energ\u00eda y establece que cerca de los 1.700.000 de usuarios que fueron incorporados autom\u00e1ticamente al\u00a0<strong>RASE<\/strong>\u00a0como hogares de bajos ingresos ser\u00e1n sacados y deber\u00e1n reinscribirse de forma individual.<\/p>\n<p>Debido a ello, los usuarios residenciales que deber\u00e1n volver a inscribirse en el\u00a0<strong>RASE<\/strong>\u00a0tendr\u00e1n que completar una declaraci\u00f3n jurada y, en caso de que haya realizado el tr\u00e1mite, la persona puede actualizar la informaci\u00f3n.<\/p>\n<p>Para saber si se tiene subsidio, se deber\u00e1 seguir los siguientes pasos:<\/p>\n<ul>\n<li>Acceder al formulario digital de consulta y completar cu\u00e1l es la empresa proveedora de energ\u00eda (Edenor o Edesur).<\/li>\n<\/ul>\n<ul>\n<li>Luego hay que colocar el n\u00famero de cliente o de cuenta que figura en la factura.<\/li>\n<\/ul>\n<ul>\n<li>Hacer clic en la caja que verifica que se trata de un usuario humano y, entonces, en el bot\u00f3n que dice \u201cConsultar\u201d. Una vez realizada la gesti\u00f3n, el sistema indicar\u00e1 si el usuario recibe el\u00a0<strong>subsidio<\/strong>\u00a0o no.<\/li>\n<\/ul>\n<p>C\u00f3mo inscribirse al RASE para obtener una tarifa social<\/p>\n<p>Para volver a inscribirse al RASE hay que completar un formulario, que tiene car\u00e1cter de Declaraci\u00f3n Jurada, a trav\u00e9s del enlace <a href=\"http:\/\/www.argentina.gob.ar\/subsidios\">www.argentina.gob.ar\/subsidios<\/a>.<\/p>\n<p>En caso que no se pueda completar la solicitud digital, es posible acercarse a la oficina de ANSES m\u00e1s cercana, sacando turno previo en su sitio web. La inscripci\u00f3n desde las oficinas de ANSES se realizar\u00e1 sin importar el n\u00famero con el que termina el DNI del usuario. <strong>(VW)<\/strong><\/p>\n","protected":false},"excerpt":{"rendered":"<p>La Asociaci\u00f3n de Defensores y Defensoras del Pueblo pidi\u00f3 que se prorrogue 60 d\u00edas el periodo de inscripci\u00f3n para acceder a los subsidios en las tarifas de luz y gas.<\/p>\n","protected":false},"author":4,"featured_media":8549,"comment_status":"closed","ping_status":"closed","sticky":false,"template":"","format":"standard","meta":{"_monsterinsights_skip_tracking":false,"_monsterinsights_sitenote_active":false,"_monsterinsights_sitenote_note":"","_monsterinsights_sitenote_category":0,"footnotes":""},"categories":[6,4,5],"tags":[6438,6439,6440,2696],"class_list":["post-15274","post","type-post","status-publish","format-standard","has-post-thumbnail","hentry","category-economia","category-politica","category-sociedad","tag-adpra","tag-defensores-del-pueblo","tag-prorroga-de-60-dias","tag-subsidios-de-luz-y-gas"],"_links":{"self":[{"href":"https:\/\/www.visionweb.com.ar\/index.php?rest_route=\/wp\/v2\/posts\/15274","targetHints":{"allow":["GET"]}}],"collection":[{"href":"https:\/\/www.visionweb.com.ar\/index.php?rest_route=\/wp\/v2\/posts"}],"about":[{"href":"https:\/\/www.visionweb.com.ar\/index.php?rest_route=\/wp\/v2\/types\/post"}],"author":[{"embeddable":true,"href":"https:\/\/www.visionweb.com.ar\/index.php?rest_route=\/wp\/v2\/users\/4"}],"replies":[{"embeddable":true,"href":"https:\/\/www.visionweb.com.ar\/index.php?rest_route=%2Fwp%2Fv2%2Fcomments&post=15274"}],"version-history":[{"count":1,"href":"https:\/\/www.visionweb.com.ar\/index.php?rest_route=\/wp\/v2\/posts\/15274\/revisions"}],"predecessor-version":[{"id":15275,"href":"https:\/\/www.visionweb.com.ar\/index.php?rest_route=\/wp\/v2\/posts\/15274\/revisions\/15275"}],"wp:featuredmedia":[{"embeddable":true,"href":"https:\/\/www.visionweb.com.ar\/index.php?rest_route=\/wp\/v2\/media\/8549"}],"wp:attachment":[{"href":"https:\/\/www.visionweb.com.ar\/index.php?rest_route=%2Fwp%2Fv2%2Fmedia&parent=15274"}],"wp:term":[{"taxonomy":"category","embeddable":true,"href":"https:\/\/www.visionweb.com.ar\/index.php?rest_route=%2Fwp%2Fv2%2Fcategories&post=15274"},{"taxonomy":"post_tag","embeddable":true,"href":"https:\/\/www.visionweb.com.ar\/index.php?rest_route=%2Fwp%2Fv2%2Ftags&post=15274"}],"curies":[{"name":"wp","href":"https:\/\/api.w.org\/{rel}","templated":true}]}}