{"id":15263,"date":"2024-07-24T17:09:24","date_gmt":"2024-07-24T20:09:24","guid":{"rendered":"https:\/\/www.visionweb.com.ar\/?p=15263"},"modified":"2024-07-24T17:09:24","modified_gmt":"2024-07-24T20:09:24","slug":"el-gobierno-asigno-100-mil-millones-a-la-side","status":"publish","type":"post","link":"https:\/\/www.visionweb.com.ar\/?p=15263","title":{"rendered":"El Gobierno asign\u00f3 100 mil millones a la SIDE"},"content":{"rendered":"<p><em><strong>Lejos de reparar en las rid\u00edculas jubilaciones actuales, el Gobierno ampli\u00f3 el presupuesto 2024 para destinar a \u00absolventar las acciones para la reorganizaci\u00f3n del Sistema de Inteligencia Nacional\u00bb.<\/strong><\/em><!--more--><\/p>\n<p><strong>\u00a0\u00a0\u00a0 <img loading=\"lazy\" decoding=\"async\" class=\"size-medium wp-image-13216 alignright\" src=\"https:\/\/www.visionweb.com.ar\/wp-content\/uploads\/2024\/01\/Milei-Javier-300x206.png\" alt=\"\" width=\"300\" height=\"206\" srcset=\"https:\/\/www.visionweb.com.ar\/wp-content\/uploads\/2024\/01\/Milei-Javier-300x206.png 300w, https:\/\/www.visionweb.com.ar\/wp-content\/uploads\/2024\/01\/Milei-Javier.png 502w\" sizes=\"auto, (max-width: 300px) 100vw, 300px\" \/>\u00a0 E<\/strong>l Gobierno sum\u00f3\u00a0<strong>100 mil millones de pesos<\/strong>\u00a0al presupuesto general 2024, que\u00a0ser\u00e1n destinados al \u00abfortalecimiento\u00bb de la\u00a0<strong>Secretaria de Inteligencia del Estado (SIDE), y seg\u00fan indicaron, se trata de \u00abfondos reservados\u00bb provenientes de una ampliaci\u00f3n del presupuesto.<\/strong><\/p>\n<p>A trav\u00e9s del\u00a0<a href=\"https:\/\/www.boletinoficial.gob.ar\/detalleAviso\/primera\/311041\/20240723\">decreto 656 de Necesidad y Urgencia<\/a>, se dispuso que se le asignara al presupuesto la suma de 100.000.000.000 de pesos para el fortalecimiento del Sistema de Inteligencia Nacional.<\/p>\n<p>La norma fue firmada el presidente Milei, y tambi\u00e9n por la canciller Diana Mondino, y los ministros de Defensa Luis Petri, de Econom\u00eda, Luis Caputo, de Justicia, Mariano C\u00faneo Libarona, de Seguridad, Patricia Bullrich, de Salud, Mario Russo, de Capital Humano, Sandra Pettovello, y de Desregulaci\u00f3n, Federico Sturzenegger.<\/p>\n<p>La decisi\u00f3n -dice el texto- se sustenta en la \u201cnecesidad de asignar las partidas presupuestarias que permitan solventar, inicialmente, las acciones para la <strong>reorganizaci\u00f3n del Sistema de Inteligencia Nacional<\/strong> y el adecuado funcionamiento de los referidos organismos desconcentrados que lo integran\u201d, es decir, <strong>el Servicio de Inteligencia Argentino, la Agencia de Seguridad Nacional; y la Agencia de Ciberseguridad y la Divisi\u00f3n de Asuntos Internos<\/strong>, creada como organismo de control de los anteriores.<\/p>\n<p>Adem\u00e1s, se estableci\u00f3 el<strong>\u00a0\u201ccar\u00e1cter reservado\u201d de los fondos\u00a0<\/strong>destinados a la SIDE y se dispuso que comunicar\u00e1 la decisi\u00f3n a la Comisi\u00f3n Bicameral de control de los DNU del Congreso Nacional.<\/p>\n<p>En los fundamentos del DNU se afirma que la decisi\u00f3n se base en que en la actualidad se maneja con un Presupuesto prorrogado de 2023 con lo cual la nueva estructura no ten\u00eda previsto estos recursos. <strong>(VW)<\/strong><\/p>\n<p>&nbsp;<\/p>\n","protected":false},"excerpt":{"rendered":"<p>Lejos de reparar en las rid\u00edculas jubilaciones actuales, el Gobierno ampli\u00f3 el presupuesto 2024 para destinar a \u00absolventar las acciones para la reorganizaci\u00f3n del Sistema de Inteligencia Nacional\u00bb.<\/p>\n","protected":false},"author":4,"featured_media":13216,"comment_status":"closed","ping_status":"closed","sticky":false,"template":"","format":"standard","meta":{"_monsterinsights_skip_tracking":false,"_monsterinsights_sitenote_active":false,"_monsterinsights_sitenote_note":"","_monsterinsights_sitenote_category":0,"footnotes":""},"categories":[6,4],"tags":[6435,6434,6433],"class_list":["post-15263","post","type-post","status-publish","format-standard","has-post-thumbnail","hentry","category-economia","category-politica","tag-asignacion-presupuestaria","tag-fondos-reservados","tag-side"],"_links":{"self":[{"href":"https:\/\/www.visionweb.com.ar\/index.php?rest_route=\/wp\/v2\/posts\/15263","targetHints":{"allow":["GET"]}}],"collection":[{"href":"https:\/\/www.visionweb.com.ar\/index.php?rest_route=\/wp\/v2\/posts"}],"about":[{"href":"https:\/\/www.visionweb.com.ar\/index.php?rest_route=\/wp\/v2\/types\/post"}],"author":[{"embeddable":true,"href":"https:\/\/www.visionweb.com.ar\/index.php?rest_route=\/wp\/v2\/users\/4"}],"replies":[{"embeddable":true,"href":"https:\/\/www.visionweb.com.ar\/index.php?rest_route=%2Fwp%2Fv2%2Fcomments&post=15263"}],"version-history":[{"count":1,"href":"https:\/\/www.visionweb.com.ar\/index.php?rest_route=\/wp\/v2\/posts\/15263\/revisions"}],"predecessor-version":[{"id":15264,"href":"https:\/\/www.visionweb.com.ar\/index.php?rest_route=\/wp\/v2\/posts\/15263\/revisions\/15264"}],"wp:featuredmedia":[{"embeddable":true,"href":"https:\/\/www.visionweb.com.ar\/index.php?rest_route=\/wp\/v2\/media\/13216"}],"wp:attachment":[{"href":"https:\/\/www.visionweb.com.ar\/index.php?rest_route=%2Fwp%2Fv2%2Fmedia&parent=15263"}],"wp:term":[{"taxonomy":"category","embeddable":true,"href":"https:\/\/www.visionweb.com.ar\/index.php?rest_route=%2Fwp%2Fv2%2Fcategories&post=15263"},{"taxonomy":"post_tag","embeddable":true,"href":"https:\/\/www.visionweb.com.ar\/index.php?rest_route=%2Fwp%2Fv2%2Ftags&post=15263"}],"curies":[{"name":"wp","href":"https:\/\/api.w.org\/{rel}","templated":true}]}}