{"id":15260,"date":"2024-07-24T16:41:47","date_gmt":"2024-07-24T19:41:47","guid":{"rendered":"https:\/\/www.visionweb.com.ar\/?p=15260"},"modified":"2024-07-24T16:41:47","modified_gmt":"2024-07-24T19:41:47","slug":"el-dipy-nego-una-oferta-por-un-cargo-en-capital-humano","status":"publish","type":"post","link":"https:\/\/www.visionweb.com.ar\/?p=15260","title":{"rendered":"El Dipy neg\u00f3 una oferta por un cargo en Capital Humano"},"content":{"rendered":"<p><strong><em>Hubo un rumor que se viraliz\u00f3 en redes sociales y medios de comunicaci\u00f3n, que aseguraba que El Dipy iba a estar al frente de un proyecto en la Secretar\u00eda de Cultura. \u00c9l lo neg\u00f3, pero el r\u00edo son\u00f3.<\/em><\/strong><!--more--><\/p>\n<p><strong><img loading=\"lazy\" decoding=\"async\" class=\"size-medium wp-image-15261 alignright\" src=\"https:\/\/www.visionweb.com.ar\/wp-content\/uploads\/2024\/07\/Dipy-y-Milei-300x169.png\" alt=\"\" width=\"300\" height=\"169\" srcset=\"https:\/\/www.visionweb.com.ar\/wp-content\/uploads\/2024\/07\/Dipy-y-Milei-300x169.png 300w, https:\/\/www.visionweb.com.ar\/wp-content\/uploads\/2024\/07\/Dipy-y-Milei.png 490w\" sizes=\"auto, (max-width: 300px) 100vw, 300px\" \/>\u00a0\u00a0\u00a0 David \u201cEl Dipy\u201d Mart\u00ednez,\u00a0<\/strong>ex candidato a intendente de La Matanza por La Libertad Avanza, y cantante, neg\u00f3 que desde el Ejecutivo le hayan ofrecido<strong>\u00a0un cargo en la Secretar\u00eda de Cultura<\/strong>, dependiente del ministerio de Capital Humano, a cargo de Sandra Pettovello.<\/p>\n<p>Lo cierto es que ayer martes circul\u00f3 el rumor de que el m\u00fasico, cuyo nombre es David Adri\u00e1n Mart\u00ednez,\u00a0<strong>iba a estar al frente de un programa para impulsar a j\u00f3venes artistas de barrio populares.\u00a0<\/strong><\/p>\n<p>Hubo medios que lo afirmaron en redes sociales y se ley\u00f3 como una realidad, ante lo cual, las reacciones no tardaron en dispararse a trav\u00e9s de X\/Twitter.<\/p>\n<p>No obstante, el propio Mart\u00ednez fue consultado por este proyecto pol\u00edtico en el programa Buenos D\u00edas Am\u00e9rica Extra 2024, conducido por Fabi\u00e1n Doman, donde desminti\u00f3 la informaci\u00f3n.<\/p>\n<p>\u201cLlegu\u00e9 de gira, de Misiones, sigo con mis shows, paso m\u00fasica en la semana, y\u00a0<strong>la verdad no s\u00e9 nada, no me han ofrecido nada\u00a0<\/strong>y no tengo ning\u00fan cargo en ning\u00fan \u00e1rea, en ning\u00fan lado desde el Gobierno, nadie me llam\u00f3, nadie me consult\u00f3 ni s\u00e9 nada del tema, no s\u00e9 qu\u00e9 estar\u00e1 pasando o qu\u00e9 habr\u00e1n dicho, quiz\u00e1s es opereta, nadie me lo ha ofrecido en ning\u00fan momento, m\u00e1s de esto no s\u00e9\u201d, asever\u00f3 el cantante sorprendido.<\/p>\n<p>El supuesto ofrecimiento gener\u00f3 un gran revuelo en redes sociales. Una de las reacciones que picantes fue la del actor<strong>\u00a0Alfredo Casero.<\/strong><\/p>\n<p>En tanto, <strong>el cantante dijo no haberse comunicado con nadie del Gobierno<\/strong>, aunque qued\u00f3 claro que la noticia, aunque aparentemente no real, no impact\u00f3 de manera positiva en redes sociales y medios de comunicaci\u00f3n.<\/p>\n<p>Algunos medios hab\u00edan expresado que ser\u00eda el encargado de coordinar el\u00a0<strong>Programa de Artistas Emergentes<\/strong>, con un puesto bajo la \u00f3rbita de la subsecretar\u00eda de Promoci\u00f3n Cultural, en calidad de asesor y <strong>coordinador de un nuevo proyecto cultural para fomentar y acercar los artistas emergentes con una perspectiva de inclusi\u00f3n social en diferentes puntos del pa\u00eds<\/strong>.<\/p>\n<p>Cabe recordar, que en las \u00faltimas elecciones,<strong>\u00a0Mart\u00ednez fue candidato de La Libertad Avanza en La Matanza, y logr\u00f3 el segundo lugar\u00a0<\/strong>con el 23% de votos, muy por detr\u00e1s del actual intendente Fernando Espinoza, que sac\u00f3 45%. <strong>(VW)<\/strong><\/p>\n","protected":false},"excerpt":{"rendered":"<p>Hubo un rumor que se viraliz\u00f3 en redes sociales y medios de comunicaci\u00f3n, que aseguraba que El Dipy iba a estar al frente de un proyecto en la Secretar\u00eda de Cultura. \u00c9l lo neg\u00f3,&#46;&#46;&#46;<\/p>\n","protected":false},"author":4,"featured_media":15261,"comment_status":"closed","ping_status":"closed","sticky":false,"template":"","format":"standard","meta":{"_monsterinsights_skip_tracking":false,"_monsterinsights_sitenote_active":false,"_monsterinsights_sitenote_note":"","_monsterinsights_sitenote_category":0,"footnotes":""},"categories":[4],"tags":[6432,622,6431],"class_list":["post-15260","post","type-post","status-publish","format-standard","has-post-thumbnail","hentry","category-politica","tag-cargo-en-capital-humano","tag-desmentida","tag-el-dipy"],"_links":{"self":[{"href":"https:\/\/www.visionweb.com.ar\/index.php?rest_route=\/wp\/v2\/posts\/15260","targetHints":{"allow":["GET"]}}],"collection":[{"href":"https:\/\/www.visionweb.com.ar\/index.php?rest_route=\/wp\/v2\/posts"}],"about":[{"href":"https:\/\/www.visionweb.com.ar\/index.php?rest_route=\/wp\/v2\/types\/post"}],"author":[{"embeddable":true,"href":"https:\/\/www.visionweb.com.ar\/index.php?rest_route=\/wp\/v2\/users\/4"}],"replies":[{"embeddable":true,"href":"https:\/\/www.visionweb.com.ar\/index.php?rest_route=%2Fwp%2Fv2%2Fcomments&post=15260"}],"version-history":[{"count":1,"href":"https:\/\/www.visionweb.com.ar\/index.php?rest_route=\/wp\/v2\/posts\/15260\/revisions"}],"predecessor-version":[{"id":15262,"href":"https:\/\/www.visionweb.com.ar\/index.php?rest_route=\/wp\/v2\/posts\/15260\/revisions\/15262"}],"wp:featuredmedia":[{"embeddable":true,"href":"https:\/\/www.visionweb.com.ar\/index.php?rest_route=\/wp\/v2\/media\/15261"}],"wp:attachment":[{"href":"https:\/\/www.visionweb.com.ar\/index.php?rest_route=%2Fwp%2Fv2%2Fmedia&parent=15260"}],"wp:term":[{"taxonomy":"category","embeddable":true,"href":"https:\/\/www.visionweb.com.ar\/index.php?rest_route=%2Fwp%2Fv2%2Fcategories&post=15260"},{"taxonomy":"post_tag","embeddable":true,"href":"https:\/\/www.visionweb.com.ar\/index.php?rest_route=%2Fwp%2Fv2%2Ftags&post=15260"}],"curies":[{"name":"wp","href":"https:\/\/api.w.org\/{rel}","templated":true}]}}