{"id":15256,"date":"2024-07-24T08:58:08","date_gmt":"2024-07-24T11:58:08","guid":{"rendered":"https:\/\/www.visionweb.com.ar\/?p=15256"},"modified":"2024-07-24T09:34:22","modified_gmt":"2024-07-24T12:34:22","slug":"mateada-lanusense-se-abrio-la-convocatoria-para-los-vecinos-de-lanus-oeste","status":"publish","type":"post","link":"https:\/\/www.visionweb.com.ar\/?p=15256","title":{"rendered":"\u00abMateada Lanusense\u00bb: Se abri\u00f3 la convocatoria para los vecinos de Lan\u00fas Oeste"},"content":{"rendered":"<p><strong><em>El lunes 22 de julio, el Municipio organiz\u00f3 la primera mateada en el NIDO Chingolo con la participaci\u00f3n de m\u00e1s de 80 personas.<\/em><\/strong><!--more--><\/p>\n<p><img loading=\"lazy\" decoding=\"async\" class=\"size-medium wp-image-15257 alignleft\" src=\"https:\/\/www.visionweb.com.ar\/wp-content\/uploads\/2024\/07\/ANIVERSARRIO-300x200.jpg\" alt=\"\" width=\"300\" height=\"200\" srcset=\"https:\/\/www.visionweb.com.ar\/wp-content\/uploads\/2024\/07\/ANIVERSARRIO-300x200.jpg 300w, https:\/\/www.visionweb.com.ar\/wp-content\/uploads\/2024\/07\/ANIVERSARRIO.jpg 640w\" sizes=\"auto, (max-width: 300px) 100vw, 300px\" \/>En el marco del 80\u00b0 aniversario de la ciudad, el municipio de Lan\u00fas,\u00a0 llevar\u00e1 adelante el segundo encuentro participativo del proyecto \u00abMateada Lanusense\u00bb.<\/p>\n<p>En esta ocasi\u00f3n, las jornadas se desarrollar\u00e1n el viernes 26 de julio y el viernes 2 de agosto en el Palacio Municipal (Av. Hip\u00f3lito Yrigoyen 3863) de 17 a 19 horas.<\/p>\n<p>Los vecinos y vecinas que quieran sumarse a esta propuesta tienen que inscribirse previamente en\u00a0<strong><a href=\"http:\/\/www.lanus.gob.ar\/mateadalanusense\" target=\"_blank\" rel=\"noopener noreferrer\" data-saferedirecturl=\"https:\/\/www.google.com\/url?q=http:\/\/www.lanus.gob.ar\/mateadalanusense&amp;source=gmail&amp;ust=1721907192011000&amp;usg=AOvVaw2YDmdE4TBetqfbpVUUgyAi\">www.lanus.gob.ar\/<wbr \/>mateadalanusense<\/a><\/strong><strong>\u00a0<\/strong>y esperar\u00a0la confirmaci\u00f3n por mail, en la que constar\u00e1 la fecha y el lugar de la reuni\u00f3n.\u00a0Al hacerlo, tendr\u00e1n que optar por una de\u00a0las siguientes comisiones tem\u00e1ticas:<\/p>\n<p>\u2022\u00a0<strong>Comunidad lanusense<\/strong>: se trabajar\u00e1 sobre la historia de nuestras primeras instituciones, industrias y comercios de cada localidad seg\u00fan corresponda.<br \/>\n\u2022\u00a0<strong>Ciudad lanusense<\/strong>: se trabajar\u00e1 sobre la historia y el proceso de urbanizaci\u00f3n de nuestra localidad, sus servicios e infraestructura.<br \/>\n\u2022\u00a0<strong>Identidad cultural lanusense<\/strong>: se trabajar\u00e1 sobre la historia y trayectoria art\u00edstica mediante los distintos referentes e hitos culturales de cada localidad.<\/p>\n<p>El lunes 22 de julio, el Municipio organiz\u00f3 la primera mateada en el NIDO Chingolo con la participaci\u00f3n de m\u00e1s de 80 personas. Durante la reuni\u00f3n, vecinos, vecinas y referentes de la comunidad ya empezaron a trabajar los tres ejes tem\u00e1ticos que conforman esta iniciativa.<\/p>\n<p><strong>Agenda<\/strong><\/p>\n<p><img loading=\"lazy\" decoding=\"async\" class=\"size-medium wp-image-15258 alignright\" src=\"https:\/\/www.visionweb.com.ar\/wp-content\/uploads\/2024\/07\/ENCUENTRO-300x200.png\" alt=\"\" width=\"300\" height=\"200\" srcset=\"https:\/\/www.visionweb.com.ar\/wp-content\/uploads\/2024\/07\/ENCUENTRO-300x200.png 300w, https:\/\/www.visionweb.com.ar\/wp-content\/uploads\/2024\/07\/ENCUENTRO.png 640w\" sizes=\"auto, (max-width: 300px) 100vw, 300px\" \/>Las y los integrantes de esa mateada volver\u00e1n a reunirse el lunes 26 de julio para profundizar y dar forma a esa tarea. Las personas que quieran sumarse a esta propuesta a\u00fan tienen tiempo de inscribirse en\u00a0<strong><a href=\"http:\/\/www.lanus.gob.ar\/mateadalanusense\" target=\"_blank\" rel=\"noopener noreferrer\" data-saferedirecturl=\"https:\/\/www.google.com\/url?q=http:\/\/www.lanus.gob.ar\/mateadalanusense&amp;source=gmail&amp;ust=1721907192008000&amp;usg=AOvVaw2iF09mKSHKJfosu2_X0zdk\">www.lanus.gob.ar\/<wbr \/>mateadalanusense<\/a><\/strong><strong>\u00a0<\/strong><\/p>\n<p><strong>Al ingresar a la p\u00e1gina, deber\u00e1n<\/strong><strong>\u00a0<\/strong>deber\u00e1n elegir una de las tres opciones que aparecer\u00e1n en pantalla (<strong>Comunidad Lanusense<\/strong><strong>,\u00a0<\/strong><strong>Ciudad Lanusense o Identidad cultural Lanusense). Luego,<\/strong><strong>\u00a0<\/strong>recibir\u00e1n la confirmaci\u00f3n por mail, en la que constar\u00e1 la fecha y el lugar de la reuni\u00f3n.<\/p>\n<p>El resto de las mateadas, divididas seg\u00fan las localidades, se llevar\u00e1n adelante en los siguientes d\u00edas y lugares:<\/p>\n<p><u>\u2022\u00a0<strong>Lunes 26 de julio y viernes 2 de agosto<\/strong><\/u><\/p>\n<p>Municipio de Lan\u00fas (Av. Hip\u00f3lito Yrigoyen 3863, Lan\u00fas Oeste).<\/p>\n<p><strong><u>\u2022\u00a0Mi\u00e9rcoles 31 de julio y mi\u00e9rcoles 7 de agosto<\/u><\/strong><\/p>\n<p>Biblioteca Sarmiento (Av. Juan Domingo Per\u00f3n 3065, Valent\u00edn Alsina).<\/p>\n<p><u>\u2022\u00a0<strong>Mi\u00e9rcoles 31 de julio y mi\u00e9rcoles 7 de agosto<\/strong><\/u><\/p>\n<p>Casa de la Cultura (Sarmiento 1713, Lan\u00fas Este).<\/p>\n<p><u>\u2022\u00a0<strong>Jueves 1 de agosto y jueves 8 de agosto<\/strong><\/u><\/p>\n<p>Abremate, UNLa\u00a0 (Av. Hip\u00f3lito Yrigoyen 5682, Remedios de Escalada).<\/p>\n<p><u>\u2022\u00a0<strong>Jueves 1\u00b0 de agosto y jueves 8 de agosto<\/strong><\/u><\/p>\n<p>Parroquia San Jos\u00e9 de los Obreros (Av. Teodoro S\u00e1nchez de Bustamante 581, Gerli).<\/p>\n<p><strong><u>\u2022\u00a012 y 19 de agosto<\/u><\/strong><\/p>\n<p>Sociedad de Fomento \u00ab9 de Julio de 1816\u00bb (Hernandarias 4476). Barrios: Villa Diamante, Villa Caraza y Villa Jard\u00edn<strong>(VW)<\/strong>.<\/p>\n","protected":false},"excerpt":{"rendered":"<p>El lunes 22 de julio, el Municipio organiz\u00f3 la primera mateada en el NIDO Chingolo con la participaci\u00f3n de m\u00e1s de 80 personas.<\/p>\n","protected":false},"author":3,"featured_media":15257,"comment_status":"closed","ping_status":"closed","sticky":false,"template":"","format":"standard","meta":{"_monsterinsights_skip_tracking":false,"_monsterinsights_sitenote_active":false,"_monsterinsights_sitenote_note":"","_monsterinsights_sitenote_category":0,"footnotes":""},"categories":[3,7],"tags":[],"class_list":["post-15256","post","type-post","status-publish","format-standard","has-post-thumbnail","hentry","category-actualidad","category-educacion-y-cultura"],"_links":{"self":[{"href":"https:\/\/www.visionweb.com.ar\/index.php?rest_route=\/wp\/v2\/posts\/15256","targetHints":{"allow":["GET"]}}],"collection":[{"href":"https:\/\/www.visionweb.com.ar\/index.php?rest_route=\/wp\/v2\/posts"}],"about":[{"href":"https:\/\/www.visionweb.com.ar\/index.php?rest_route=\/wp\/v2\/types\/post"}],"author":[{"embeddable":true,"href":"https:\/\/www.visionweb.com.ar\/index.php?rest_route=\/wp\/v2\/users\/3"}],"replies":[{"embeddable":true,"href":"https:\/\/www.visionweb.com.ar\/index.php?rest_route=%2Fwp%2Fv2%2Fcomments&post=15256"}],"version-history":[{"count":1,"href":"https:\/\/www.visionweb.com.ar\/index.php?rest_route=\/wp\/v2\/posts\/15256\/revisions"}],"predecessor-version":[{"id":15259,"href":"https:\/\/www.visionweb.com.ar\/index.php?rest_route=\/wp\/v2\/posts\/15256\/revisions\/15259"}],"wp:featuredmedia":[{"embeddable":true,"href":"https:\/\/www.visionweb.com.ar\/index.php?rest_route=\/wp\/v2\/media\/15257"}],"wp:attachment":[{"href":"https:\/\/www.visionweb.com.ar\/index.php?rest_route=%2Fwp%2Fv2%2Fmedia&parent=15256"}],"wp:term":[{"taxonomy":"category","embeddable":true,"href":"https:\/\/www.visionweb.com.ar\/index.php?rest_route=%2Fwp%2Fv2%2Fcategories&post=15256"},{"taxonomy":"post_tag","embeddable":true,"href":"https:\/\/www.visionweb.com.ar\/index.php?rest_route=%2Fwp%2Fv2%2Ftags&post=15256"}],"curies":[{"name":"wp","href":"https:\/\/api.w.org\/{rel}","templated":true}]}}