{"id":15249,"date":"2024-07-24T07:44:27","date_gmt":"2024-07-24T10:44:27","guid":{"rendered":"https:\/\/www.visionweb.com.ar\/?p=15249"},"modified":"2024-07-23T19:51:45","modified_gmt":"2024-07-23T22:51:45","slug":"agustin-balladares-dio-inicio-al-cicloencuentros-por-el-debate-y-la-formacion","status":"publish","type":"post","link":"https:\/\/www.visionweb.com.ar\/?p=15249","title":{"rendered":"Agust\u00edn Balladares dio inicio al ciclo\u201cEncuentros por el Debate y la Formaci\u00f3n\u201d"},"content":{"rendered":"<p><em><strong>La apertura de la jornada de reflexi\u00f3n estuvo a cargo de Camila Caruso, coordinadora del encuentro.<\/strong><\/em><!--more--><\/p>\n<p><img loading=\"lazy\" decoding=\"async\" class=\"size-medium wp-image-15250 alignright\" src=\"https:\/\/www.visionweb.com.ar\/wp-content\/uploads\/2024\/07\/BALLADARES-DEBATE-300x245.jpeg\" alt=\"\" width=\"300\" height=\"245\" srcset=\"https:\/\/www.visionweb.com.ar\/wp-content\/uploads\/2024\/07\/BALLADARES-DEBATE-300x245.jpeg 300w, https:\/\/www.visionweb.com.ar\/wp-content\/uploads\/2024\/07\/BALLADARES-DEBATE.jpeg 588w\" sizes=\"auto, (max-width: 300px) 100vw, 300px\" \/>De Lan\u00fas para Lan\u00fas, la fuerza pol\u00edtica del Vicepresidente del PJ de Lan\u00fas, Agust\u00edn Balladares, Congresal Nacional de este mismo partido\u00a0 y titular del HCD local,\u00a0 \u00a0organiz\u00f3 este\u00a0 primer encuentro de discusi\u00f3n pol\u00edtica, abierto a la ciudadan\u00eda lanusense.<\/p>\n<p>Fue invitado especial, el abogado, Diputado Nacional (MC) y Secretario General de la Corriente Peronista Descamisados, Marcelo Koenig.<\/p>\n<p>La sede de la agrupaci\u00f3n pol\u00edtica \u201cDe Lan\u00fas para Lan\u00fas\u201d en Uni\u00f3n por la Patria, Av. Hip\u00f3lito Yrigoyen 4061,\u00a0 fue el escenario de la primera de un serie de charlas denominadas \u201cEncuentros por el Debate y la Formaci\u00f3n\u201d llevadas adelante\u00a0 por este frente peronista que encabeza el\u00a0 Vicepresidente del Partido Justicialista de Lan\u00fas, y Presidente del Honorable Concejo Deliberante\u00a0 local, Agust\u00edn Balladares.<\/p>\n<p>La apertura de la jornada de reflexi\u00f3n estuvo a cargo de Camila Caruso, coordinadora del encuentro, luego el propio Balladares continu\u00f3 en la palabra, en donde felicito la concreci\u00f3n de encuentros como el que se concret\u00f3 el jueves \u00faltimo con la presencia de todos y todas y fundamentalmente de Marcelo Koenig, Diputado Nacional (MC) y\u00a0 Secretario General de la Corriente Peronista Descamisados.<\/p>\n<p>El ex Legislador Nacional y principal invitado, es\u00a0 abogado y docente en la Facultad de Derecho de la Universidad de Buenos Aires; en el Instituto Nacional de Derechos Humanos Madres de Plaza de Mayo; en la Universidad Nacional de Jos\u00e9 C. Paz y en la Universidad Nacional de Avellaneda.<\/p>\n<p>Adem\u00e1s,\u00a0 fue Director de la Escuela Superior de Gobierno dependiente de Jefatura de Gabinete de Ministros, durante la presidencia de Cristina Fern\u00e1ndez de Kirchner (2011-2015).<\/p>\n<p>Luego de las presentaciones y bienvenidas,\u00a0 el encuentro transcurri\u00f3 en una enriquecedora ida y vuelta entre los presentes en donde \u201dla historia es la pol\u00edtica mirada hacia atr\u00e1s. Una recorrida por esa historia,\u00a0 en muchos casos,\u00a0 hace entender el presente y el transitar diario. El entender, el realizar encuentros como estos,\u00a0 de debate, de intercambio, profundiza e interpela\u00a0 el conocimiento que tenemos de nuestra argentina pol\u00edtica, incluso\u00a0 de la Patria Grande Latinoamericana\u201d.<\/p>\n<p>En este marco actual, \u201cel peronismo es importante y tiene que volver a enamorar al pueblo. El peronismo es transformaci\u00f3n conjunta de la sociedad. No es un hecho individual. Para eso,\u00a0 los encuentros, los debates, la discusi\u00f3n en estos tiempos adquiere una relevancia significativa\u201d.<\/p>\n<p>\u201cLas herramientas para la transformaci\u00f3n las da la formaci\u00f3n y ac\u00e1 estamos hoy. Analizando la historia y el pasado reciente, para volver a los valores y la capacidad de organizaci\u00f3n en cada barrio, en cada ciudad. Es ah\u00ed donde el militante, el dirigente con esas herramientas, de manera organizada, modifica,\u00a0 transforma una realidad nefasta como la que est\u00e1 viviendo la inmensa mayor\u00eda de los argentino\u201d, puntualiz\u00f3<\/p>\n<p>Estos fueron los conceptos fundamentales por donde transito el Primer Encuentro de este nuevo Ciclo llevado adelante por la fuerza pol\u00edtica \u201cDe Lan\u00fas para Lan\u00fas\u201d en Uni\u00f3n por la Patria.<\/p>\n<p>Se encontraban presentes, vecinos y vecinas de Lan\u00fas,\u00a0 integrantes del secretariado del PJ de Lan\u00fas, entre ellos, Walter Ramella,\u00a0 Gabriel Bran; Camila Asprea; Graciela Lizarraga y Jos\u00e9 Occhiuzzo, los congresales provinciales del PJ por Lan\u00fas, Cinthya Castro;\u00a0 Paola Castillo;\u00a0 Mart\u00edn Balladares y Daniel Lancellotti.<\/p>\n<p>Tambi\u00e9n estuvieron presentes \u00a0el ex Secretario de Gobierno Municipal, Jos\u00e9 Lu\u00eds Bianchi;\u00a0 Funcionarios del Municipio y del HCD de Lan\u00fas; ex concejales, consejeros escolares y funcionario municipales,\u00a0 Secretarios Generales de Unidades B\u00e1sicas, representantes e integrantes de espacios culturales y populares que hacen al entramado social \u00a0lanusensei;\u00a0 dirigentes pol\u00edticos y sociales;\u00a0 como as\u00ed tambi\u00e9n, sus pares gremiales integrantes del Frente Pol\u00edtico Sindical Eva Per\u00f3n, entre otros.(<strong> (VW)<\/strong><\/p>\n","protected":false},"excerpt":{"rendered":"<p>La apertura de la jornada de reflexi\u00f3n estuvo a cargo de Camila Caruso, coordinadora del encuentro.<\/p>\n","protected":false},"author":3,"featured_media":15250,"comment_status":"closed","ping_status":"closed","sticky":false,"template":"","format":"standard","meta":{"_monsterinsights_skip_tracking":false,"_monsterinsights_sitenote_active":false,"_monsterinsights_sitenote_note":"","_monsterinsights_sitenote_category":0,"footnotes":""},"categories":[1],"tags":[1071,6428,2765,6429],"class_list":["post-15249","post","type-post","status-publish","format-standard","has-post-thumbnail","hentry","category-uncategorized","tag-balladares","tag-comunidad","tag-debate","tag-koenig"],"_links":{"self":[{"href":"https:\/\/www.visionweb.com.ar\/index.php?rest_route=\/wp\/v2\/posts\/15249","targetHints":{"allow":["GET"]}}],"collection":[{"href":"https:\/\/www.visionweb.com.ar\/index.php?rest_route=\/wp\/v2\/posts"}],"about":[{"href":"https:\/\/www.visionweb.com.ar\/index.php?rest_route=\/wp\/v2\/types\/post"}],"author":[{"embeddable":true,"href":"https:\/\/www.visionweb.com.ar\/index.php?rest_route=\/wp\/v2\/users\/3"}],"replies":[{"embeddable":true,"href":"https:\/\/www.visionweb.com.ar\/index.php?rest_route=%2Fwp%2Fv2%2Fcomments&post=15249"}],"version-history":[{"count":1,"href":"https:\/\/www.visionweb.com.ar\/index.php?rest_route=\/wp\/v2\/posts\/15249\/revisions"}],"predecessor-version":[{"id":15251,"href":"https:\/\/www.visionweb.com.ar\/index.php?rest_route=\/wp\/v2\/posts\/15249\/revisions\/15251"}],"wp:featuredmedia":[{"embeddable":true,"href":"https:\/\/www.visionweb.com.ar\/index.php?rest_route=\/wp\/v2\/media\/15250"}],"wp:attachment":[{"href":"https:\/\/www.visionweb.com.ar\/index.php?rest_route=%2Fwp%2Fv2%2Fmedia&parent=15249"}],"wp:term":[{"taxonomy":"category","embeddable":true,"href":"https:\/\/www.visionweb.com.ar\/index.php?rest_route=%2Fwp%2Fv2%2Fcategories&post=15249"},{"taxonomy":"post_tag","embeddable":true,"href":"https:\/\/www.visionweb.com.ar\/index.php?rest_route=%2Fwp%2Fv2%2Ftags&post=15249"}],"curies":[{"name":"wp","href":"https:\/\/api.w.org\/{rel}","templated":true}]}}