{"id":15243,"date":"2024-07-23T11:13:40","date_gmt":"2024-07-23T14:13:40","guid":{"rendered":"https:\/\/www.visionweb.com.ar\/?p=15243"},"modified":"2024-07-23T11:13:40","modified_gmt":"2024-07-23T14:13:40","slug":"la-plata-se-abrio-la-inscripcion-a-un-curso-de-formacion-politica-con-participacion-de-kicillof-alfonsin-alak-y-taiana","status":"publish","type":"post","link":"https:\/\/www.visionweb.com.ar\/?p=15243","title":{"rendered":"La Plata: Se abri\u00f3 la inscripci\u00f3n a un curso de formaci\u00f3n pol\u00edtica con participaci\u00f3n de Kicillof, Alfons\u00edn, Alak y Taiana"},"content":{"rendered":"<p><em><strong>Estar\u00e1 compuesto por 24 clases, de forma virtual o presencial. Est\u00e1 destinado a personas interesadas con la agenda pol\u00edtica y el debate p\u00fablico.<\/strong><\/em><!--more--><\/p>\n<p><strong> <img loading=\"lazy\" decoding=\"async\" class=\"size-medium wp-image-15244 alignright\" src=\"https:\/\/www.visionweb.com.ar\/wp-content\/uploads\/2024\/07\/Kicillof-curso-de-politica-300x202.png\" alt=\"\" width=\"300\" height=\"202\" srcset=\"https:\/\/www.visionweb.com.ar\/wp-content\/uploads\/2024\/07\/Kicillof-curso-de-politica-300x202.png 300w, https:\/\/www.visionweb.com.ar\/wp-content\/uploads\/2024\/07\/Kicillof-curso-de-politica.png 603w\" sizes=\"auto, (max-width: 300px) 100vw, 300px\" \/>\u00a0\u00a0\u00a0 E<\/strong>l <strong>Instituto de Capacitaci\u00f3n Pol\u00edtica y Estudios Estrat\u00e9gicos de La Plata<\/strong> (ICP) abri\u00f3 la inscripci\u00f3n para un nuevo curso gratuito de formaci\u00f3n pol\u00edtica, enfocado en el\u00a0<strong>an\u00e1lisis del escenario mundial y los procesos pol\u00edticos, econ\u00f3micos y sociales\u00a0<\/strong>de la regi\u00f3n y el pa\u00eds.<\/p>\n<p>La cursada es <strong>gratuita<\/strong> y se enfocar\u00e1 en el an\u00e1lisis del escenario mundial y los procesos pol\u00edticos, econ\u00f3micos y sociales de la regi\u00f3n y el pa\u00eds. Est\u00e1 destinada a \u00abpersonas interesadas y comprometidas con la agenda pol\u00edtica y el debate p\u00fablico, la iniciativa incluir\u00e1 lecturas y observaciones acerca de la historia, las ideas y la situaci\u00f3n actual del movimiento nacional y popular\u00bb, seg\u00fan se comunic\u00f3 de manera oficial.<\/p>\n<p>El curso estar\u00e1 compuesto por\u00a0<strong>24 clases que ser\u00e1n dictadas a lo largo de 12 semanas<\/strong>\u00a0por los especialistas en pol\u00edtica internacional Jorge Elbaum y Telma Luzzani, el analista Marco Teruggi, el exembajador ante la OEA, Carlos Raimundi, el escritor e historiador, Hern\u00e1n Brienza, y la docente e investigadora Julia Rosemberg.<\/p>\n<p>Adem\u00e1s, contar\u00e1 con la participaci\u00f3n de destacados dirigentes pol\u00edticos, entre ellos el gobernador de la provincia de Buenos Aires, Axel Kicillof; el intendente de La Plata, Julio Alak; el excanciller Jorge Taiana; y el exembajador en Espa\u00f1a Ricardo Alfons\u00edn, entre otros.<\/p>\n<p>Modalidad y plan de estudio<\/p>\n<p>El primer m\u00f3dulo de los encuentros ser\u00e1\u00a0<strong>\u201cCrisis del orden mundial: capitalismo financiero internacional, la emergencia de nuevas derechas y de un nuevo mundo multipolar\u201d<\/strong>\u00a0y estar\u00e1 a cargo de Telma Luzzani y Jorge Elbaum.<\/p>\n<p>El segundo t\u00f3pico ser\u00e1 \u201c<strong>\u00bfPatio trasero o patria grande? La crisis mundial y sus implicancias para Am\u00e9rica Latina y el caribe. Desaf\u00edos para nuestra regi\u00f3n\u201d<\/strong>\u00a0y ser\u00e1 dictado por Carlos Raimundi y Marco Teruggi.<\/p>\n<p>El tercer tramo del curso ser\u00e1\u00a0<strong>\u201cPensando la Argentina pendular: Argentina y la posibilidad de un proyecto aut\u00f3nomo\u201d<\/strong>\u00a0y estar\u00e1 coordinado por Hern\u00e1n Brienza con la participaci\u00f3n especial de Ricardo Alfons\u00edn.<\/p>\n<p>La cuarta etapa ser\u00e1 \u201cConstrucci\u00f3n del movimiento nacional y popular argentino. El peronismo\u201d, comandado por Julia Rosemberg con la participaci\u00f3n de Julio Alak.<\/p>\n<p>Para inscribirse en el curso, los interesados deben ingresar a\u00a0<strong>la web del Instituto,<\/strong>\u00a0<a href=\"http:\/\/www.icpweb.ar\/\">www.icpweb.ar<\/a>, o enviar un\u00a0<strong>WhatsApp al n\u00famero 221 3579151.<\/strong>\u00a0Las clases pueden tomarse\u00a0<strong>de forma virtual, y tambi\u00e9n de manera presencial\u00a0<\/strong>en el ICP, ubicado en calle 54 N\u00ba 777 entre 10 y 11, La Plata. <strong>(VW)<\/strong><\/p>\n<p>&nbsp;<\/p>\n","protected":false},"excerpt":{"rendered":"<p>Estar\u00e1 compuesto por 24 clases, de forma virtual o presencial. Est\u00e1 destinado a personas interesadas con la agenda pol\u00edtica y el debate p\u00fablico.<\/p>\n","protected":false},"author":4,"featured_media":15244,"comment_status":"closed","ping_status":"closed","sticky":false,"template":"","format":"standard","meta":{"_monsterinsights_skip_tracking":false,"_monsterinsights_sitenote_active":false,"_monsterinsights_sitenote_note":"","_monsterinsights_sitenote_category":0,"footnotes":""},"categories":[7,4],"tags":[6424,850,95,6425],"class_list":["post-15243","post","type-post","status-publish","format-standard","has-post-thumbnail","hentry","category-educacion-y-cultura","category-politica","tag-curso-de-formacion-politica","tag-inscripcion","tag-la-plata","tag-virtual-o-presencial"],"_links":{"self":[{"href":"https:\/\/www.visionweb.com.ar\/index.php?rest_route=\/wp\/v2\/posts\/15243","targetHints":{"allow":["GET"]}}],"collection":[{"href":"https:\/\/www.visionweb.com.ar\/index.php?rest_route=\/wp\/v2\/posts"}],"about":[{"href":"https:\/\/www.visionweb.com.ar\/index.php?rest_route=\/wp\/v2\/types\/post"}],"author":[{"embeddable":true,"href":"https:\/\/www.visionweb.com.ar\/index.php?rest_route=\/wp\/v2\/users\/4"}],"replies":[{"embeddable":true,"href":"https:\/\/www.visionweb.com.ar\/index.php?rest_route=%2Fwp%2Fv2%2Fcomments&post=15243"}],"version-history":[{"count":1,"href":"https:\/\/www.visionweb.com.ar\/index.php?rest_route=\/wp\/v2\/posts\/15243\/revisions"}],"predecessor-version":[{"id":15245,"href":"https:\/\/www.visionweb.com.ar\/index.php?rest_route=\/wp\/v2\/posts\/15243\/revisions\/15245"}],"wp:featuredmedia":[{"embeddable":true,"href":"https:\/\/www.visionweb.com.ar\/index.php?rest_route=\/wp\/v2\/media\/15244"}],"wp:attachment":[{"href":"https:\/\/www.visionweb.com.ar\/index.php?rest_route=%2Fwp%2Fv2%2Fmedia&parent=15243"}],"wp:term":[{"taxonomy":"category","embeddable":true,"href":"https:\/\/www.visionweb.com.ar\/index.php?rest_route=%2Fwp%2Fv2%2Fcategories&post=15243"},{"taxonomy":"post_tag","embeddable":true,"href":"https:\/\/www.visionweb.com.ar\/index.php?rest_route=%2Fwp%2Fv2%2Ftags&post=15243"}],"curies":[{"name":"wp","href":"https:\/\/api.w.org\/{rel}","templated":true}]}}