{"id":15240,"date":"2024-07-23T10:58:08","date_gmt":"2024-07-23T13:58:08","guid":{"rendered":"https:\/\/www.visionweb.com.ar\/?p=15240"},"modified":"2024-07-23T10:58:08","modified_gmt":"2024-07-23T13:58:08","slug":"servicios-publicos-las-familias-de-amba-necesitan-en-julio-mas-de-140-000-para-cubrir-esos-gastos","status":"publish","type":"post","link":"https:\/\/www.visionweb.com.ar\/?p=15240","title":{"rendered":"Servicios p\u00fablicos: Las familias de AMBA\u00a0necesitan en julio m\u00e1s de $140.000 para cubrir esos gastos"},"content":{"rendered":"<p><em><strong>En siete meses el costo de la canasta total de servicios p\u00fablicos se increment\u00f3 374%. Incluye gastos de energ\u00eda, transporte y agua de red.<\/strong><\/em><!--more--><\/p>\n<p><strong>\u00a0 <img loading=\"lazy\" decoding=\"async\" class=\"size-medium wp-image-15241 alignright\" src=\"https:\/\/www.visionweb.com.ar\/wp-content\/uploads\/2024\/07\/servicios-agua-luz-300x171.png\" alt=\"\" width=\"300\" height=\"171\" srcset=\"https:\/\/www.visionweb.com.ar\/wp-content\/uploads\/2024\/07\/servicios-agua-luz-300x171.png 300w, https:\/\/www.visionweb.com.ar\/wp-content\/uploads\/2024\/07\/servicios-agua-luz.png 547w\" sizes=\"auto, (max-width: 300px) 100vw, 300px\" \/> E<\/strong>l <strong>Observatorio de Tarifas y Subsidios del Instituto Interdisciplinario de Econom\u00eda Pol\u00edtica<\/strong> (IIEP), que depende de la <strong>UBA y el Conicet<\/strong>, revel\u00f3 un <strong>informe<\/strong> que indic\u00f3 que las familias del \u00c1rea Metropolitana de Buenos Aires (AMBA)\u00a0<strong>necesitar\u00e1n en julio m\u00e1s de $140.000 para pagar las tarifas de servicios p\u00fablicos.<\/strong><\/p>\n<p>El an\u00e1lisis calcul\u00f3 que un hogar promedio del AMBA\u00a0<strong>necesita de $142.645 para cubrir sus necesidades energ\u00e9ticas, de transporte y de agua potable durante el s\u00e9ptimo mes del a\u00f1o<\/strong>, lo cual implica que el costo de la canasta total de servicios p\u00fablicos se increment\u00f3 374% frente a diciembre de 2023, cuando llegaba a los $30.100.<\/p>\n<p>El incremento en lo que va del a\u00f1o, se explica a partir de las\u00a0<strong>actualizaciones de tarifas\u00a0<\/strong>de transporte (enero y febrero), energ\u00eda el\u00e9ctrica (febrero y junio), agua y gas natural (abril y junio). Asimismo, los consumos de gas natural y energ\u00eda el\u00e9ctrica est\u00e1n ajustados por la estacionalidad de la demanda, indic\u00f3 Inforegi\u00f3n.<\/p>\n<p>En este sentido,\u00a0<strong>en julio se observa un aumento del 2% del gasto en servicios p\u00fablicos\u00a0<\/strong>y en lo que respecta al sector energ\u00e9tico se explica por \u201cconsumos m\u00e1s elevados conforme se transita el pico estacional de invierno; por incrementos en el precio de la energ\u00eda el\u00e9ctrica y el gas natural a partir del 1\u00b0 de junio; y por la modificaci\u00f3n de los bloques de consumo subsidiado en energ\u00eda el\u00e9ctrica y gas natural vigentes a partir del 1\u00b0 de junio\u201d.<\/p>\n<p>Aumentos desde diciembre:<\/p>\n<ul>\n<li>Agua potable y cloacas: 249%<\/li>\n<li>Energ\u00eda el\u00e9ctrica: 229%<\/li>\n<li>Gas: 1208%<\/li>\n<li>Transporte: 410%<\/li>\n<\/ul>\n<p>Con estos valores,\u00a0<strong>la canasta de servicios p\u00fablicos del AMBA ocupa en julio el 15% del salario promedio registrado estimado del mes\u00a0<\/strong>a la vez que el peso proporcional del gasto de cada servicio presenta valores similares para el transporte, la energ\u00eda el\u00e9ctrica y el gas natural.<\/p>\n<p>Los datos de este mes est\u00e1n influenciados por la\u00a0<strong>postergaci\u00f3n de los aumentos de luz y gas decidida por el Gobierno,<\/strong>\u00a0con el objetivo de <strong>contribuir a consolidar el descenso de la inflaci\u00f3n<\/strong>, tras la aplicaci\u00f3n de las subas de junio.<\/p>\n<p>El estudio revel\u00f3 que actualmente \u201cla prestaci\u00f3n de los servicios p\u00fablicos en el AMBA para los hogares de altos, medios y bajos ingresos\u00a0<strong>paga tarifas que en promedio cubren el 41% de los costos,<\/strong>\u00a0mientras que el Estado se hace cargo del 59% restante\u201d, aunque aclar\u00f3 que \u201cesta cobertura es dispar entre hogares y entre servicios\u201d. <strong>(VW)<\/strong><\/p>\n","protected":false},"excerpt":{"rendered":"<p>En siete meses el costo de la canasta total de servicios p\u00fablicos se increment\u00f3 374%. Incluye gastos de energ\u00eda, transporte y agua de red.<\/p>\n","protected":false},"author":4,"featured_media":15241,"comment_status":"closed","ping_status":"closed","sticky":false,"template":"","format":"standard","meta":{"_monsterinsights_skip_tracking":false,"_monsterinsights_sitenote_active":false,"_monsterinsights_sitenote_note":"","_monsterinsights_sitenote_category":0,"footnotes":""},"categories":[6,4,5],"tags":[6423,6258],"class_list":["post-15240","post","type-post","status-publish","format-standard","has-post-thumbnail","hentry","category-economia","category-politica","category-sociedad","tag-informe-iiep","tag-servicios-publicos"],"_links":{"self":[{"href":"https:\/\/www.visionweb.com.ar\/index.php?rest_route=\/wp\/v2\/posts\/15240","targetHints":{"allow":["GET"]}}],"collection":[{"href":"https:\/\/www.visionweb.com.ar\/index.php?rest_route=\/wp\/v2\/posts"}],"about":[{"href":"https:\/\/www.visionweb.com.ar\/index.php?rest_route=\/wp\/v2\/types\/post"}],"author":[{"embeddable":true,"href":"https:\/\/www.visionweb.com.ar\/index.php?rest_route=\/wp\/v2\/users\/4"}],"replies":[{"embeddable":true,"href":"https:\/\/www.visionweb.com.ar\/index.php?rest_route=%2Fwp%2Fv2%2Fcomments&post=15240"}],"version-history":[{"count":1,"href":"https:\/\/www.visionweb.com.ar\/index.php?rest_route=\/wp\/v2\/posts\/15240\/revisions"}],"predecessor-version":[{"id":15242,"href":"https:\/\/www.visionweb.com.ar\/index.php?rest_route=\/wp\/v2\/posts\/15240\/revisions\/15242"}],"wp:featuredmedia":[{"embeddable":true,"href":"https:\/\/www.visionweb.com.ar\/index.php?rest_route=\/wp\/v2\/media\/15241"}],"wp:attachment":[{"href":"https:\/\/www.visionweb.com.ar\/index.php?rest_route=%2Fwp%2Fv2%2Fmedia&parent=15240"}],"wp:term":[{"taxonomy":"category","embeddable":true,"href":"https:\/\/www.visionweb.com.ar\/index.php?rest_route=%2Fwp%2Fv2%2Fcategories&post=15240"},{"taxonomy":"post_tag","embeddable":true,"href":"https:\/\/www.visionweb.com.ar\/index.php?rest_route=%2Fwp%2Fv2%2Ftags&post=15240"}],"curies":[{"name":"wp","href":"https:\/\/api.w.org\/{rel}","templated":true}]}}