{"id":15238,"date":"2024-07-23T10:27:28","date_gmt":"2024-07-23T13:27:28","guid":{"rendered":"https:\/\/www.visionweb.com.ar\/?p=15238"},"modified":"2024-07-23T10:27:28","modified_gmt":"2024-07-23T13:27:28","slug":"en-la-costa-continua-la-baja-ocupacion-turistica-en-las-vacaciones-de-invierno","status":"publish","type":"post","link":"https:\/\/www.visionweb.com.ar\/?p=15238","title":{"rendered":"En la Costa contin\u00faa la baja ocupaci\u00f3n tur\u00edstica en las vacaciones de invierno"},"content":{"rendered":"<p><em><strong>Las ocupaciones hoteleras y extrahoteleras en los destinos tur\u00edsticos bonaerenses rondaron el 50% durante el segundo fin de semana de las vacaciones de invierno. Algunos conformes, otros no tanto.<\/strong><\/em><!--more--><\/p>\n<p><img loading=\"lazy\" decoding=\"async\" class=\"size-full wp-image-10267 alignright\" src=\"https:\/\/www.visionweb.com.ar\/wp-content\/uploads\/2023\/04\/Rambla-mdq.png\" alt=\"\" width=\"259\" height=\"173\" \/>\u00a0 <strong>L<\/strong>a\u00a0<strong>Asociaci\u00f3n Empresaria Hotelera y Gastron\u00f3mica de Mar del Plata<\/strong>\u00a0inform\u00f3 que en la primera semana de las vacaciones de invierno la ocupaci\u00f3n rond\u00f3 entre el 40 y el 45%, mientras que las reservas del \u00faltimo fin de semana rondaron en torno al 55%.<\/p>\n<p>As\u00ed, los principales destinos tur\u00edsticos de la\u00a0<strong>costa bonaerense registraron un porcentaje de ocupaci\u00f3n promedio del 50%<\/strong>, lo cual reflej\u00f3 un descenso en relaci\u00f3n con el receso del a\u00f1o pasado.<\/p>\n<p>En ese sentido, el secretario general del Colegio de Martilleros y Corredores P\u00fablicos de la ciudad balnearia,\u00a0<strong>Oscar Cher\u00fa<\/strong>, estim\u00f3 que: \u201cEl movimiento es similar al del a\u00f1o pasado. Pero tenemos que tener en cuenta que el contexto econ\u00f3mico del pa\u00eds no es el mejor. <strong>El dinero a la gente no le alcanza para cubrir todas sus necesidades y recorta gastos, salidas<\/strong>, se cuida lo m\u00e1s que puede. Y en\u00a0<strong>Mar del Plata<\/strong>, <strong>este per\u00edodo no es el fuerte<\/strong>\u201d.<\/p>\n<p>Por otra parte, desde el Ente Municipal de Turismo y Cultura de\u00a0<strong>Mar del Plata\u00a0<\/strong>(<strong>EMTURyC<\/strong>), remarcaron <strong>su conformidad<\/strong> respecto a los n\u00fameros de la temporada, <strong>al considerar el marco de la situaci\u00f3n econ\u00f3mica del pa\u00eds<\/strong>, con una ca\u00edda del consumo en varios sectores de la actividad econ\u00f3mica, y precisaron que el grueso de los turistas prefiri\u00f3 la ocupaci\u00f3n extrahotelera en departamentos para recortar gastos.<\/p>\n<p>En esa l\u00ednea, el Ente <strong>EMTURyC<\/strong> difundi\u00f3 las cifras de la primer semana de las\u00a0<strong>vacaciones de invierno<\/strong>, per\u00edodo en el que arribaron\u00a0<strong>220.340 visitantes<\/strong>\u00a0a la ciudad costera, un\u00a0<strong>5,2% menos<\/strong>\u00a0en relaci\u00f3n a la misma \u00e9poca del a\u00f1o pasado, indic\u00f3 Diputados bonaerenses.<\/p>\n<p>En el an\u00e1lisis del organismo de\u00a0<strong>Mar del Plata<\/strong>, se comprende el primer tramo de las<strong>\u00a0vacaciones de invierno<\/strong>\u00a0que abarca del 12 al 21 de julio, d\u00edas en el que\u00a0<strong>la cifra de turistas fue peor a la del 2023<\/strong>.<\/p>\n<p>No obstante, el presidente del\u00a0<strong>EMTURyC<\/strong>,\u00a0<strong>Bernardo Mart\u00edn<\/strong>, destac\u00f3 los n\u00fameros de las\u00a0<strong>vacaciones de invierno\u00a0<\/strong>ya que, pese al contexto econ\u00f3mico adverso, la poblaci\u00f3n sigue eligiendo a\u00a0<strong>Mar del Plata\u00a0<\/strong>como su lugar tur\u00edstico predilecto.<\/p>\n<p>\u201cLas vacaciones est\u00e1n funcionando muy bien. Las actividades que tenemos est\u00e1n en todos los centros culturales. El programa\u00a0<strong>Aventura en Mar del Plata\u00a0<\/strong>funciona muy bien.\u00a0Hemos\u00a0duplicado la cantidad de gente\u00a0que concurre a los museos y centros culturales.\u00a0Tenemos una oferta muy potente\u201d, se\u00f1al\u00f3\u00a0<strong>Mart\u00edn<\/strong>.<\/p>\n<p>Con una ocupaci\u00f3n promedio de cuatro d\u00edas, los precios de alquiler para un departamento de dos ambientes cuestan en\u00a0<strong>Mar del Plata<\/strong>\u00a0entre $40.000 y $50.000 por d\u00eda. <strong>\u201cEstamos conformes, la ciudad super\u00f3 en julio los 300.000 turistas<\/strong>; es una cifra muy buena\u201d, asegur\u00f3 a un portal marplatense el presidente del Emturyc,\u00a0<strong>Bernardo Mart\u00edn<\/strong>.<\/p>\n<p>Por otra parte, el<strong> Ministerio de la Producci\u00f3n del<\/strong>\u00a0<strong>Partido de La Costa<\/strong>, indic\u00f3 que\u00a0solo la localidad de\u00a0<strong>Costa del Este<\/strong>\u00a0super\u00f3 el 50% de ocupaci\u00f3n en las vacaciones de invierno, mientras que lugares como\u00a0<strong>San Clemente, San Bernardo<\/strong>\u00a0y\u00a0<strong>Mar de Aj\u00f3<\/strong>\u00a0apenas superaron el 20%.<\/p>\n<p>En tanto, la localidad de\u00a0<strong>Villa Gesell<\/strong>\u00a0que m\u00e1s registr\u00f3 ocupaci\u00f3n durante la primera semana de las vacaciones de invierno fue\u00a0<strong>Mar de las Pampas\u00a0<\/strong>con un 43%, mientras que la localidad vecina de\u00a0<strong>Las Gaviotas<\/strong>\u00a0tuvo 32%, Villa Gesell, 16% y\u00a0<strong>Mar Azul<\/strong>, 10%.<\/p>\n<p>Seg\u00fan los datos ofrecidos por los municipios bonaerenses, la ocupaci\u00f3n hotelera en el transcurso de las\u00a0<strong>vacaciones de invierno<\/strong>\u00a0ha sido<strong>\u00a0mayor en los destinos de campo y lagunas<\/strong>, mientras que la regi\u00f3n de la costa atl\u00e1ntica registr\u00f3 bajos niveles de ocupaci\u00f3n.<\/p>\n<p>Con relaci\u00f3n al mismo per\u00edodo del a\u00f1o pasado, los seis destinos bonaerenses que tuvieron mejor suerte con los turistas que los visitaron fueron\u00a0<strong>Monte<\/strong>, con un aumento de 32%;\u00a0<strong>Chascom\u00fas\u00a0<\/strong>(19%),\u00a0<strong>San Antonio de Areco<\/strong>\u00a0(14%),\u00a0<strong>Necochea\u00a0<\/strong>(5,5%) y\u00a0<strong>Costa del Este<\/strong> (2%). <strong>(VW)<\/strong><\/p>\n<p>&nbsp;<\/p>\n","protected":false},"excerpt":{"rendered":"<p>Las ocupaciones hoteleras y extrahoteleras en los destinos tur\u00edsticos bonaerenses rondaron el 50% durante el segundo fin de semana de las vacaciones de invierno. Algunos conformes, otros no tanto.<\/p>\n","protected":false},"author":4,"featured_media":10267,"comment_status":"closed","ping_status":"closed","sticky":false,"template":"","format":"standard","meta":{"_monsterinsights_skip_tracking":false,"_monsterinsights_sitenote_active":false,"_monsterinsights_sitenote_note":"","_monsterinsights_sitenote_category":0,"footnotes":""},"categories":[700],"tags":[6422,6421,247,6420],"class_list":["post-15238","post","type-post","status-publish","format-standard","has-post-thumbnail","hentry","category-turismo","tag-emturyc","tag-hoteleros","tag-mar-del-plata","tag-ocupacion-en-la-costa-atlantica"],"_links":{"self":[{"href":"https:\/\/www.visionweb.com.ar\/index.php?rest_route=\/wp\/v2\/posts\/15238","targetHints":{"allow":["GET"]}}],"collection":[{"href":"https:\/\/www.visionweb.com.ar\/index.php?rest_route=\/wp\/v2\/posts"}],"about":[{"href":"https:\/\/www.visionweb.com.ar\/index.php?rest_route=\/wp\/v2\/types\/post"}],"author":[{"embeddable":true,"href":"https:\/\/www.visionweb.com.ar\/index.php?rest_route=\/wp\/v2\/users\/4"}],"replies":[{"embeddable":true,"href":"https:\/\/www.visionweb.com.ar\/index.php?rest_route=%2Fwp%2Fv2%2Fcomments&post=15238"}],"version-history":[{"count":1,"href":"https:\/\/www.visionweb.com.ar\/index.php?rest_route=\/wp\/v2\/posts\/15238\/revisions"}],"predecessor-version":[{"id":15239,"href":"https:\/\/www.visionweb.com.ar\/index.php?rest_route=\/wp\/v2\/posts\/15238\/revisions\/15239"}],"wp:featuredmedia":[{"embeddable":true,"href":"https:\/\/www.visionweb.com.ar\/index.php?rest_route=\/wp\/v2\/media\/10267"}],"wp:attachment":[{"href":"https:\/\/www.visionweb.com.ar\/index.php?rest_route=%2Fwp%2Fv2%2Fmedia&parent=15238"}],"wp:term":[{"taxonomy":"category","embeddable":true,"href":"https:\/\/www.visionweb.com.ar\/index.php?rest_route=%2Fwp%2Fv2%2Fcategories&post=15238"},{"taxonomy":"post_tag","embeddable":true,"href":"https:\/\/www.visionweb.com.ar\/index.php?rest_route=%2Fwp%2Fv2%2Ftags&post=15238"}],"curies":[{"name":"wp","href":"https:\/\/api.w.org\/{rel}","templated":true}]}}