{"id":15235,"date":"2024-07-23T08:49:44","date_gmt":"2024-07-23T11:49:44","guid":{"rendered":"https:\/\/www.visionweb.com.ar\/?p=15235"},"modified":"2024-07-23T08:50:13","modified_gmt":"2024-07-23T11:50:13","slug":"hasta-el-4-de-agosto-esta-abierta-la-reinscripcion-para-mantener-la-tarifa-social","status":"publish","type":"post","link":"https:\/\/www.visionweb.com.ar\/?p=15235","title":{"rendered":"Hasta el 4 de agosto est\u00e1 abierta la reinscripci\u00f3n para mantener la tarifa social"},"content":{"rendered":"<p><em><strong>Los usuarios que deseen conservar los beneficios en los consumos de gas y de energ\u00eda el\u00e9ctrica deber\u00e1n completar el formulario<\/strong><\/em>\u00a0 <!--more--><\/p>\n<p><img loading=\"lazy\" decoding=\"async\" class=\"size-medium wp-image-5853\" src=\"https:\/\/www.visionweb.com.ar\/wp-content\/uploads\/2022\/05\/tarifas-gas-300x225.jpg\" alt=\"\" width=\"300\" height=\"225\" srcset=\"https:\/\/www.visionweb.com.ar\/wp-content\/uploads\/2022\/05\/tarifas-gas-300x225.jpg 300w, https:\/\/www.visionweb.com.ar\/wp-content\/uploads\/2022\/05\/tarifas-gas-768x576.jpg 768w, https:\/\/www.visionweb.com.ar\/wp-content\/uploads\/2022\/05\/tarifas-gas-320x240.jpg 320w, https:\/\/www.visionweb.com.ar\/wp-content\/uploads\/2022\/05\/tarifas-gas.jpg 1024w\" sizes=\"auto, (max-width: 300px) 100vw, 300px\" \/><\/p>\n<p>Los\u00a0<strong>usuarios alcanzados por la tarifa social deben volver a inscribirse en el Registro de Acceso a los Subsidios a la Energ\u00eda (RASE),\u00a0<\/strong>para poder mantener el beneficio y atenuar los fuertes aumentos impulsados por el Gobierno nacional en los servicios de gas y electricidad. La fecha\u00a0<strong>l\u00edmite para hacer el tr\u00e1mite es el 4 de agosto.<\/strong><\/p>\n<p>A partir de una resoluci\u00f3n de la Secretar\u00eda de Energ\u00eda de la Naci\u00f3n, se estableci\u00f3 que todos aquellos usuarios que hab\u00edan sido inscriptos autom\u00e1ticamente por pertenecer a hogares de bajos ingresos\u00a0<strong>est\u00e1n obligados a reinscribirse y\/o actualizar sus datos<\/strong>. Para hacerlo deben ingresar a la p\u00e1gina web\u00a0<a href=\"http:\/\/www.argentina.gob.ar\/subsidios\">www.argentina.gob.ar\/subsidios<\/a>\u00a0y seguir los pasos necesarios para completar los formularios.<\/p>\n<p>All\u00ed se les requerir\u00e1 el\u00a0<strong>DNI, el n\u00famero de CUIL e informaci\u00f3n respecto de los ingresos de bolsillo de cada uno de los mayores de 18 a\u00f1os que componen el hogar.<\/strong>\u00a0Adem\u00e1s, se les solicitar\u00e1 el\u00a0<strong>n\u00famero de medidor y de cliente, servicio, cuenta, contrato o N\u00famero de Identificaci\u00f3n del Suministro (NIS)<\/strong>\u00a0que est\u00e1n en las facturas de energ\u00eda el\u00e9ctrica y gas natural por red.<\/p>\n<p>Cerca de la mitad de los usuarios residenciales bonaerenses forman parte de la\u00a0<strong>categor\u00eda denominada N2, perteneciente a la segmentaci\u00f3n de hogares con ingresos menores a los $873.000\u00a0<\/strong>(a valores de junio). De no inscribirse,\u00a0<strong>ser\u00e1n re-categorizados autom\u00e1ticamente como N1 \u2013hogares de altos ingresos-,\u00a0<\/strong>con un salto sustancial en los valores de las tarifas.<\/p>\n","protected":false},"excerpt":{"rendered":"<p>Los usuarios que deseen conservar los beneficios en los consumos de gas y de energ\u00eda el\u00e9ctrica deber\u00e1n completar el formulario\u00a0<\/p>\n","protected":false},"author":3,"featured_media":4603,"comment_status":"closed","ping_status":"closed","sticky":false,"template":"","format":"standard","meta":{"_monsterinsights_skip_tracking":false,"_monsterinsights_sitenote_active":false,"_monsterinsights_sitenote_note":"","_monsterinsights_sitenote_category":0,"footnotes":""},"categories":[8],"tags":[4369,6419,6418,564],"class_list":["post-15235","post","type-post","status-publish","format-standard","has-post-thumbnail","hentry","category-interes-general","tag-beneficios","tag-conservar","tag-formulario","tag-tarifas"],"_links":{"self":[{"href":"https:\/\/www.visionweb.com.ar\/index.php?rest_route=\/wp\/v2\/posts\/15235","targetHints":{"allow":["GET"]}}],"collection":[{"href":"https:\/\/www.visionweb.com.ar\/index.php?rest_route=\/wp\/v2\/posts"}],"about":[{"href":"https:\/\/www.visionweb.com.ar\/index.php?rest_route=\/wp\/v2\/types\/post"}],"author":[{"embeddable":true,"href":"https:\/\/www.visionweb.com.ar\/index.php?rest_route=\/wp\/v2\/users\/3"}],"replies":[{"embeddable":true,"href":"https:\/\/www.visionweb.com.ar\/index.php?rest_route=%2Fwp%2Fv2%2Fcomments&post=15235"}],"version-history":[{"count":2,"href":"https:\/\/www.visionweb.com.ar\/index.php?rest_route=\/wp\/v2\/posts\/15235\/revisions"}],"predecessor-version":[{"id":15237,"href":"https:\/\/www.visionweb.com.ar\/index.php?rest_route=\/wp\/v2\/posts\/15235\/revisions\/15237"}],"wp:featuredmedia":[{"embeddable":true,"href":"https:\/\/www.visionweb.com.ar\/index.php?rest_route=\/wp\/v2\/media\/4603"}],"wp:attachment":[{"href":"https:\/\/www.visionweb.com.ar\/index.php?rest_route=%2Fwp%2Fv2%2Fmedia&parent=15235"}],"wp:term":[{"taxonomy":"category","embeddable":true,"href":"https:\/\/www.visionweb.com.ar\/index.php?rest_route=%2Fwp%2Fv2%2Fcategories&post=15235"},{"taxonomy":"post_tag","embeddable":true,"href":"https:\/\/www.visionweb.com.ar\/index.php?rest_route=%2Fwp%2Fv2%2Ftags&post=15235"}],"curies":[{"name":"wp","href":"https:\/\/api.w.org\/{rel}","templated":true}]}}