{"id":15230,"date":"2024-07-22T10:53:34","date_gmt":"2024-07-22T13:53:34","guid":{"rendered":"https:\/\/www.visionweb.com.ar\/?p=15230"},"modified":"2024-07-22T10:53:34","modified_gmt":"2024-07-22T13:53:34","slug":"senado-bonaerense-proyecto-para-crear-un-programa-de-orientacion-vocacional-en-escuelas-secundarias","status":"publish","type":"post","link":"https:\/\/www.visionweb.com.ar\/?p=15230","title":{"rendered":"Senado bonaerense: Proyecto para crear un programa de orientaci\u00f3n vocacional en escuelas secundarias"},"content":{"rendered":"<p><em><strong>Senadoras bonaerenses del PRO presentaron un proyecto para que las escuelas secundarias tengan un programa de orientaci\u00f3n vocacional. El objetivo es \u201cfavorecer la igualdad de oportunidades\u201d.<\/strong><\/em><!--more--><\/p>\n<p><strong> <img loading=\"lazy\" decoding=\"async\" class=\"size-medium wp-image-9483 alignright\" src=\"https:\/\/www.visionweb.com.ar\/wp-content\/uploads\/2023\/02\/alumnos-secundarios-300x183.jpg\" alt=\"\" width=\"300\" height=\"183\" srcset=\"https:\/\/www.visionweb.com.ar\/wp-content\/uploads\/2023\/02\/alumnos-secundarios-300x183.jpg 300w, https:\/\/www.visionweb.com.ar\/wp-content\/uploads\/2023\/02\/alumnos-secundarios.bmp 412w\" sizes=\"auto, (max-width: 300px) 100vw, 300px\" \/>\u00a0 L<\/strong>as\u00a0<strong>senadoras bonaerenses del PRO<\/strong>,\u00a0<strong>Aldana Ahumada<\/strong>\u00a0y\u00a0<strong>Yamila Alonso<\/strong>, presentaron un proyecto que busca crear el\u00a0<strong>Programa de Orientaci\u00f3n Vocacional Ocupacional\u00a0<\/strong>de aplicaci\u00f3n obligatoria en las\u00a0<strong>escuelas secundarias<\/strong>\u00a0de la\u00a0<strong>provincia de Buenos Aires<\/strong>, con el objetivo de acompa\u00f1ar a los j\u00f3venes que est\u00e1n pr\u00f3ximos a egresar en la elecci\u00f3n de una carrera universitaria o terciaria.<\/p>\n<p>En ese sentido, el proyecto de ley de autor\u00eda de\u00a0<strong>Ahumada<\/strong>, se\u00f1ala que todos los j\u00f3venes de la\u00a0<strong>provincia de Buenos Aires<\/strong>\u00a0que se encuentren cursando la\u00a0<strong>escuela secundaria\u00a0<\/strong>tienen derecho a recibir\u00a0<strong>orientaci\u00f3n vocacional educativa y profesional<\/strong>, sin distinci\u00f3n de si el establecimiento educativo es de gesti\u00f3n privada o estatal, indic\u00f3 Diputados Bonaerenses.<\/p>\n<p>Seg\u00fan el an\u00e1lisis de las senadoras, el\u00a0<strong>Programa Provincial de Orientaci\u00f3n Vocacional Ocupacional\u00a0<\/strong>debe entrar en el rango de responsabilidades de la\u00a0<strong>Direcci\u00f3n General de Cultura y Educaci\u00f3n\u00a0<\/strong>de la\u00a0<strong>provincia de Buenos Aires<\/strong>, que desde la primera gesti\u00f3n de\u00a0<strong>Axel Kicillof<\/strong>\u00a0est\u00e1 en manos de\u00a0<strong>Alberto Sileoni<\/strong>.<\/p>\n<p>\u201cEl\u00a0<strong>Programa Provincial de Orientaci\u00f3n Vocacional Ocupacional<\/strong>\u00a0debe ser creado con la finalidad de cumplir con el desarrollo de los conocimientos, capacidades y habilidades necesarias para la transici\u00f3n entre la vida estudiantil y la laboral\u201d, expresa el documento que ingresaron\u00a0<strong>Ahumada<\/strong>\u00a0y\u00a0<strong>Alonso\u00a0<\/strong>en la\u00a0<strong>Legislatura bonaerense<\/strong>.<\/p>\n<p>En ese contexto, el proyecto especifica que, para el correcto desarrollo del plan, cada establecimiento debe estar asesorado por una comisi\u00f3n interdisciplinaria, integrada por tres especialistas en la tem\u00e1tica, cinco representantes de las universidades nacionales y provinciales, cinco del sector empresario, uno del\u00a0<strong>Ministerio de Trabajo<\/strong>\u00a0y otro del Producci\u00f3n, Ciencia e Innovaci\u00f3n Tecnol\u00f3gica.<\/p>\n<p>Por \u00faltimo, es preciso mencionar que, el proyecto para incorporar la\u00a0<strong>orientaci\u00f3n vocacional\u00a0<\/strong>en las\u00a0<strong>escuelas secundarias\u00a0<\/strong>se\u00f1ala que la\u00a0<strong>Direcci\u00f3n General de Cultura y Educaci\u00f3n\u00a0<\/strong>deber\u00e1 \u201c<strong>promover la cooperaci\u00f3n entre instituciones educativas para favorecer la igualdad de oportunidades<\/strong> entre establecimientos p\u00fablicos, de gesti\u00f3n estatal y privada, y las zonas rurales, industriales o urbanas desfavorecidas socialmente\u201d.<\/p>\n<p>En tanto, el proyecto de las\u00a0<strong>senadoras bonaerenses<\/strong>\u00a0<strong>del PRO\u00a0<\/strong>entiende como\u00a0<strong>orientaci\u00f3n vocacional<\/strong>\u00a0a los \u201cconocimientos, capacidades y habilidades necesarias para el desarrollo personal, la empleabilidad y la inclusi\u00f3n social\u201d.<\/p>\n<p><strong>Legislatura bonaerense: los objetivos del proyecto de orientaci\u00f3n vocacional<\/strong><\/p>\n<ul>\n<li>Incorporar la\u00a0<strong>orientaci\u00f3n vocacional\u00a0<\/strong>educativa y profesional dentro de las propuestas educativas para identificar la vocaci\u00f3n de cada estudiante y orientarlo para su futuro proyecto de vida.<\/li>\n<li>Garantizar la igualdad de oportunidades para el pleno desarrollo de la personalidad, la inclusi\u00f3n educativa, la igualdad de derechos y oportunidades, y que act\u00fae como elemento compensador de las desigualdades personales, culturales, econ\u00f3micas y sociales.<\/li>\n<li>Asegurar que cada estudiante, al finalizar la\u00a0<strong>escuela secundaria<\/strong>, cuente con una gu\u00eda de orientaci\u00f3n vocacional educativa y profesional.<\/li>\n<li>Vincular los conocimientos curriculares con las capacidades y habilidades necesarias para el desarrollo personal, la empleabilidad y la inclusi\u00f3n social.<\/li>\n<li>Promover espacios de vinculaci\u00f3n directa entre los estudiantes y trabajadores, empleadores y emprendedores en sus espacios de trabajo. <strong>(VW)<\/strong><\/li>\n<\/ul>\n<p>&nbsp;<\/p>\n","protected":false},"excerpt":{"rendered":"<p>Senadoras bonaerenses del PRO presentaron un proyecto para que las escuelas secundarias tengan un programa de orientaci\u00f3n vocacional. El objetivo es \u201cfavorecer la igualdad de oportunidades\u201d.<\/p>\n","protected":false},"author":4,"featured_media":9483,"comment_status":"closed","ping_status":"closed","sticky":false,"template":"","format":"standard","meta":{"_monsterinsights_skip_tracking":false,"_monsterinsights_sitenote_active":false,"_monsterinsights_sitenote_note":"","_monsterinsights_sitenote_category":0,"footnotes":""},"categories":[7,4],"tags":[6414,1953,6413],"class_list":["post-15230","post","type-post","status-publish","format-standard","has-post-thumbnail","hentry","category-educacion-y-cultura","category-politica","tag-orientacion-vocacional-en-secundarias","tag-proyecto","tag-senadoras-bonaerenses"],"_links":{"self":[{"href":"https:\/\/www.visionweb.com.ar\/index.php?rest_route=\/wp\/v2\/posts\/15230","targetHints":{"allow":["GET"]}}],"collection":[{"href":"https:\/\/www.visionweb.com.ar\/index.php?rest_route=\/wp\/v2\/posts"}],"about":[{"href":"https:\/\/www.visionweb.com.ar\/index.php?rest_route=\/wp\/v2\/types\/post"}],"author":[{"embeddable":true,"href":"https:\/\/www.visionweb.com.ar\/index.php?rest_route=\/wp\/v2\/users\/4"}],"replies":[{"embeddable":true,"href":"https:\/\/www.visionweb.com.ar\/index.php?rest_route=%2Fwp%2Fv2%2Fcomments&post=15230"}],"version-history":[{"count":1,"href":"https:\/\/www.visionweb.com.ar\/index.php?rest_route=\/wp\/v2\/posts\/15230\/revisions"}],"predecessor-version":[{"id":15231,"href":"https:\/\/www.visionweb.com.ar\/index.php?rest_route=\/wp\/v2\/posts\/15230\/revisions\/15231"}],"wp:featuredmedia":[{"embeddable":true,"href":"https:\/\/www.visionweb.com.ar\/index.php?rest_route=\/wp\/v2\/media\/9483"}],"wp:attachment":[{"href":"https:\/\/www.visionweb.com.ar\/index.php?rest_route=%2Fwp%2Fv2%2Fmedia&parent=15230"}],"wp:term":[{"taxonomy":"category","embeddable":true,"href":"https:\/\/www.visionweb.com.ar\/index.php?rest_route=%2Fwp%2Fv2%2Fcategories&post=15230"},{"taxonomy":"post_tag","embeddable":true,"href":"https:\/\/www.visionweb.com.ar\/index.php?rest_route=%2Fwp%2Fv2%2Ftags&post=15230"}],"curies":[{"name":"wp","href":"https:\/\/api.w.org\/{rel}","templated":true}]}}