{"id":15228,"date":"2024-07-22T10:33:00","date_gmt":"2024-07-22T13:33:00","guid":{"rendered":"https:\/\/www.visionweb.com.ar\/?p=15228"},"modified":"2024-07-22T10:33:00","modified_gmt":"2024-07-22T13:33:00","slug":"se-reglamento-la-reforma-del-impuesto-a-las-ganancias","status":"publish","type":"post","link":"https:\/\/www.visionweb.com.ar\/?p=15228","title":{"rendered":"Se reglament\u00f3 la reforma del Impuesto a las Ganancias"},"content":{"rendered":"<p><em><strong>Tras la aprobaci\u00f3n de la reforma fiscal, Javier Milei reglament\u00f3 la vuelta del Impuesto a las Ganancias.\u00a0En septiembre ser\u00e1 la primera actualizaci\u00f3n.<\/strong><\/em><!--more--><\/p>\n<p><strong> <img loading=\"lazy\" decoding=\"async\" class=\"size-medium wp-image-1872 alignright\" src=\"https:\/\/www.visionweb.com.ar\/wp-content\/uploads\/2021\/06\/AFIP-300x196.png\" alt=\"\" width=\"300\" height=\"196\" srcset=\"https:\/\/www.visionweb.com.ar\/wp-content\/uploads\/2021\/06\/AFIP-300x196.png 300w, https:\/\/www.visionweb.com.ar\/wp-content\/uploads\/2021\/06\/AFIP.png 640w\" sizes=\"auto, (max-width: 300px) 100vw, 300px\" \/>\u00a0\u00a0 E<\/strong>l<strong> Gobierno Nacional reglament\u00f3 hoy la reforma al Impuesto a las Ganancias <\/strong>establecido en la Ley Medidas Paliativas y Relevantes, con el cual los trabajadores solteros con sueldos brutos de 1,8 millones de pesos (1,5 netos) y los casados con salarios de 2,2 millones de pesos brutos comenzar\u00e1n a pagarlo.<\/p>\n<p>A trav\u00e9s del<strong>\u00a0<\/strong><strong><a href=\"https:\/\/www.boletinoficial.gob.ar\/detalleAviso\/primera\/310945\/20240722\">Decreto 652\/24<\/a><\/strong><strong>, <\/strong>regresa este tributo para la cuarta categor\u00eda, publicado en el\u00a0Bolet\u00edn Oficial\u00a0de este lunes,\u00a0que entra en vigencia este mes por lo que<strong> se pagar\u00e1 por primera vez en agosto.<\/strong><\/p>\n<p>Se estima que\u00a0<strong>casi un mill\u00f3n de empleados comenzar\u00e1n a pagar ganancias que hasta ahora estaban exentos ya que lo hac\u00edan los altos ingresos que superen los 15 sueldos m\u00ednimos<\/strong>\u00a0que en julio se iban a ubicar en los 3,5 millones de pesos.<\/p>\n<p>La resoluci\u00f3n fue firmada por el presidente Javier Milei, el jefe de Gabinete, Guillermo Francos, y el ministro de Econom\u00eda, Luis Caputo.<\/p>\n<p><strong>Los trabajadores que cobren 1,8 mill\u00f3n de pesos en el caso de los solteros (1,5 mill\u00f3n de pesos netos) comenzar\u00e1n a pagar\u00a0<\/strong>una al\u00edcuota del 5 por ciento sobre el excedente que representa 3000 pesos.<\/p>\n<p>Se eleva a 100 mil pesos en el caso de aquellos que cobran 2,5 millones de pesos brutos. La al\u00edcuota del 35 por ciento la pagar\u00e1n aquellos que perciban salarios brutos de 4,9 millones de pesos.<\/p>\n<p><strong>En el caso de los casados pagar\u00e1n el tributo los que ganen mas de 2,2 millones de pesos brutos<\/strong>\u00a0(1,9 millones de pesos) con al\u00edcuotas progresivas que van desde el 5 por ciento hasta llegar al 35 por ciento en el caso de los cobren 5,5 millones de pesos.<\/p>\n<p>La <strong>actualizaci\u00f3n del m\u00ednimo no imponible se har\u00e1 este a\u00f1o en septiembre<\/strong> y a partir del 2025 en enero y julio de cada a\u00f1o y se calcular\u00e1 en base al \u00edndice de precios al consumidor, que difunda el Indec.<\/p>\n<p><strong>Actualizaciones futuras:<\/strong><\/p>\n<p>En ese sentido, el decreto fija que \u201cel art\u00edculo 74 de la Ley N\u00b0 27.743 instituye un ajuste excepcional en el mes de septiembre del corriente a\u00f1o por el coeficiente que surja de la variaci\u00f3n del \u00edndice se\u00f1alado en el considerando precedente, correspondiente a los meses de junio a agosto de 2024, inclusive\u201d.<\/p>\n<p>En el caso de la actualizaci\u00f3n que se aplicar\u00e1 en enero del 2025 se realizar\u00e1 tomando en consideraci\u00f3n el coeficiente que surja de la variaci\u00f3n del indicado \u00edndice, correspondiente a los meses de septiembre a diciembre de 2024, inclusive. <strong>(VW)<\/strong><\/p>\n<p>&nbsp;<\/p>\n","protected":false},"excerpt":{"rendered":"<p>Tras la aprobaci\u00f3n de la reforma fiscal, Javier Milei reglament\u00f3 la vuelta del Impuesto a las Ganancias.\u00a0En septiembre ser\u00e1 la primera actualizaci\u00f3n.<\/p>\n","protected":false},"author":4,"featured_media":1872,"comment_status":"closed","ping_status":"closed","sticky":false,"template":"","format":"standard","meta":{"_monsterinsights_skip_tracking":false,"_monsterinsights_sitenote_active":false,"_monsterinsights_sitenote_note":"","_monsterinsights_sitenote_category":0,"footnotes":""},"categories":[6,4],"tags":[6412,6411,3791],"class_list":["post-15228","post","type-post","status-publish","format-standard","has-post-thumbnail","hentry","category-economia","category-politica","tag-cuarta-categoria","tag-impuesto-a-las-ganancias","tag-reglamentacion"],"_links":{"self":[{"href":"https:\/\/www.visionweb.com.ar\/index.php?rest_route=\/wp\/v2\/posts\/15228","targetHints":{"allow":["GET"]}}],"collection":[{"href":"https:\/\/www.visionweb.com.ar\/index.php?rest_route=\/wp\/v2\/posts"}],"about":[{"href":"https:\/\/www.visionweb.com.ar\/index.php?rest_route=\/wp\/v2\/types\/post"}],"author":[{"embeddable":true,"href":"https:\/\/www.visionweb.com.ar\/index.php?rest_route=\/wp\/v2\/users\/4"}],"replies":[{"embeddable":true,"href":"https:\/\/www.visionweb.com.ar\/index.php?rest_route=%2Fwp%2Fv2%2Fcomments&post=15228"}],"version-history":[{"count":1,"href":"https:\/\/www.visionweb.com.ar\/index.php?rest_route=\/wp\/v2\/posts\/15228\/revisions"}],"predecessor-version":[{"id":15229,"href":"https:\/\/www.visionweb.com.ar\/index.php?rest_route=\/wp\/v2\/posts\/15228\/revisions\/15229"}],"wp:featuredmedia":[{"embeddable":true,"href":"https:\/\/www.visionweb.com.ar\/index.php?rest_route=\/wp\/v2\/media\/1872"}],"wp:attachment":[{"href":"https:\/\/www.visionweb.com.ar\/index.php?rest_route=%2Fwp%2Fv2%2Fmedia&parent=15228"}],"wp:term":[{"taxonomy":"category","embeddable":true,"href":"https:\/\/www.visionweb.com.ar\/index.php?rest_route=%2Fwp%2Fv2%2Fcategories&post=15228"},{"taxonomy":"post_tag","embeddable":true,"href":"https:\/\/www.visionweb.com.ar\/index.php?rest_route=%2Fwp%2Fv2%2Ftags&post=15228"}],"curies":[{"name":"wp","href":"https:\/\/api.w.org\/{rel}","templated":true}]}}