{"id":15225,"date":"2024-07-22T09:32:18","date_gmt":"2024-07-22T12:32:18","guid":{"rendered":"https:\/\/www.visionweb.com.ar\/?p=15225"},"modified":"2024-07-21T12:40:44","modified_gmt":"2024-07-21T15:40:44","slug":"el-municipio-de-lomas-presentara-un-reclamo-colectivo-contra-edesur","status":"publish","type":"post","link":"https:\/\/www.visionweb.com.ar\/?p=15225","title":{"rendered":"El Municipio de Lomas presentar\u00e1 un reclamo colectivo contra Edesur"},"content":{"rendered":"<p><em><strong>Unas de las localidades m\u00e1s afectadas por los cortes de energ\u00eda es Ingeniero Bugde que padeci\u00f3 en plena ola de fr\u00edo, trece d\u00edas sin luz.<\/strong><\/em><!--more--><\/p>\n<div id=\"attachment_15226\" style=\"width: 310px\" class=\"wp-caption alignleft\"><img loading=\"lazy\" decoding=\"async\" aria-describedby=\"caption-attachment-15226\" class=\"wp-image-15226 size-medium\" src=\"https:\/\/www.visionweb.com.ar\/wp-content\/uploads\/2024\/07\/OTEREMIN-300x201.png\" alt=\"\" width=\"300\" height=\"201\" srcset=\"https:\/\/www.visionweb.com.ar\/wp-content\/uploads\/2024\/07\/OTEREMIN-300x201.png 300w, https:\/\/www.visionweb.com.ar\/wp-content\/uploads\/2024\/07\/OTEREMIN.png 640w\" sizes=\"auto, (max-width: 300px) 100vw, 300px\" \/><p id=\"caption-attachment-15226\" class=\"wp-caption-text\"><em><strong>Intendente de Lomas de Zamora, Federico Oterm\u00edn<\/strong><\/em><\/p><\/div>\n<p>El Ejecutivo municipal iniciar\u00e1 un reclamo colectivo contra la empresa proveedora de energ\u00eda el\u00e9ctrica, tras los reiterados cortes en barrios de Lomas de Zamora.<\/p>\n<p>En ese sentido la comuna lomense pidi\u00f3 a los vecinos que hayan tenido o tengan problemas con la provisi\u00f3n de energ\u00eda el\u00e9ctrica se pueden contactar con la Oficina de Defensa al Consumidor del Municipio.<\/p>\n<p>En el marco de los reiterados cortes de luz que padecen los barrios de Lomas de Zamora durante el invierno, el municipio presentar\u00e1 un reclamo colectivo ante el Ente Regulador de la Electricidad (ENRE) contra la empresa distribuidora de energ\u00eda el\u00e9ctrica Edesur.<\/p>\n<p>El intendente de Lomas de Zamora, Federico Oterm\u00edn, manifest\u00f3 que la energ\u00eda el\u00e9ctrica \u201ces un derecho, porque es esencial para vivir, trabajar, calefaccionarse y refrigerar alimentos, entre otras cuestiones\u201d y explic\u00f3: \u201cPor eso no podemos aceptar que Edesur brinde un servicio tan precario a nuestros vecinos. Desde el Gobierno de la Comunidad vamos a defender siempre a las familias de Lomas\u201d.<\/p>\n<p>La secretaria t\u00e9cnica administrativa, Aldana Scillama, se\u00f1al\u00f3 que desde el Gobierno local le exigen a Edesur \u201cuna pronta soluci\u00f3n de los problemas, as\u00ed como inversi\u00f3n para solucionar las fallas estructurales y un resarcimiento a los usuarios\u201d.<\/p>\n<h2 class=\"wp-block-heading\">Barrios sin luz<\/h2>\n<p>Unas de las localidades m\u00e1s afectadas por los cortes de energ\u00eda es Ingeniero Bugde que padeci\u00f3 en plena ola de fr\u00edo, trece d\u00edas sin luz e hizo p\u00fablico su reclamo mediante cortes de calles y avenidas. En este contexto, el municipio recopila las denuncias de todos aquellos vecinos que estuvieron sin servicio o sufrieron fallas en el suministro. La secretaria general del Municipio, Mar\u00eda Sol Tischik, especific\u00f3 que \u201cse est\u00e1 recabando toda la informaci\u00f3n para tener un informe detallado de los damnificados\u201d.<\/p>\n<p>En ese sentido, la secretaria de Relaciones con la Comunidad, Marina Lesci, dijo: \u201cNos encontramos recabando las denuncias de los usuarios que est\u00e1n sin energ\u00eda o con fallas e intermitencias en la provisi\u00f3n, asesorando y acompa\u00f1ando a las familias e instituciones perjudicadas\u201d.<\/p>\n<p>Asimismo, los vecinos que hayan tenido o tengan problemas con la provisi\u00f3n de energ\u00eda el\u00e9ctrica se pueden contactar con la Oficina de Defensa al Consumidor del Municipio por WhatsApp al 1573698690, por mail a\u00a0consumidorldz@gmail.com o acercarse personalmente de 8 a 16 a Manuel Castro 220, Planta Baja, Oficina 8.<\/p>\n<p>En la p\u00e1gina web del municipio se encuentra a disposici\u00f3n de los lomenses un formulario para aquellas personas que tienen inconvenientes con el servicio de Edesur, se requiere completar los datos y en el caso y en el caso de da\u00f1os de artefactos el\u00e9ctricos se debe adjuntar documentaci\u00f3n requerida.<\/p>\n<p>Edesur ofrece en su p\u00e1gina web, c<strong>anales de atenci\u00f3n para los reclamos, entre ellos, se encuentra el n\u00famero de WhatsApp 1161876995 para casos de emergencia o corte de suministro.\u00a0<\/strong><\/p>\n","protected":false},"excerpt":{"rendered":"<p>Unas de las localidades m\u00e1s afectadas por los cortes de energ\u00eda es Ingeniero Bugde que padeci\u00f3 en plena ola de fr\u00edo, trece d\u00edas sin luz.<\/p>\n","protected":false},"author":3,"featured_media":15226,"comment_status":"closed","ping_status":"closed","sticky":false,"template":"","format":"standard","meta":{"_monsterinsights_skip_tracking":false,"_monsterinsights_sitenote_active":false,"_monsterinsights_sitenote_note":"","_monsterinsights_sitenote_category":0,"footnotes":""},"categories":[8],"tags":[277,276,195,4284,6410],"class_list":["post-15225","post","type-post","status-publish","format-standard","has-post-thumbnail","hentry","category-interes-general","tag-cortes","tag-edesur","tag-energia","tag-lomas","tag-otermin"],"_links":{"self":[{"href":"https:\/\/www.visionweb.com.ar\/index.php?rest_route=\/wp\/v2\/posts\/15225","targetHints":{"allow":["GET"]}}],"collection":[{"href":"https:\/\/www.visionweb.com.ar\/index.php?rest_route=\/wp\/v2\/posts"}],"about":[{"href":"https:\/\/www.visionweb.com.ar\/index.php?rest_route=\/wp\/v2\/types\/post"}],"author":[{"embeddable":true,"href":"https:\/\/www.visionweb.com.ar\/index.php?rest_route=\/wp\/v2\/users\/3"}],"replies":[{"embeddable":true,"href":"https:\/\/www.visionweb.com.ar\/index.php?rest_route=%2Fwp%2Fv2%2Fcomments&post=15225"}],"version-history":[{"count":1,"href":"https:\/\/www.visionweb.com.ar\/index.php?rest_route=\/wp\/v2\/posts\/15225\/revisions"}],"predecessor-version":[{"id":15227,"href":"https:\/\/www.visionweb.com.ar\/index.php?rest_route=\/wp\/v2\/posts\/15225\/revisions\/15227"}],"wp:featuredmedia":[{"embeddable":true,"href":"https:\/\/www.visionweb.com.ar\/index.php?rest_route=\/wp\/v2\/media\/15226"}],"wp:attachment":[{"href":"https:\/\/www.visionweb.com.ar\/index.php?rest_route=%2Fwp%2Fv2%2Fmedia&parent=15225"}],"wp:term":[{"taxonomy":"category","embeddable":true,"href":"https:\/\/www.visionweb.com.ar\/index.php?rest_route=%2Fwp%2Fv2%2Fcategories&post=15225"},{"taxonomy":"post_tag","embeddable":true,"href":"https:\/\/www.visionweb.com.ar\/index.php?rest_route=%2Fwp%2Fv2%2Ftags&post=15225"}],"curies":[{"name":"wp","href":"https:\/\/api.w.org\/{rel}","templated":true}]}}