{"id":15222,"date":"2024-07-22T07:05:35","date_gmt":"2024-07-22T10:05:35","guid":{"rendered":"https:\/\/www.visionweb.com.ar\/?p=15222"},"modified":"2024-07-21T12:26:13","modified_gmt":"2024-07-21T15:26:13","slug":"la-industria-pyme-cayo-204-anual-en-junio","status":"publish","type":"post","link":"https:\/\/www.visionweb.com.ar\/?p=15222","title":{"rendered":"La industria pyme cay\u00f3 20,4% anual en junio"},"content":{"rendered":"<p><em><strong>El 35,6% de las empresas consultadas se\u00f1alan que la medida m\u00e1s esperada en este momento ser\u00eda una reducci\u00f3n de impuestos, mientras que otro 14,6% menciona la flexibilizaci\u00f3n de las normativas laborales.<\/strong><\/em><!--more--><\/p>\n<p style=\"text-align: justify; margin: 12.0pt 0cm 7.5pt 0cm;\"><span style=\"font-family: 'Arial',sans-serif; color: #111111;\"><img loading=\"lazy\" decoding=\"async\" class=\"size-medium wp-image-7939 alignright\" src=\"https:\/\/www.visionweb.com.ar\/wp-content\/uploads\/2022\/10\/INDUSTRIAS-PYMES-300x168.png\" alt=\"\" width=\"300\" height=\"168\" srcset=\"https:\/\/www.visionweb.com.ar\/wp-content\/uploads\/2022\/10\/INDUSTRIAS-PYMES-300x168.png 300w, https:\/\/www.visionweb.com.ar\/wp-content\/uploads\/2022\/10\/INDUSTRIAS-PYMES.png 640w\" sizes=\"auto, (max-width: 300px) 100vw, 300px\" \/>La actividad manufacturera de las pymes disminuy\u00f3 20,4% anual en junio y acumula una<strong> retracci\u00f3n de 19,2% en el primer semestre<\/strong> del a\u00f1o frente al mismo per\u00edodo de 2023. En tanto, en la comparaci\u00f3n mensual desestacionalizada, la actividad tambi\u00e9n declin\u00f3 3,1%.<\/span><\/p>\n<p>Sin embargo, en medio de la crisis, varias empresas trabajan en la planificaci\u00f3n para la incorporaci\u00f3n de tecnolog\u00eda digital.<\/p>\n<p style=\"text-align: justify; margin: 12.0pt 0cm 7.5pt 0cm;\"><span style=\"font-family: 'Arial',sans-serif; color: #111111;\">Se destaca que <strong>el uso de la capacidad instalada descendi\u00f3 m\u00e1s de 10 puntos porcentuales en junio,<\/strong> ubic\u00e1ndose en apenas 60,1%. Este cambio refleja la compleja coyuntura que atraviesa el sector.<\/span><\/p>\n<p style=\"text-align: justify; margin: 12.0pt 0cm 7.5pt 0cm;\"><span style=\"font-family: 'Arial',sans-serif; color: #111111;\"><img loading=\"lazy\" decoding=\"async\" class=\"size-medium wp-image-15223 alignleft\" src=\"https:\/\/www.visionweb.com.ar\/wp-content\/uploads\/2024\/07\/PYMES-CAIDA-300x39.png\" alt=\"\" width=\"300\" height=\"39\" srcset=\"https:\/\/www.visionweb.com.ar\/wp-content\/uploads\/2024\/07\/PYMES-CAIDA-300x39.png 300w, https:\/\/www.visionweb.com.ar\/wp-content\/uploads\/2024\/07\/PYMES-CAIDA-768x100.png 768w, https:\/\/www.visionweb.com.ar\/wp-content\/uploads\/2024\/07\/PYMES-CAIDA.png 962w\" sizes=\"auto, (max-width: 300px) 100vw, 300px\" \/>Si bien este mes se mantuvo con costos y precios m\u00e1s estables, no alcanz\u00f3 para despertar una demanda que refleja la ca\u00edda en el poder adquisitivo de las familias. <\/span><\/p>\n<p style=\"text-align: justify; margin: 12.0pt 0cm 7.5pt 0cm;\"><span style=\"font-family: 'Arial',sans-serif; color: #111111;\">Los datos surgen del \u00cdndice de Producci\u00f3n Industrial Pyme (IPIP) que elabora la Confederaci\u00f3n Argentina de la Mediana Empresa (CAME), con una muestra que alcanz\u00f3 a 420 industrias pyme a nivel federal.<\/span><\/p>\n<p><strong>Encuesta cualitativa<\/strong><\/p>\n<p>El 35,6% de las empresas consultadas se\u00f1alan que la medida m\u00e1s esperada en este momento ser\u00eda una reducci\u00f3n de impuestos, mientras que otro 14,6% menciona la flexibilizaci\u00f3n de las normativas laborales. Se tratan ambas de pol\u00edticas que permitir\u00edan reducir los costos y mejorar la rentabilidad.<\/p>\n<p>En la lista de prioridades, el tercer lugar de medidas esperadas <strong>lo comparten el est\u00edmulo a la demanda interna y los cr\u00e9ditos blandos<\/strong>, en los dos casos mencionadas por el 13,6% de las industrias consultadas.<\/p>\n<h3 style=\"text-align: center;\"><span style=\"color: #0000ff;\"><em><strong>La actividad que m\u00e1s se retrajo es la industria del papel e impresiones.<\/strong><\/em><\/span><\/h3>\n<p>En cuanto a las problem\u00e1ticas y desaf\u00edos, <strong>el 43,4% de los encuestados menciona la falta de venta, otro 34,9% los altos costos de producci\u00f3n y log\u00edstica, y 11,1% las dificultades de acceso al cr\u00e9dito.<\/strong><\/p>\n<p style=\"text-align: justify; margin: 12.0pt 0cm 7.5pt 0cm;\"><span style=\"font-family: 'Arial',sans-serif; color: #111111;\">Por otro lado, las industrias fueron consultadas respecto a las medidas tomadas en los \u00faltimos 6 meses para adaptarse al contexto. El 37,7% de las empresas afirm\u00f3 haber reducido gastos operativos, el 22,6% dijo haber diversificado los productos y otro 20,7% redujo las horas laborales.<\/span><\/p>\n<p class=\"subtitulo\" style=\"margin: 12pt 0cm 7.5pt; text-align: left;\" align=\"center\"><strong><span style=\"font-family: 'Arial',sans-serif; color: #4472c4;\"><span style=\"color: #000000;\">An\u00e1lisis sectorial<\/span><\/span><\/strong><\/p>\n<p style=\"text-align: justify; margin: 12.0pt 0cm 7.5pt 0cm;\"><span style=\"font-family: 'Arial',sans-serif; color: #111111;\">Los seis sectores manufactureros del segmento pyme tuvieron fuertes ca\u00eddas en la comparaci\u00f3n anual, siendo los m\u00e1s afectados \u201cPapel e Impresiones\u201d (-31,5%) y \u201cQu\u00edmicos y pl\u00e1sticos\u201d (-30,3%).<\/span><\/p>\n<p><strong>Alimentos y bebidas<\/strong><\/p>\n<p style=\"text-align: justify; margin: 12.0pt 0cm 7.5pt 0cm;\"><span style=\"font-family: 'Arial',sans-serif; color: #111111;\">El sector registr\u00f3 una ca\u00edda de 17,4% anual a precios constantes en junio y de -4,8% en la comparaci\u00f3n mensual. Para el primer semestre del a\u00f1o acumula una baja de 16,7% anual. Las industrias operaron con apenas 58,1% de su capacidad instalada en el sexto mes del a\u00f1o (72,4% en mayo), niveles muy bajos para lo habitual del sector. <\/span><\/p>\n<p style=\"text-align: justify; margin: 12.0pt 0cm 7.5pt 0cm;\"><span style=\"font-family: 'Arial',sans-serif; color: #111111;\">Las empresas consultadas manifestaron que el mes se vio perjudicado por los feriados y los vaivenes macroecon\u00f3micos. Algunas observan se\u00f1ales de reactivaci\u00f3n espor\u00e1dicas que luego se interrumpen. No se detectaron este mes mayores problemas con el abastecimiento de insumos. <\/span><\/p>\n<p>La producci\u00f3n se retrajo 7,4% anual en junio y -4,3% frente a mayo. Para el primer semestre del a\u00f1o acumula una ca\u00edda de 2,7%. Las industrias operaron con 63,3% de su capacidad instalada, por debajo del mes pasado (71,5%).<\/p>\n<p>Se detectaron m\u00e1s cierres de empresas, y un incremento en el temor por la pronta liberaci\u00f3n de importaciones, de acuerdo con algunos anuncios oficiales. Empresarios consultados creen que se acab\u00f3 el veranito para la actividad, y comienzan a pensar en c\u00f3mo se acomodar\u00e1n frente a un eventual contexto de menor demanda permanente.<\/p>\n<p><strong>Maderas y muebles<\/strong><\/p>\n<p style=\"text-align: justify; margin: 12.0pt 0cm 7.5pt 0cm;\"><span style=\"font-family: 'Arial',sans-serif; color: #111111;\">En junio, el sector se retrajo 20,7% anual a precios constantes, y -3% en la comparaci\u00f3n mensual desestacionalizada. En el per\u00edodo enero-junio la actividad cay\u00f3 18,7% frente a iguales meses del a\u00f1o pasado.<\/span><\/p>\n<p style=\"text-align: justify; margin: 12.0pt 0cm 7.5pt 0cm;\"><span style=\"font-family: 'Arial',sans-serif; color: #111111;\">Durante el mes, las industrias operaron con solo 63,4% de su capacidad instalada (vs. 70,8% en mayo). La actividad sigue retra\u00edda, con consultas que no se concretan, y a la espera de una mejora en el poder adquisitivo, que es la \u00fanica variable que hoy puede mover el mercado.<\/span><\/p>\n<h3 style=\"text-align: center;\"><span style=\"color: #0000ff;\"><em><strong>Para las empresas una medida que\u00a0 incentivar\u00eda la producci\u00f3n es la reducci\u00f3n de los impuestos<\/strong><\/em><\/span><\/h3>\n<p>El sector tuvo una contracci\u00f3n anual de 20% en junio, a precios constantes, y de -1,5% en la comparaci\u00f3n mensual. Para el primer semestre del a\u00f1o, acumula una ca\u00edda de 22,4% frente a los mismos meses de 2023. Las industrias operaron al 57,9% de su capacidad instalada, cuando en mayo ese nivel era de 66,6%, mostrando una acentuada ca\u00edda.<\/p>\n<p>Las empresas est\u00e1n buscando nuevos mercados e incorporando nuevos negocios para ampliar su espectro de clientes. Una novedad es la incorporaci\u00f3n de procesos de automatizaci\u00f3n y software en la infraestructura met\u00e1lica o en la producci\u00f3n de maquinarias.<\/p>\n<p><strong>Qu\u00edmicos y pl\u00e1sticos<\/strong><\/p>\n<p>En junio, el sector experiment\u00f3 otra significativa contracci\u00f3n de 30,3% anual a precios constantes, y de -2,3% en la comparaci\u00f3n mensual. Para el primer semestre del a\u00f1o, la producci\u00f3n acumula una ca\u00edda de 27,2% frente a los mismos meses de 2023. Durante este mes, las industrias operaron con 63,1% de su capacidad instalada (vs. 68,8% en mayo).<\/p>\n<p>Las empresas exportadoras son las que mejor est\u00e1n afrontando la crisis actual, mientras que el resto no vislumbra se\u00f1ales de reactivaci\u00f3n en el horizonte cercano y ven peligrar sus fuentes de empleo. Los empresarios consultados sostienen que se hacen muy necesarias medidas para bajar los costos, y especialmente reclaman por el fuerte incremento en los precios de la energ\u00eda.<\/p>\n<p><strong>Papel e impresiones<\/strong><\/p>\n<p>La actividad se retrajo 31,5% anual a precios constantes, siendo nuevamente el sector con mayor retroceso. En t\u00e9rminos mensuales, tambi\u00e9n se registr\u00f3 una retracci\u00f3n de 2,6%, y para el primer semestre del a\u00f1o la actividad acumula una ca\u00edda de 23,6% frente a los mismos meses del a\u00f1o pasado. Las empresas operaron con 63,1% de su capacidad instalada, muy por debajo de mayo, cuando alcanz\u00f3 el 78,7%.<\/p>\n<p>Frente a la falta de rentabilidad y una coyuntura que hace tiempo le viene dando la espalda a este sector, varias empresas comenzaron a planificar la incorporaci\u00f3n agresiva de tecnolog\u00edas para digitalizar y automatizar procesos, lo que les permitir\u00eda reducir costos. El principal obst\u00e1culo para consolidar esa decisi\u00f3n es la falta de financiamiento<strong>(VW)<\/strong>.<\/p>\n","protected":false},"excerpt":{"rendered":"<p>El 35,6% de las empresas consultadas se\u00f1alan que la medida m\u00e1s esperada en este momento ser\u00eda una reducci\u00f3n de impuestos, mientras que otro 14,6% menciona la flexibilizaci\u00f3n de las normativas laborales.<\/p>\n","protected":false},"author":3,"featured_media":7939,"comment_status":"closed","ping_status":"closed","sticky":false,"template":"","format":"standard","meta":{"_monsterinsights_skip_tracking":false,"_monsterinsights_sitenote_active":false,"_monsterinsights_sitenote_note":"","_monsterinsights_sitenote_category":0,"footnotes":""},"categories":[749],"tags":[4310,3551,4061,2398],"class_list":["post-15222","post","type-post","status-publish","format-standard","has-post-thumbnail","hentry","category-pymes","tag-actividad","tag-caida","tag-papel","tag-quimicos"],"_links":{"self":[{"href":"https:\/\/www.visionweb.com.ar\/index.php?rest_route=\/wp\/v2\/posts\/15222","targetHints":{"allow":["GET"]}}],"collection":[{"href":"https:\/\/www.visionweb.com.ar\/index.php?rest_route=\/wp\/v2\/posts"}],"about":[{"href":"https:\/\/www.visionweb.com.ar\/index.php?rest_route=\/wp\/v2\/types\/post"}],"author":[{"embeddable":true,"href":"https:\/\/www.visionweb.com.ar\/index.php?rest_route=\/wp\/v2\/users\/3"}],"replies":[{"embeddable":true,"href":"https:\/\/www.visionweb.com.ar\/index.php?rest_route=%2Fwp%2Fv2%2Fcomments&post=15222"}],"version-history":[{"count":1,"href":"https:\/\/www.visionweb.com.ar\/index.php?rest_route=\/wp\/v2\/posts\/15222\/revisions"}],"predecessor-version":[{"id":15224,"href":"https:\/\/www.visionweb.com.ar\/index.php?rest_route=\/wp\/v2\/posts\/15222\/revisions\/15224"}],"wp:featuredmedia":[{"embeddable":true,"href":"https:\/\/www.visionweb.com.ar\/index.php?rest_route=\/wp\/v2\/media\/7939"}],"wp:attachment":[{"href":"https:\/\/www.visionweb.com.ar\/index.php?rest_route=%2Fwp%2Fv2%2Fmedia&parent=15222"}],"wp:term":[{"taxonomy":"category","embeddable":true,"href":"https:\/\/www.visionweb.com.ar\/index.php?rest_route=%2Fwp%2Fv2%2Fcategories&post=15222"},{"taxonomy":"post_tag","embeddable":true,"href":"https:\/\/www.visionweb.com.ar\/index.php?rest_route=%2Fwp%2Fv2%2Ftags&post=15222"}],"curies":[{"name":"wp","href":"https:\/\/api.w.org\/{rel}","templated":true}]}}