{"id":15216,"date":"2024-07-19T14:17:29","date_gmt":"2024-07-19T17:17:29","guid":{"rendered":"https:\/\/www.visionweb.com.ar\/?p=15216"},"modified":"2024-07-19T14:17:29","modified_gmt":"2024-07-19T17:17:29","slug":"reunion-de-funcionarios-bonaerenses-para-que-una-mega-empresa-china-invierta-en-la-provincia","status":"publish","type":"post","link":"https:\/\/www.visionweb.com.ar\/?p=15216","title":{"rendered":"Reuni\u00f3n de funcionarios bonaerenses para que una mega empresa china invierta en la Provincia"},"content":{"rendered":"<p><em><strong>Analizaron posibilidades de inversi\u00f3n, que abarca \u00e1reas de tecnolog\u00edas y maquinarias de producci\u00f3n agropecuaria.<\/strong><\/em><!--more--><\/p>\n<div id=\"attachment_15217\" style=\"width: 310px\" class=\"wp-caption alignright\"><img loading=\"lazy\" decoding=\"async\" aria-describedby=\"caption-attachment-15217\" class=\"wp-image-15217 size-medium\" src=\"https:\/\/www.visionweb.com.ar\/wp-content\/uploads\/2024\/07\/bianco-y-china-negocios-300x217.png\" alt=\"\" width=\"300\" height=\"217\" srcset=\"https:\/\/www.visionweb.com.ar\/wp-content\/uploads\/2024\/07\/bianco-y-china-negocios-300x217.png 300w, https:\/\/www.visionweb.com.ar\/wp-content\/uploads\/2024\/07\/bianco-y-china-negocios.png 481w\" sizes=\"auto, (max-width: 300px) 100vw, 300px\" \/><p id=\"caption-attachment-15217\" class=\"wp-caption-text\">Carlos Bianco y el vicepresidente de la empresa\u00a0Ruiyuan Holdings<\/p><\/div>\n<p><strong>\u00a0 E<\/strong>l\u00a0<strong>Congreso de Sin\u00f3logos<\/strong>\u00a0realizado en la\u00a0<strong>Universidad Nacional de Jos\u00e9 C. Paz<\/strong>\u00a0funcion\u00f3 para profundizar los lazos entre el <strong>gobierno bonaerense y China<\/strong>, y el Gobernador <strong>Kicillof <\/strong>convoc\u00f3 a sus funcionarios para trabajar en esa\u00a0<strong>relaci\u00f3n bilateral<\/strong>.<\/p>\n<p>En esa l\u00ednea, una <strong>comitiva del gobierno bonaerense<\/strong> encabezada por\u00a0<strong>Carlos Bianco<\/strong>\u00a0se reuni\u00f3 ayer con una delegaci\u00f3n de la empresa\u00a0<strong>Ruiyuan Holdings,<\/strong>\u00a0que lider\u00f3 el vicepresidente de la compa\u00f1\u00eda\u00a0<strong>Yu Ruijian<\/strong>.<\/p>\n<p>Seg\u00fan se inform\u00f3 oficialmente,\u00a0<strong>el encuentro sirvi\u00f3 para analizar \u00aboportunidades de inversi\u00f3n en el \u00e1rea de tecnolog\u00edas y maquinarias de producci\u00f3n agropecuaria\u00bb<\/strong>.<\/p>\n<p>\u00abEn la Provincia\u00a0<strong>estamos abiertos a las inversiones que impulsen la producci\u00f3n y el empleo y que se traduzcan en m\u00e1s oportunidades de desarrollo para nuestro pueblo<\/strong>\u00ab, consign\u00f3 <strong>Bianco<\/strong> al finalizar el encuentro.<\/p>\n<p>Aunque estas acciones llegan como contraposici\u00f3n a las del Gobierno Nacional, que indica que no tiene intenciones de negociar con China por su pol\u00edtica comunista.<\/p>\n<p>As\u00ed, la empresa <strong>Ruiyuan Holdings<\/strong> fue fundada en 1997 y hoy es un verdadero gigante asi\u00e1tico. De acuerdo a su sitio oficial, tiene unos\u00a0<strong>9200 empleados<\/strong>, inversiones en todo el mundo (incluyendo\u00a0<strong>Latinoam\u00e9rica<\/strong>) en m\u00e1s de 10 industrias.<\/p>\n<p>Seg\u00fan cont\u00f3 Bianco, la idea de esta compa\u00f1\u00eda es traer su l\u00ednea de\u00a0<strong>cosechadoras y picadoras de ma\u00edz<\/strong>.<\/p>\n<p>Para acercar posiciones, el gobierno bonaerense recurri\u00f3 a dos grandes conocedores del gigante asi\u00e1tico que participaron de la reuni\u00f3n de ayer. Se trata de los hermanos sin\u00f3logos\u00a0<strong>Camilo\u00a0<\/strong>y\u00a0<strong>Sabino Vaca Narvaja<\/strong>. Este \u00faltimo, adem\u00e1s, fue embajador de Argentina en China entre 2021 y 2023.<\/p>\n<p>En ese sentido, la<strong> Provincia impulsa su propio r\u00e9gimen de inversiones, con el nuevo RIGI, <\/strong>donde las compa\u00f1\u00edas deber\u00e1n \u00abdemostrar claramente cu\u00e1l es el\u00a0<strong>impacto productivo, econ\u00f3mico, social y ambiental en la provincia de Buenos Aires<\/strong>\u00ab. <strong>(VW)<\/strong><\/p>\n","protected":false},"excerpt":{"rendered":"<p>Analizaron posibilidades de inversi\u00f3n, que abarca \u00e1reas de tecnolog\u00edas y maquinarias de producci\u00f3n agropecuaria.<\/p>\n","protected":false},"author":4,"featured_media":15217,"comment_status":"closed","ping_status":"closed","sticky":false,"template":"","format":"standard","meta":{"_monsterinsights_skip_tracking":false,"_monsterinsights_sitenote_active":false,"_monsterinsights_sitenote_note":"","_monsterinsights_sitenote_category":0,"footnotes":""},"categories":[6,4],"tags":[4554,6406,6407,6405,6404],"class_list":["post-15216","post","type-post","status-publish","format-standard","has-post-thumbnail","hentry","category-economia","category-politica","tag-gobierno-bonaerense","tag-inversiones-chinas","tag-maquinaria-para-el-agro","tag-relacion-bilateral","tag-reunion-con-empresa-china"],"_links":{"self":[{"href":"https:\/\/www.visionweb.com.ar\/index.php?rest_route=\/wp\/v2\/posts\/15216","targetHints":{"allow":["GET"]}}],"collection":[{"href":"https:\/\/www.visionweb.com.ar\/index.php?rest_route=\/wp\/v2\/posts"}],"about":[{"href":"https:\/\/www.visionweb.com.ar\/index.php?rest_route=\/wp\/v2\/types\/post"}],"author":[{"embeddable":true,"href":"https:\/\/www.visionweb.com.ar\/index.php?rest_route=\/wp\/v2\/users\/4"}],"replies":[{"embeddable":true,"href":"https:\/\/www.visionweb.com.ar\/index.php?rest_route=%2Fwp%2Fv2%2Fcomments&post=15216"}],"version-history":[{"count":1,"href":"https:\/\/www.visionweb.com.ar\/index.php?rest_route=\/wp\/v2\/posts\/15216\/revisions"}],"predecessor-version":[{"id":15218,"href":"https:\/\/www.visionweb.com.ar\/index.php?rest_route=\/wp\/v2\/posts\/15216\/revisions\/15218"}],"wp:featuredmedia":[{"embeddable":true,"href":"https:\/\/www.visionweb.com.ar\/index.php?rest_route=\/wp\/v2\/media\/15217"}],"wp:attachment":[{"href":"https:\/\/www.visionweb.com.ar\/index.php?rest_route=%2Fwp%2Fv2%2Fmedia&parent=15216"}],"wp:term":[{"taxonomy":"category","embeddable":true,"href":"https:\/\/www.visionweb.com.ar\/index.php?rest_route=%2Fwp%2Fv2%2Fcategories&post=15216"},{"taxonomy":"post_tag","embeddable":true,"href":"https:\/\/www.visionweb.com.ar\/index.php?rest_route=%2Fwp%2Fv2%2Ftags&post=15216"}],"curies":[{"name":"wp","href":"https:\/\/api.w.org\/{rel}","templated":true}]}}