{"id":15214,"date":"2024-07-19T13:55:30","date_gmt":"2024-07-19T16:55:30","guid":{"rendered":"https:\/\/www.visionweb.com.ar\/?p=15214"},"modified":"2024-07-19T13:55:30","modified_gmt":"2024-07-19T16:55:30","slug":"el-gobierno-nacional-reacciono-frente-al-nuevo-rigi-bonaerense","status":"publish","type":"post","link":"https:\/\/www.visionweb.com.ar\/?p=15214","title":{"rendered":"El Gobierno nacional reaccion\u00f3 frente al nuevo RIGI bonaerense"},"content":{"rendered":"<p><em><strong>El RIGI bonaerense, la nueva iniciativa de Kicillof, ingresar\u00e1 a la Legislatura local. Frente a esto, el jefe de Gabinete de Naci\u00f3n le apunt\u00f3 directrices. \u00abTendr\u00eda que bajar impuestos\u00bb, dijo.<\/strong><\/em><!--more--><\/p>\n<p><strong>\u00a0 <img loading=\"lazy\" decoding=\"async\" class=\"size-medium wp-image-7951 alignright\" src=\"https:\/\/www.visionweb.com.ar\/wp-content\/uploads\/2022\/10\/Kicillof-archivo-300x246.jpg\" alt=\"\" width=\"300\" height=\"246\" srcset=\"https:\/\/www.visionweb.com.ar\/wp-content\/uploads\/2022\/10\/Kicillof-archivo-300x246.jpg 300w, https:\/\/www.visionweb.com.ar\/wp-content\/uploads\/2022\/10\/Kicillof-archivo.bmp 620w\" sizes=\"auto, (max-width: 300px) 100vw, 300px\" \/>\u00a0\u00a0 E<\/strong>l anuncio de<strong> Axel Kicillof s<\/strong>obre el env\u00edo de un \u00abRIGI bonaerense\u00bb a la Legislatura <strong>repercuti\u00f3 en el Gobierno nacional<\/strong>, y <strong>Guillermo Francos<\/strong>, jefe de Gabinete, focaliz\u00f3 la iniciativa en direcci\u00f3n a los impuestos.<\/p>\n<p><strong>\u201cEntiendo que si lo que est\u00e1 haciendo es intentar promover la actividad econ\u00f3mica en la Provincia, me parece bien\u201d<\/strong>, plante\u00f3 en Radio Mitre el funcionario nacional.<\/p>\n<p>Aunque luego se\u00f1al\u00f3 que\u00a0<strong>\u201ctendr\u00eda que empezar a bajar impuestos, racionalizar el Estado, disminuir el gasto, el d\u00e9ficit, buscar el super\u00e1vit fiscal y todas las cosas que hay que hacer para ordenar la econom\u00eda\u201d.<\/strong><\/p>\n<p>A la vez, Francos cuestion\u00f3 al gobernador por la creaci\u00f3n de nuevas empresas p\u00fablicas, y en esa l\u00ednea objet\u00f3: \u201c<strong>Todo eso no coincide con lo postulado por nuestro Gobierno<\/strong>, pero all\u00e1 \u00e9l tiene que responder con su electorado\u201d.<\/p>\n<p><strong>C\u00f3mo ser\u00eda el RIGI bonaerense:<\/strong><\/p>\n<p>Luego del anuncio de Kicillof, el ministro de Producci\u00f3n,\u00a0<strong>Augusto Costa<\/strong>, explic\u00f3 a los medios sobre los detalles del\u00a0<strong>r\u00e9gimen de fomento para inversiones estrat\u00e9gicas<\/strong>.<\/p>\n<p>Aunque a\u00fan falta la letra chica del proyecto y tambi\u00e9n los eventuales cambios que pueda sufrir durante el tr\u00e1mite legislativo.<\/p>\n<p>\u00abEl r\u00e9gimen provincial va a requerir que se demuestre claramente cu\u00e1l es el impacto productivo, econ\u00f3mico, social y ambiental en la provincia de Buenos Aires para acceder a beneficios\u00bb, aclar\u00f3 el funcionario. Esto implica que, en principio, no va a haber un monto de inversi\u00f3n para adherir ni tampoco se va a limitar a alguna industria o sector productivo en particular.<\/p>\n<p>A diferencia del RIGI aprobado por el Congreso de la Naci\u00f3n, la idea del gobierno bonaerense es <strong>designar a una autoridad que eval\u00fae cada presentaci\u00f3n para ver si califica y es posibe que se sume al r\u00e9gimen<\/strong>.<\/p>\n<p>\u00abEn la medida en que cumpla condiciones de generaci\u00f3n de valor agregado, de empleo de calidad, de transferencia tecnol\u00f3gica, de desarrollo de proveedores y de impacto en el entramado productivo vamos a tratar de ser amplios\u00bb, puntualiz\u00f3 el ministro de Producci\u00f3n.<\/p>\n<p>Como contrapartida, <strong>los beneficios<\/strong> que ofrecer\u00e1 el Estado provincial tienen <strong>tres ejes<\/strong>: <strong>impositivos, previsibilidad y acompa\u00f1amiento<\/strong>.<\/p>\n<p>En concreto, incluir\u00e1 beneficios vinculado al impuesto a los\u00a0<strong>Ingresos Brutos<\/strong>\u00a0y\u00a0<strong>Sellos<\/strong>. Tambi\u00e9n <strong>estabilidad fiscal<\/strong> por una determinada cantidad de a\u00f1os que a\u00fan falta definir.<\/p>\n<p>Finalmente, la Provincia pondr\u00e1 en marcha \u00abherramientas de acompa\u00f1amiento\u00bb vinculadas a <strong>asistencia t\u00e9cnica<\/strong> y a acelerar gestiones para \u00abfavorecer la agilidad de la radicaci\u00f3n de las inversiones\u00bb. <strong>(VW)<\/strong><\/p>\n","protected":false},"excerpt":{"rendered":"<p>El RIGI bonaerense, la nueva iniciativa de Kicillof, ingresar\u00e1 a la Legislatura local. Frente a esto, el jefe de Gabinete de Naci\u00f3n le apunt\u00f3 directrices. \u00abTendr\u00eda que bajar impuestos\u00bb, dijo.<\/p>\n","protected":false},"author":4,"featured_media":7951,"comment_status":"closed","ping_status":"closed","sticky":false,"template":"","format":"standard","meta":{"_monsterinsights_skip_tracking":false,"_monsterinsights_sitenote_active":false,"_monsterinsights_sitenote_note":"","_monsterinsights_sitenote_category":0,"footnotes":""},"categories":[6,4],"tags":[4074,5320,167,6403],"class_list":["post-15214","post","type-post","status-publish","format-standard","has-post-thumbnail","hentry","category-economia","category-politica","tag-augusto-costa","tag-guillermo-francos","tag-kicillof","tag-rigi-bonaerense"],"_links":{"self":[{"href":"https:\/\/www.visionweb.com.ar\/index.php?rest_route=\/wp\/v2\/posts\/15214","targetHints":{"allow":["GET"]}}],"collection":[{"href":"https:\/\/www.visionweb.com.ar\/index.php?rest_route=\/wp\/v2\/posts"}],"about":[{"href":"https:\/\/www.visionweb.com.ar\/index.php?rest_route=\/wp\/v2\/types\/post"}],"author":[{"embeddable":true,"href":"https:\/\/www.visionweb.com.ar\/index.php?rest_route=\/wp\/v2\/users\/4"}],"replies":[{"embeddable":true,"href":"https:\/\/www.visionweb.com.ar\/index.php?rest_route=%2Fwp%2Fv2%2Fcomments&post=15214"}],"version-history":[{"count":1,"href":"https:\/\/www.visionweb.com.ar\/index.php?rest_route=\/wp\/v2\/posts\/15214\/revisions"}],"predecessor-version":[{"id":15215,"href":"https:\/\/www.visionweb.com.ar\/index.php?rest_route=\/wp\/v2\/posts\/15214\/revisions\/15215"}],"wp:featuredmedia":[{"embeddable":true,"href":"https:\/\/www.visionweb.com.ar\/index.php?rest_route=\/wp\/v2\/media\/7951"}],"wp:attachment":[{"href":"https:\/\/www.visionweb.com.ar\/index.php?rest_route=%2Fwp%2Fv2%2Fmedia&parent=15214"}],"wp:term":[{"taxonomy":"category","embeddable":true,"href":"https:\/\/www.visionweb.com.ar\/index.php?rest_route=%2Fwp%2Fv2%2Fcategories&post=15214"},{"taxonomy":"post_tag","embeddable":true,"href":"https:\/\/www.visionweb.com.ar\/index.php?rest_route=%2Fwp%2Fv2%2Ftags&post=15214"}],"curies":[{"name":"wp","href":"https:\/\/api.w.org\/{rel}","templated":true}]}}