{"id":15208,"date":"2024-07-19T08:40:47","date_gmt":"2024-07-19T11:40:47","guid":{"rendered":"https:\/\/www.visionweb.com.ar\/?p=15208"},"modified":"2024-07-19T08:40:47","modified_gmt":"2024-07-19T11:40:47","slug":"docentes-universitarios-advirtieron-que-peligra-el-segundo-cuatrimestre","status":"publish","type":"post","link":"https:\/\/www.visionweb.com.ar\/?p=15208","title":{"rendered":"Docentes universitarios: Advirtieron que \u201cpeligra el segundo cuatrimestre\u201d"},"content":{"rendered":"<p><strong><em>El Consejo Interuniversitario Nacional (CIN) y los gremios docentes declararon la emergencia salarial de los trabajadores universitarios. El sector profundiz\u00f3 su plan de lucha y analiza una nueva marcha masiva.<\/em><\/strong><!--more--><\/p>\n<p><a href=\"https:\/\/auno.org.ar\/ante-la-falta-de-recomposicion-salarial-los-docentes-haran-un-nuevo-paro-de-48-horas\" target=\"_blank\" rel=\"noreferrer noopener\"><img loading=\"lazy\" decoding=\"async\" class=\"size-medium wp-image-15209 alignright\" src=\"https:\/\/www.visionweb.com.ar\/wp-content\/uploads\/2024\/07\/EMERGENCIA-SALARIALN-DOCENTE-300x169.png\" alt=\"\" width=\"300\" height=\"169\" srcset=\"https:\/\/www.visionweb.com.ar\/wp-content\/uploads\/2024\/07\/EMERGENCIA-SALARIALN-DOCENTE-300x169.png 300w, https:\/\/www.visionweb.com.ar\/wp-content\/uploads\/2024\/07\/EMERGENCIA-SALARIALN-DOCENTE.png 640w\" sizes=\"auto, (max-width: 300px) 100vw, 300px\" \/>Ante la falta de un acuerdo paritario<\/a>\u00a0con el Gobierno Nacional,\u00a0<strong>los docentes universitarios declararon la emergencia salarial\u00a0<\/strong>a la vez que intensificaron las medidas de lucha y advirtieron que\u00a0<strong>de no haber \u201cuna recuperaci\u00f3n real del salario, peligra el segundo cuatrimestre\u201d<\/strong>.<\/p>\n<p>Tras una reuni\u00f3n del plenario de secretarios gremiales y la Mesa Ejecutiva Nacional de la Federaci\u00f3n de Docentes,\u00a0<strong>Investigadores y Creadores Universitarios l\u00ednea Hist\u00f3rica (ConaduH)<\/strong>, los docentes y no docentes manifestaron su \u201c<strong>profunda preocupaci\u00f3n por la situaci\u00f3n salarial cr\u00edtica e inadmisible<\/strong>\u201d que atraviesan los trabajadores universitarios.<\/p>\n<p>La secretaria general de la ConaduH,\u00a0<strong>Francisca Staiti<\/strong>, explic\u00f3 a\u00a0<strong>AUNO que<\/strong>\u00a0durante febrero, marzo, abril y mayo el Gobierno, a trav\u00e9s de la Secretar\u00eda de Educaci\u00f3n y la Subsecretar\u00eda de Pol\u00edticas Universitarias, present\u00f3 ante la mesa paritaria propuestas salariales que \u201ctodas las federaciones\u201d consideraron \u201cinsuficientes\u201d, y, sin embargo,\u00a0<strong>el Ejecutivo \u201cimpuso igual esos porcentajes ofrecidos en la mesa<\/strong>\u201d.<\/p>\n<p>\u201cLlegamos al colmo de la situaci\u00f3n.\u00a0<strong>Durante\u00a0junio no se convoc\u00f3 a paritaria. Se impuso por decreto<\/strong>, por resoluci\u00f3n de la Secretar\u00eda de Educaci\u00f3n, de la Subsecretar\u00eda de Pol\u00edticas Universitarias y del Ministerio de Capital Humano,\u00a0<strong>una recomposici\u00f3n salarial unilateral del 4 por ciento<\/strong>\u201d, remarc\u00f3 la secretaria general.<\/p>\n<p>En este contexto, el\u00a0<strong><a href=\"https:\/\/auno.org.ar\/el-consejo-interuniversitario-nacional-reclamo-al-gobierno-voluntad-y-decision-para-recomponer-los-salarios-de-los-docentes-universitarios\" target=\"_blank\" rel=\"noreferrer noopener\">Consejo Interuniversitario Nacional (CIN)<\/a><\/strong>\u00a0analiz\u00f3 junto a los representantes de las distintas federaciones docentes, no docentes y estudiantiles\u00a0<strong>(FATUN, FEDUN, CONADU, CONADU Hist\u00f3rica, UDA, CTERA, FAGDUT y FUA<\/strong>) la \u201csituaci\u00f3n de emergencia\u201d del sector que \u201crequiere atenci\u00f3n y resoluci\u00f3n con celeridad\u201d.<\/p>\n<p>\u201c<strong>Reclamamos urgente recomposici\u00f3n salarial para las y los trabajadoras y trabajadores docentes y no docentes del sistema universitario p\u00fablico nacional<\/strong>, la reactivaci\u00f3n de los programas y de los dispositivos de asistencia estudiantil y la actualizaci\u00f3n del monto asignado para las becas\u201d, indic\u00f3 el CIN en un comunicado del 4 de julio.<\/p>\n<p>\u201cHay una propuesta de conformar una comisi\u00f3n entre federaciones y el CIN, no solo para ir monitoreando\u00a0 de cerca la situaci\u00f3n, sino para\u00a0<strong>encontrar interlocutores\u00a0v\u00e1lidos dentro del Gobierno Nacional<\/strong>\u201d, coment\u00f3 Staiti a esta agencia.<\/p>\n<p>Por otra parte, Staiti explic\u00f3 a este medio que ante la situaci\u00f3n salarial \u201c<strong>se est\u00e1n produciendo renuncias dentro de las universidades<\/strong>, buscando otros lugares, otros trabajos donde la remuneraci\u00f3n sea mejor\u201d, lo que consider\u00f3 una \u201c<strong>manera encubierta de despido<\/strong>\u201d, debido a que \u201clos salarios est\u00e1n muy bajos\u201d.<\/p>\n<p>A ello se le suma la problem\u00e1tica que atraviesan los estudiantes con las\u00a0<strong>Becas Progresar<\/strong>, que \u201cm\u00e1s all\u00e1 de que\u00a0<strong>est\u00e1n congeladas de su valor<\/strong>, el otro problema es administrativo, es burocr\u00e1tico\u201d, por lo que \u201cse han ca\u00eddo muchas de esas becas\u201d.<\/p>\n<p>\u201cSi a eso le sumamos el tema de los comedores, que en la mayor\u00eda de las universidades han sufrido aumentos considerables\u201d, y \u201ccuestiones que no se podr\u00edan resolver directamente desde el sector universitario\u201d, como por ejemplo \u201clos alquileres temas que tambi\u00e9n afectan a la docencia\u201d,\u00a0<strong>la situaci\u00f3n \u201ces muy compleja<\/strong>\u201d, agreg\u00f3 la secretaria general. <strong>(VW)<\/strong><\/p>\n","protected":false},"excerpt":{"rendered":"<p>El Consejo Interuniversitario Nacional (CIN) y los gremios docentes declararon la emergencia salarial de los trabajadores universitarios. El sector profundiz\u00f3 su plan de lucha y analiza una nueva marcha masiva.<\/p>\n","protected":false},"author":3,"featured_media":15209,"comment_status":"closed","ping_status":"closed","sticky":false,"template":"","format":"standard","meta":{"_monsterinsights_skip_tracking":false,"_monsterinsights_sitenote_active":false,"_monsterinsights_sitenote_note":"","_monsterinsights_sitenote_category":0,"footnotes":""},"categories":[7,4],"tags":[380,410,6400],"class_list":["post-15208","post","type-post","status-publish","format-standard","has-post-thumbnail","hentry","category-educacion-y-cultura","category-politica","tag-acuerdo","tag-docentes","tag-falta-gobierno"],"_links":{"self":[{"href":"https:\/\/www.visionweb.com.ar\/index.php?rest_route=\/wp\/v2\/posts\/15208","targetHints":{"allow":["GET"]}}],"collection":[{"href":"https:\/\/www.visionweb.com.ar\/index.php?rest_route=\/wp\/v2\/posts"}],"about":[{"href":"https:\/\/www.visionweb.com.ar\/index.php?rest_route=\/wp\/v2\/types\/post"}],"author":[{"embeddable":true,"href":"https:\/\/www.visionweb.com.ar\/index.php?rest_route=\/wp\/v2\/users\/3"}],"replies":[{"embeddable":true,"href":"https:\/\/www.visionweb.com.ar\/index.php?rest_route=%2Fwp%2Fv2%2Fcomments&post=15208"}],"version-history":[{"count":1,"href":"https:\/\/www.visionweb.com.ar\/index.php?rest_route=\/wp\/v2\/posts\/15208\/revisions"}],"predecessor-version":[{"id":15210,"href":"https:\/\/www.visionweb.com.ar\/index.php?rest_route=\/wp\/v2\/posts\/15208\/revisions\/15210"}],"wp:featuredmedia":[{"embeddable":true,"href":"https:\/\/www.visionweb.com.ar\/index.php?rest_route=\/wp\/v2\/media\/15209"}],"wp:attachment":[{"href":"https:\/\/www.visionweb.com.ar\/index.php?rest_route=%2Fwp%2Fv2%2Fmedia&parent=15208"}],"wp:term":[{"taxonomy":"category","embeddable":true,"href":"https:\/\/www.visionweb.com.ar\/index.php?rest_route=%2Fwp%2Fv2%2Fcategories&post=15208"},{"taxonomy":"post_tag","embeddable":true,"href":"https:\/\/www.visionweb.com.ar\/index.php?rest_route=%2Fwp%2Fv2%2Ftags&post=15208"}],"curies":[{"name":"wp","href":"https:\/\/api.w.org\/{rel}","templated":true}]}}