{"id":15199,"date":"2024-07-18T17:52:52","date_gmt":"2024-07-18T20:52:52","guid":{"rendered":"https:\/\/www.visionweb.com.ar\/?p=15199"},"modified":"2024-07-18T18:22:58","modified_gmt":"2024-07-18T21:22:58","slug":"comenzo-la-expo-rural-2024-esperan-la-visita-del-presidente-milei","status":"publish","type":"post","link":"https:\/\/www.visionweb.com.ar\/?p=15199","title":{"rendered":"Comenz\u00f3 la Expo Rural 2024, esperan la visita del Presidente Milei"},"content":{"rendered":"<p><em><strong>La Rural abre con la esperanza de recibir anuncios por parte dele Presidente Javier Milei. Homenaje a los 30 a\u00f1os del atentado contra la AMIA.<\/strong><\/em><!--more--><\/p>\n<p><strong><img loading=\"lazy\" decoding=\"async\" class=\"size-medium wp-image-15200 alignright\" src=\"https:\/\/www.visionweb.com.ar\/wp-content\/uploads\/2024\/07\/APERTURA-EXPO-RURAL-24-300x200.jpeg\" alt=\"\" width=\"300\" height=\"200\" srcset=\"https:\/\/www.visionweb.com.ar\/wp-content\/uploads\/2024\/07\/APERTURA-EXPO-RURAL-24-300x200.jpeg 300w, https:\/\/www.visionweb.com.ar\/wp-content\/uploads\/2024\/07\/APERTURA-EXPO-RURAL-24.jpeg 640w\" sizes=\"auto, (max-width: 300px) 100vw, 300px\" \/>C<\/strong>on un homenaje a los 30 a\u00f1os del atetando a la AMIA, el presidente de la Sociedad Rural Argentina(SRA), Nicol\u00e1s Pino oficializ\u00f3 este jueves la apertura de la 136\u00aa Expo Rural 2024, con un acto que se realiz\u00f3 en la pista central junto a una importante cantidad de novillos Angus y Hereford .<\/p>\n<p>El titular de la SRA, a las 8.45 recibi\u00f3 al Jefe de Gobierno de la ciudad de Buenos Aires, Jorge Macr en la entrada de la avenida Sarmiento acompa\u00f1ado del vice presidente de la Entidad, Marcos Perea, el presidente de la Rural SA, Ra\u00fal Etchebhere, el presidente de Coninagro, Elvio Laucirica y la secretaria gremial de la Federaci\u00f3n Agraria Argentina (FAA), Andrea Sanardi.<\/p>\n<p>Luegode la entonaci\u00f3n del Himno nacional, Pino expres\u00f3 que \u201cEsto tendr\u00eda que ser un d\u00eda festivo, tenemos una bandera a media asta, tenemos declarado un d\u00eda de duelo nacional porque hoy se cumplen 30 a\u00f1os de ese brutal y cobarde atentado contra la AMIA que dejo 85 v\u00edctimas y ojal\u00e1, lo m\u00e1s pronto posible, se termine con la impunidad, porque esas cosas no pueden pasar m\u00e1s ni en la Argentina ni el mundo, en memoria de las 85 personas fallecidas\u201d, precis\u00f3 Pino.<\/p>\n<p>Luego de pedir un minuto de silencio, el Presidente de la SRA agradeci\u00f3 la presencia de \u201c(El Jefe de Gobierno Macri)Jorge, porque desde nuestro punto de vista esta exposici\u00f3n rural es un hecho cultural de la ciudad de Buenos Aires, y en esta \u00e9poca del a\u00f1o la Exposici\u00f3n Rural convoca a miles de personas de visitas\u201d<\/p>\n<p>\u201cHoy nuestro sector pasa un momento particularmente dif\u00edcil, pero comprendiendo hoy que tenemos en la Argentina un gobierno que solucionando la macro econom\u00eda, vamos a poder mostra todo su potencial y todas las ganas que tenemos como productores poder producir m\u00e1s y mejor porque tenemos responsabilidades\u201d<\/p>\n<p>Con un homenaje a los 30 a\u00f1os del atetando a la AMIA, el presidente de la Sociedad Rural Argentina(SRA), Nicol\u00e1s Pino oficializ\u00f3 este jueves la apertura de la 136\u00aa Expo Rural 2024, con un acto que se realiz\u00f3 en la pista central junto a una importante cantidad de novillos Angus y Hereford .<\/p>\n<p>El titular de la SRA, a las 8.45 recibi\u00f3 al Jefe de Gobierno de la ciudad de Buenos Aires, Jorge Macr en la entrada de la avenida Sarmiento acompa\u00f1ado del vice presidente de la Entidad, Marcos Perea, el presidente de la Rural SA, Ra\u00fal Etchebhere, el presidente de Coninagro, Elvio Laucirica y la secretaria gremial de la Federaci\u00f3n Agraria Argentina (FAA), Andrea Sanardi.<\/p>\n<p>Luego de la entonaci\u00f3n del Himno nacional, Pino expres\u00f3 que \u201cEsto tendr\u00eda que ser un d\u00eda festivo, tenemos una bandera a media asta, tenemos declarado un d\u00eda de duelo nacional porque hoy se cumplen 30 a\u00f1os de ese brutal y cobarde atentado contra la AMIA que dejo 85 v\u00edctimas y ojal\u00e1, lo m\u00e1s pronto posible, se termine con la impunidad, porque esas cosas no pueden pasar m\u00e1s ni en la Argentina ni el mundo, en memoria de las 85 personas fallecidas\u201d, precis\u00f3 Pino.<\/p>\n<p>Luego de pedir un minuto de silencio, el Presidente de la SRA agradeci\u00f3 la presencia de \u201c(El Jefe de Gobierno Macri)Jorge, porque desde nuestro punto de vista esta exposici\u00f3n rural es un hecho cultural de la ciudad de Buenos Aires, y en esta \u00e9poca del a\u00f1o la Exposici\u00f3n Rural convoca a miles de personas de visitas\u201d<\/p>\n<p>\u201cHoy nuestro sector pasa un momento particularmente dif\u00edcil, pero comprendiendo hoy que tenemos en la Argentina un gobierno que solucionando la macro econom\u00eda, vamos a poder mostra todo su potencial y todas las ganas que tenemos como productores poder producir m\u00e1s y mejor porque tenemos responsabilidades\u201d<\/p>\n<p><strong>Inversiones<\/strong><\/p>\n<p>A su turno, Ra\u00fal Etchebehere, presidente de La Rural SA, destac\u00f3 la continuidad de 136 a\u00f1os y cit\u00f3 que \u201csalvo alguna fecha patria o religiosa hay pocos eventos que se hagan ininterrumpidamente a\u00f1o tras a\u00f1o, gesti\u00f3n tras gesti\u00f3n\u201d.<\/p>\n<p>El dirigente destac\u00f3 que La Rural SA y la SRA hicieron obras e inversiones, que se agregan al ya conocido parque solar que genera el 30% de la electricidad del predio. Entre las novedades cit\u00f3 el nuevo centro de convenciones, el cableado con fibra \u00f3ptica, entre otras.<\/p>\n<p>La inversi\u00f3n de los organizadores es de 3.500 millones de pesos de manera directa y en stands comerciales e industriales otros 15.000 millones de pesos. \u201cSeg\u00fan organismos internacionales, todo eso genera una inversi\u00f3n de 25.000 millones de pesos en la Ciudad de Buenos Aires\u201d, dijo Etchebehere.<\/p>\n<p>Por su parte el Jefe de Gobierno porte\u00f1o, Jorge Macri, record\u00f3 que naci\u00f3 en Tandil y que tiene presente las madrugadas en que las manos se helaban por el fr\u00edo, \u201cy lo \u00fanico que hab\u00eda cerca es el agua de la bomba para lavarse las manos\u201d<\/p>\n<p>\u201cLa verdad es que para mi estar en presente como &lt;jefe de Gobierno de esta ciudad es tambi\u00e9n parte de este momento de reconciliaci\u00f3n, \u00a0\u00a0que nunca se rompio\u00a0 en el esp\u00edritu individual, pero que durante mucho tiempo algunos intentaron establecer en la Argentina una grieta falsa e in\u00fatil entre la ciudad y el campo\u201d<\/p>\n<p>\u201cAc\u00e1 no tenemos campo, no tenemos soja, no tenemos trigo, no tenemos cebada, no tenemos litio, pero tenemos \u00a0algo muy importante para el campo, que es el capital humano. Eso comenz\u00f3 a cambiar en los \u00faltimos 15 a\u00f1os con\u00a0 la estructura familiar en las familias del campo, porque los j\u00f3venes que se iban a la ciudad, ahora vuelven al campo para aportar tecnolog\u00eda\u201d<\/p>\n<p>Macri destaco tambi\u00e9n el aporte que hacen instituciones cromo CREA, o la Mesa de Enlace al tratar de mejorar el rendimiento, al ser innovadores en el uso y el cuidado suelo factor que empez\u00f3 a llevar de vuelta a los chicos al campo\u201d, a\u00f1adi\u00f3.<\/p>\n<p>En otro tramo de su presentaci\u00f3n Macri destac\u00f3 tambi\u00e9n que en esta edici\u00f3n de\u00a0 la muestra va a haber \u201ctodo un eje de trabajo espec\u00edfico, es un sector estrat\u00e9gico, lo es la y tecnolog\u00eda en general y de la investigaci\u00f3n, pero lo es adem\u00e1s cuando se combinan con la industria agropecuarias y de los alimentos\u201d<\/p>\n<p>Con respecto al parque de innovaci\u00f3n de la Ciudad, el jefe de Gobierno asegur\u00f3 que se trata de un lugar de fomento para que \u201cesas startups permitan a los j\u00f3venes que tienen capacidad de traer conocimiento y agregadur\u00eda de valor para el campo mismo, para la Argentina y para despu\u00e9s, de alaguna manera exportar al mundo\u201d, describi\u00f3.<\/p>\n<p>M\u00e1s adelante Macri abogo por competir como ciudad, en ser el principal tractor y lograr junto a las universidades, el INTA, el CONICET, un polo de investigaci\u00f3n, de formaci\u00f3n de valor para que todo\u00a0 lo tiene la Argentina florezca\u00a0 y sea todav\u00eda m\u00e1s rica para esas familias que pueblan la Argentina.<\/p>\n<p>Por su parte el Jefe de Gobierno porte\u00f1o, Jorge Macri, record\u00f3 que naci\u00f3 en Tandil y que tiene presente las madrugadas en que las manos se helaban por el fr\u00edo, \u201cy lo \u00fanico que hab\u00eda cerca es el agua de la bomba para lavarse las manos\u201d<\/p>\n<p>\u201cLa verdad es que para mi estar en presente como &lt;jefe de Gobierno de esta ciudad es tambi\u00e9n parte de este momento de reconciliaci\u00f3n, \u00a0\u00a0que nunca se rompio\u00a0 en el esp\u00edritu individual, pero que durante mucho tiempo algunos intentaron establecer en la Argentina una grieta falsa e in\u00fatil entre la ciudad y el campo\u201d<\/p>\n<p>\u201cAc\u00e1 no tenemos campo, no tenemos soja, no tenemos trigo, no tenemos cebada, no tenemos litio, pero tenemos \u00a0algo muy importante para el campo, que es el capital humano. Eso comenz\u00f3 a cambiar en los \u00faltimos 15 a\u00f1os con\u00a0 la estructura familiar en las familias del campo, porque los j\u00f3venes que se iban a la ciudad, ahora vuelven al campo para aportar tecnolog\u00eda\u201d<\/p>\n<p>Macri destaco tambi\u00e9n el aporte que hacen instituciones cromo CREA, o la Mesa de Enlace al tratar de mejorar el rendimiento, al ser innovadores en el uso y el cuidado suelo factor que empez\u00f3 a llevar de vuelta a los chicos al campo\u201d, a\u00f1adi\u00f3.<\/p>\n<p>En otro tramo de su presentaci\u00f3n Macri destac\u00f3 tambi\u00e9n que en esta edici\u00f3n de\u00a0 la muestra va a haber \u201ctodo un eje de trabajo espec\u00edfico, es un sector estrat\u00e9gico, lo es la y tecnolog\u00eda en general y de la investigaci\u00f3n, pero lo es adem\u00e1s cuando se combinan con la industria agropecuarias y de los alimentos\u201d<\/p>\n<p>Con respecto al parque de innovaci\u00f3n de la Ciudad, el jefe de Gobierno asegur\u00f3 que se trata de un lugar de fomento para que \u201cesas startups permitan a los j\u00f3venes que tienen capacidad de traer conocimiento y agregadur\u00eda de valor para el campo mismo, para la Argentina y para despu\u00e9s, de alaguna manera exportar al mundo\u201d, describi\u00f3.<\/p>\n<p>M\u00e1s adelante Macri abogo por competir como ciudad, en ser el principal tractor y lograr junto a las universidades, el INTA, el CONICET, un polo de investigaci\u00f3n, de formaci\u00f3n de valor para que todo\u00a0 lo tiene la Argentina florezca\u00a0 y sea todav\u00eda m\u00e1s rica para esas familias que pueblan la Argentina.<strong>NAP\/VW<\/strong><\/p>\n","protected":false},"excerpt":{"rendered":"<p>La Rural abre con la esperanza de recibir anuncios por parte dele Presidente Javier Milei. Homenaje a los 30 a\u00f1os del atentado contra la AMIA.<\/p>\n","protected":false},"author":3,"featured_media":15200,"comment_status":"closed","ping_status":"closed","sticky":false,"template":"","format":"standard","meta":{"_monsterinsights_skip_tracking":false,"_monsterinsights_sitenote_active":false,"_monsterinsights_sitenote_note":"","_monsterinsights_sitenote_category":0,"footnotes":""},"categories":[3],"tags":[232,502,2683,183],"class_list":["post-15199","post","type-post","status-publish","format-standard","has-post-thumbnail","hentry","category-actualidad","tag-apertura","tag-macri","tag-pino","tag-rural"],"_links":{"self":[{"href":"https:\/\/www.visionweb.com.ar\/index.php?rest_route=\/wp\/v2\/posts\/15199","targetHints":{"allow":["GET"]}}],"collection":[{"href":"https:\/\/www.visionweb.com.ar\/index.php?rest_route=\/wp\/v2\/posts"}],"about":[{"href":"https:\/\/www.visionweb.com.ar\/index.php?rest_route=\/wp\/v2\/types\/post"}],"author":[{"embeddable":true,"href":"https:\/\/www.visionweb.com.ar\/index.php?rest_route=\/wp\/v2\/users\/3"}],"replies":[{"embeddable":true,"href":"https:\/\/www.visionweb.com.ar\/index.php?rest_route=%2Fwp%2Fv2%2Fcomments&post=15199"}],"version-history":[{"count":3,"href":"https:\/\/www.visionweb.com.ar\/index.php?rest_route=\/wp\/v2\/posts\/15199\/revisions"}],"predecessor-version":[{"id":15203,"href":"https:\/\/www.visionweb.com.ar\/index.php?rest_route=\/wp\/v2\/posts\/15199\/revisions\/15203"}],"wp:featuredmedia":[{"embeddable":true,"href":"https:\/\/www.visionweb.com.ar\/index.php?rest_route=\/wp\/v2\/media\/15200"}],"wp:attachment":[{"href":"https:\/\/www.visionweb.com.ar\/index.php?rest_route=%2Fwp%2Fv2%2Fmedia&parent=15199"}],"wp:term":[{"taxonomy":"category","embeddable":true,"href":"https:\/\/www.visionweb.com.ar\/index.php?rest_route=%2Fwp%2Fv2%2Fcategories&post=15199"},{"taxonomy":"post_tag","embeddable":true,"href":"https:\/\/www.visionweb.com.ar\/index.php?rest_route=%2Fwp%2Fv2%2Ftags&post=15199"}],"curies":[{"name":"wp","href":"https:\/\/api.w.org\/{rel}","templated":true}]}}