{"id":15191,"date":"2024-07-18T10:40:09","date_gmt":"2024-07-18T13:40:09","guid":{"rendered":"https:\/\/www.visionweb.com.ar\/?p=15191"},"modified":"2024-07-18T10:40:09","modified_gmt":"2024-07-18T13:40:09","slug":"se-declaro-al-18-de-julio-como-dia-de-duelo-nacional-por-el-atentado-a-la-amia","status":"publish","type":"post","link":"https:\/\/www.visionweb.com.ar\/?p=15191","title":{"rendered":"Se declar\u00f3 al 18 de julio como d\u00eda de duelo nacional por el atentado a la AMIA"},"content":{"rendered":"<p><strong>E<em>l Gobierno Nacional promulg\u00f3 una Ley del Congreso que declara el duelo nacional y conforme al protocolo, las banderas nacionales permanecer\u00e1n izadas a media asta en los edificios y lugares p\u00fablicos.<\/em><\/strong><em><strong>\u00a0<\/strong><\/em><!--more--><\/p>\n<p><strong> <img loading=\"lazy\" decoding=\"async\" class=\"size-medium wp-image-11128 alignright\" src=\"https:\/\/www.visionweb.com.ar\/wp-content\/uploads\/2023\/07\/amia-300x166.png\" alt=\"\" width=\"300\" height=\"166\" srcset=\"https:\/\/www.visionweb.com.ar\/wp-content\/uploads\/2023\/07\/amia-300x166.png 300w, https:\/\/www.visionweb.com.ar\/wp-content\/uploads\/2023\/07\/amia.png 302w\" sizes=\"auto, (max-width: 300px) 100vw, 300px\" \/>\u00a0\u00a0 E<\/strong>n el\u00a0<strong>aniversario n\u00famero 30 del atentado a la AMIA, el Gobierno declar\u00f3 el 18 de julio de cada a\u00f1o como D\u00eda de Duelo Nacional<\/strong>, a trav\u00e9s de la Ley 27.744 sancionada por el Congreso de la Naci\u00f3n el pasado 4 de julio, con una votaci\u00f3n un\u00e1nime de 51 legisladores.<\/p>\n<p>La medida fue confirmada a trav\u00e9s del Decreto 632\/2024, publicado hoy en el Bolet\u00edn Oficial, d\u00eda en que se conmemoran 30 a\u00f1os del\u00a0<strong>ataque terrorista a la Asociaci\u00f3n Mutual Israelita Argentina. <\/strong><\/p>\n<p>Con la firma del senador Bartolom\u00e9 Abdala y el presidente de la C\u00e1mara de Diputados, Mart\u00edn Menem, el Gobierno dispuso que,\u00a0<strong>de ahora en m\u00e1s, la bandera nacional debe permanecer izada a media asta en todos los edificios y lugares p\u00fablicos todos los 18 de julio.<\/strong><\/p>\n<p>Desde ahora, cada 18 de julio ser\u00e1 un d\u00eda de duelo en homenaje a las v\u00edctimas del atentado terrorista. Ese d\u00eda, de 1994,\u00a0<strong>murieron 85 personas y 300 resultaron heridas<\/strong>\u00a0producto de la explosi\u00f3n de una bomba que demoli\u00f3 el edificio (y tambi\u00e9n da\u00f1\u00f3 a los lindantes) ubicado en la calle Pasteur al 600 en el barrio de Once.<\/p>\n<p>El texto establece que el 18 de julio, \u201cla Bandera Nacional permanecer\u00e1 izada a media asta en los edificios y lugares p\u00fablicos\u201d y que \u201cel Ministerio de Educaci\u00f3n, mediante el Consejo Federal de Educaci\u00f3n, en coordinaci\u00f3n con las autoridades educativas de las provincias y la Ciudad de Buenos Aires, dispondr\u00e1 los medios necesarios a fin de que los\u00a0<strong>establecimientos de educaci\u00f3n p\u00fablica primarios y secundarios de gesti\u00f3n estatal y privada, organicen y desarrollen actividades conmemorativas\u00a0<\/strong>para dicha fecha\u201d. Otro punto de la ley es que se \u201cinvita a las provincias y a la Ciudad Aut\u00f3noma de Buenos Aires a adoptar similares medidas\u201d.<\/p>\n<p>Bajo la consigna \u00ab<strong>el terrorismo sigue, la impunidad tambi\u00e9n<\/strong>\u00ab, la AMIA, la<strong>\u00a0DAIA<\/strong>\u00a0y familiares de las v\u00edctimas realizan hoy un importante acto conmemorativo.<\/p>\n<p>El presidente <strong>Milei<\/strong>\u00a0en ese sentido, ayer dio un discurso durante el <strong>Congreso Jud\u00edo Mundial<\/strong> que est\u00e1 reunido en Buenos Aires. Desde ah\u00ed responsabiliz\u00f3 a\u00a0<strong>Ir\u00e1n<\/strong>, el\u00a0<strong>Hezbol\u00e1<\/strong>\u00a0y\u00a0<strong>Hamas<\/strong>\u00a0de perpetrar el atentado. Lo cierto es que a\u00fan la Justicia no se expidi\u00f3 al respecto. <strong>(VW)<\/strong><\/p>\n","protected":false},"excerpt":{"rendered":"<p>El Gobierno Nacional promulg\u00f3 una Ley del Congreso que declara el duelo nacional y conforme al protocolo, las banderas nacionales permanecer\u00e1n izadas a media asta en los edificios y lugares p\u00fablicos.\u00a0<\/p>\n","protected":false},"author":4,"featured_media":11128,"comment_status":"closed","ping_status":"closed","sticky":false,"template":"","format":"standard","meta":{"_monsterinsights_skip_tracking":false,"_monsterinsights_sitenote_active":false,"_monsterinsights_sitenote_note":"","_monsterinsights_sitenote_category":0,"footnotes":""},"categories":[4,5],"tags":[6392,4621,6391,6393],"class_list":["post-15191","post","type-post","status-publish","format-standard","has-post-thumbnail","hentry","category-politica","category-sociedad","tag-30-anos","tag-amia","tag-atentado","tag-duelo-nacional"],"_links":{"self":[{"href":"https:\/\/www.visionweb.com.ar\/index.php?rest_route=\/wp\/v2\/posts\/15191","targetHints":{"allow":["GET"]}}],"collection":[{"href":"https:\/\/www.visionweb.com.ar\/index.php?rest_route=\/wp\/v2\/posts"}],"about":[{"href":"https:\/\/www.visionweb.com.ar\/index.php?rest_route=\/wp\/v2\/types\/post"}],"author":[{"embeddable":true,"href":"https:\/\/www.visionweb.com.ar\/index.php?rest_route=\/wp\/v2\/users\/4"}],"replies":[{"embeddable":true,"href":"https:\/\/www.visionweb.com.ar\/index.php?rest_route=%2Fwp%2Fv2%2Fcomments&post=15191"}],"version-history":[{"count":1,"href":"https:\/\/www.visionweb.com.ar\/index.php?rest_route=\/wp\/v2\/posts\/15191\/revisions"}],"predecessor-version":[{"id":15192,"href":"https:\/\/www.visionweb.com.ar\/index.php?rest_route=\/wp\/v2\/posts\/15191\/revisions\/15192"}],"wp:featuredmedia":[{"embeddable":true,"href":"https:\/\/www.visionweb.com.ar\/index.php?rest_route=\/wp\/v2\/media\/11128"}],"wp:attachment":[{"href":"https:\/\/www.visionweb.com.ar\/index.php?rest_route=%2Fwp%2Fv2%2Fmedia&parent=15191"}],"wp:term":[{"taxonomy":"category","embeddable":true,"href":"https:\/\/www.visionweb.com.ar\/index.php?rest_route=%2Fwp%2Fv2%2Fcategories&post=15191"},{"taxonomy":"post_tag","embeddable":true,"href":"https:\/\/www.visionweb.com.ar\/index.php?rest_route=%2Fwp%2Fv2%2Ftags&post=15191"}],"curies":[{"name":"wp","href":"https:\/\/api.w.org\/{rel}","templated":true}]}}