{"id":15188,"date":"2024-07-18T09:59:50","date_gmt":"2024-07-18T12:59:50","guid":{"rendered":"https:\/\/www.visionweb.com.ar\/?p=15188"},"modified":"2024-07-18T09:59:50","modified_gmt":"2024-07-18T12:59:50","slug":"ya-funcionan-8-casas-de-la-provincia-y-proyectan-14-mas","status":"publish","type":"post","link":"https:\/\/www.visionweb.com.ar\/?p=15188","title":{"rendered":"Ya funcionan 8 \u00abCasas de la Provincia\u00bb y proyectan 14 m\u00e1s"},"content":{"rendered":"<p><em><strong>El objetivo es brindar a la ciudadan\u00eda el acceso a los servicios y las prestaciones p\u00fablicas de manera m\u00e1s \u00e1gil y eficiente. Se encuentran funcionando en\u00a0General Belgrano, General Lavalle, Baradero, Castelli, 25 de Mayo, General Viamonte, Pila y Villa Gesell.<\/strong><\/em><!--more--><\/p>\n<div id=\"attachment_15189\" style=\"width: 310px\" class=\"wp-caption alignright\"><img loading=\"lazy\" decoding=\"async\" aria-describedby=\"caption-attachment-15189\" class=\"wp-image-15189 size-medium\" src=\"https:\/\/www.visionweb.com.ar\/wp-content\/uploads\/2024\/07\/casa-de-la-provincia-300x172.png\" alt=\"\" width=\"300\" height=\"172\" srcset=\"https:\/\/www.visionweb.com.ar\/wp-content\/uploads\/2024\/07\/casa-de-la-provincia-300x172.png 300w, https:\/\/www.visionweb.com.ar\/wp-content\/uploads\/2024\/07\/casa-de-la-provincia.png 528w\" sizes=\"auto, (max-width: 300px) 100vw, 300px\" \/><p id=\"caption-attachment-15189\" class=\"wp-caption-text\">Foto: Gobierno de la Provincia<\/p><\/div>\n<p><strong>\u00a0\u00a0 E<\/strong>l <strong>gobierno de la Provincia de Buenos Aires anunci\u00f3 que ya tiene 8 \u00abCasas de la Provincia\u00bb funcionando a pleno, <\/strong>como una pol\u00edtica para centralizar y hacer m\u00e1s eficiente la presencia del\u00a0<strong>Gobierno bonaerense<\/strong>\u00a0en los municipios, con el proyecto de otros 14 en construcci\u00f3n.<\/p>\n<p>Se trata de edificios de gesti\u00f3n gubernamental que concentran en un mismo lugar a las <strong>delegaciones de todos los organismos p\u00fablicos provinciales<\/strong>, para brindar a la ciudadan\u00eda el acceso a los servicios y las prestaciones p\u00fablicas de manera m\u00e1s \u00e1gil y eficiente.<\/p>\n<p>Funcionan all\u00ed organismos como\u00a0<strong>el Registro Provincial de las Personas, el Instituto M\u00e9dico Obra Asistencial (IOMA), el Instituto de Previsi\u00f3n Social (IPS) y la Agencia de Recaudaci\u00f3n de la Provincia de Buenos Aires (ARBA).<\/strong><\/p>\n<p><strong>Las 8 casas de la Provincia en funcionamiento:<\/strong><\/p>\n<p>Seg\u00fan un informe del\u00a0<strong>Ministerio de Infraestructura, ya se finalizaron 8 Casas. Est\u00e1n ubicadas en\u00a0General Belgrano, General Lavalle, Baradero, Castelli, 25 de Mayo, General Viamonte, Pila y Villa Gesell.<\/strong><\/p>\n<p>Hay otras 14 en ejecuci\u00f3n, adem\u00e1s de la de la Ciudad de Buenos Aires, para la que se contempla la puesta en valor edilicia de la infraestructura ya existente.<\/p>\n<p><strong>Los edificios se construyen con fondos provinciales en espacios cedidos por cada municipio y constan de dos prototipos: el primero cuenta con planta baja y un primer piso en una superficie de 781 m2, cubierta y semicubierta; mientras que el segundo comprende una superficie cubierta y semicubierta de 1.153 m2, planta baja y dos pisos.<\/strong><\/p>\n<p>Todas tienen el mismo equipamiento y mobiliario interior, en espacios para la atenci\u00f3n al p\u00fablico y sectores de oficinas, donde funcionan distintos organismos, ministerios y delegaciones de la PBA.<\/p>\n<p>Tienen, adem\u00e1s, salas para uso de la ciudadan\u00eda, sectores de juegos y de descanso, instalaci\u00f3n de rampas accesibles y ascensor, y ejecuci\u00f3n de intervenciones exteriores, como equipamiento urbano, iluminaci\u00f3n, parquizaci\u00f3n, se\u00f1al\u00e9tica y carteler\u00eda. <strong>(VW)<\/strong><\/p>\n<p>&nbsp;<\/p>\n","protected":false},"excerpt":{"rendered":"<p>El objetivo es brindar a la ciudadan\u00eda el acceso a los servicios y las prestaciones p\u00fablicas de manera m\u00e1s \u00e1gil y eficiente. Se encuentran funcionando en\u00a0General Belgrano, General Lavalle, Baradero, Castelli, 25 de Mayo,&#46;&#46;&#46;<\/p>\n","protected":false},"author":4,"featured_media":15189,"comment_status":"closed","ping_status":"closed","sticky":false,"template":"","format":"standard","meta":{"_monsterinsights_skip_tracking":false,"_monsterinsights_sitenote_active":false,"_monsterinsights_sitenote_note":"","_monsterinsights_sitenote_category":0,"footnotes":""},"categories":[8,4],"tags":[1778,4554],"class_list":["post-15188","post","type-post","status-publish","format-standard","has-post-thumbnail","hentry","category-interes-general","category-politica","tag-casas-de-la-provincia","tag-gobierno-bonaerense"],"_links":{"self":[{"href":"https:\/\/www.visionweb.com.ar\/index.php?rest_route=\/wp\/v2\/posts\/15188","targetHints":{"allow":["GET"]}}],"collection":[{"href":"https:\/\/www.visionweb.com.ar\/index.php?rest_route=\/wp\/v2\/posts"}],"about":[{"href":"https:\/\/www.visionweb.com.ar\/index.php?rest_route=\/wp\/v2\/types\/post"}],"author":[{"embeddable":true,"href":"https:\/\/www.visionweb.com.ar\/index.php?rest_route=\/wp\/v2\/users\/4"}],"replies":[{"embeddable":true,"href":"https:\/\/www.visionweb.com.ar\/index.php?rest_route=%2Fwp%2Fv2%2Fcomments&post=15188"}],"version-history":[{"count":1,"href":"https:\/\/www.visionweb.com.ar\/index.php?rest_route=\/wp\/v2\/posts\/15188\/revisions"}],"predecessor-version":[{"id":15190,"href":"https:\/\/www.visionweb.com.ar\/index.php?rest_route=\/wp\/v2\/posts\/15188\/revisions\/15190"}],"wp:featuredmedia":[{"embeddable":true,"href":"https:\/\/www.visionweb.com.ar\/index.php?rest_route=\/wp\/v2\/media\/15189"}],"wp:attachment":[{"href":"https:\/\/www.visionweb.com.ar\/index.php?rest_route=%2Fwp%2Fv2%2Fmedia&parent=15188"}],"wp:term":[{"taxonomy":"category","embeddable":true,"href":"https:\/\/www.visionweb.com.ar\/index.php?rest_route=%2Fwp%2Fv2%2Fcategories&post=15188"},{"taxonomy":"post_tag","embeddable":true,"href":"https:\/\/www.visionweb.com.ar\/index.php?rest_route=%2Fwp%2Fv2%2Ftags&post=15188"}],"curies":[{"name":"wp","href":"https:\/\/api.w.org\/{rel}","templated":true}]}}