{"id":15181,"date":"2024-07-17T10:24:13","date_gmt":"2024-07-17T13:24:13","guid":{"rendered":"https:\/\/www.visionweb.com.ar\/?p=15181"},"modified":"2024-07-17T10:24:27","modified_gmt":"2024-07-17T13:24:27","slug":"manana-comienza-la-expo-rural-2024","status":"publish","type":"post","link":"https:\/\/www.visionweb.com.ar\/?p=15181","title":{"rendered":"Ma\u00f1ana comienza la Expo Rural 2024"},"content":{"rendered":"<p><em><strong>La muestra permanecer\u00e1 abierta al p\u00fablico entre erl 128 y el 28 de julio.<\/strong><\/em><!--more--><\/p>\n<p><img loading=\"lazy\" decoding=\"async\" class=\"size-medium wp-image-15182 alignright\" src=\"https:\/\/www.visionweb.com.ar\/wp-content\/uploads\/2024\/07\/EXPO-RURAL24-300x170.jpg\" alt=\"\" width=\"300\" height=\"170\" srcset=\"https:\/\/www.visionweb.com.ar\/wp-content\/uploads\/2024\/07\/EXPO-RURAL24-300x170.jpg 300w, https:\/\/www.visionweb.com.ar\/wp-content\/uploads\/2024\/07\/EXPO-RURAL24.jpg 640w\" sizes=\"auto, (max-width: 300px) 100vw, 300px\" \/>Ma\u00f1ana jueves 18, a las 8.30 hs, se realizar\u00e1 el corte de cintas que dejar\u00e1 inaugurada la 136\u00b0 Exposici\u00f3n de Ganader\u00eda, Agricultura e Industria Internacional.<\/p>\n<p>Contar\u00e1 con la presencia de autoridades nacionales, del gabinete porte\u00f1o, directivos de la SRA y La Rural S.A.<\/p>\n<p>Ser\u00e1 en la puerta de ingreso a La Rural Predio Ferial de Buenos Aires, por Av. Sarmiento 2704.<\/p>\n<p>Los m\u00f3viles de televisi\u00f3n y radio podr\u00e1n ingresar, desde las 7.30 hs.<\/p>\n<p>DATOS \u00daTILES<\/p>\n<p>Del 18 al 28 de julio<\/p>\n<p>Link para pre-acreditarse\u00a0https:\/\/www.sra.org.ar\/exposicion-de-palermo\/<\/p>\n<p>Record\u00e1 que una vez acreditado podr\u00e1s acceder a la Exposici\u00f3n con tu DNI por cualquiera de las puertas<\/p>\n<p>Link para sumarse al grupo de WhatsApp de periodistas\u00a0https:\/\/chat.whatsapp.com\/<\/p>\n<p><strong>(VW)<\/strong><\/p>\n","protected":false},"excerpt":{"rendered":"<p>La muestra permanecer\u00e1 abierta al p\u00fablico entre erl 128 y el 28 de julio.<\/p>\n","protected":false},"author":3,"featured_media":15182,"comment_status":"closed","ping_status":"closed","sticky":false,"template":"","format":"standard","meta":{"_monsterinsights_skip_tracking":false,"_monsterinsights_sitenote_active":false,"_monsterinsights_sitenote_note":"","_monsterinsights_sitenote_category":0,"footnotes":""},"categories":[3],"tags":[],"class_list":["post-15181","post","type-post","status-publish","format-standard","has-post-thumbnail","hentry","category-actualidad"],"_links":{"self":[{"href":"https:\/\/www.visionweb.com.ar\/index.php?rest_route=\/wp\/v2\/posts\/15181","targetHints":{"allow":["GET"]}}],"collection":[{"href":"https:\/\/www.visionweb.com.ar\/index.php?rest_route=\/wp\/v2\/posts"}],"about":[{"href":"https:\/\/www.visionweb.com.ar\/index.php?rest_route=\/wp\/v2\/types\/post"}],"author":[{"embeddable":true,"href":"https:\/\/www.visionweb.com.ar\/index.php?rest_route=\/wp\/v2\/users\/3"}],"replies":[{"embeddable":true,"href":"https:\/\/www.visionweb.com.ar\/index.php?rest_route=%2Fwp%2Fv2%2Fcomments&post=15181"}],"version-history":[{"count":1,"href":"https:\/\/www.visionweb.com.ar\/index.php?rest_route=\/wp\/v2\/posts\/15181\/revisions"}],"predecessor-version":[{"id":15183,"href":"https:\/\/www.visionweb.com.ar\/index.php?rest_route=\/wp\/v2\/posts\/15181\/revisions\/15183"}],"wp:featuredmedia":[{"embeddable":true,"href":"https:\/\/www.visionweb.com.ar\/index.php?rest_route=\/wp\/v2\/media\/15182"}],"wp:attachment":[{"href":"https:\/\/www.visionweb.com.ar\/index.php?rest_route=%2Fwp%2Fv2%2Fmedia&parent=15181"}],"wp:term":[{"taxonomy":"category","embeddable":true,"href":"https:\/\/www.visionweb.com.ar\/index.php?rest_route=%2Fwp%2Fv2%2Fcategories&post=15181"},{"taxonomy":"post_tag","embeddable":true,"href":"https:\/\/www.visionweb.com.ar\/index.php?rest_route=%2Fwp%2Fv2%2Ftags&post=15181"}],"curies":[{"name":"wp","href":"https:\/\/api.w.org\/{rel}","templated":true}]}}