{"id":15176,"date":"2024-07-17T08:54:53","date_gmt":"2024-07-17T11:54:53","guid":{"rendered":"https:\/\/www.visionweb.com.ar\/?p=15176"},"modified":"2024-07-17T08:54:53","modified_gmt":"2024-07-17T11:54:53","slug":"las-paritarias-se-reanudaran-a-mediados-de-agosto-en-la-provincia","status":"publish","type":"post","link":"https:\/\/www.visionweb.com.ar\/?p=15176","title":{"rendered":"Las paritarias se reanudar\u00e1n a mediados de agosto en la Provincia"},"content":{"rendered":"<p><em><strong>As\u00ed lo precis\u00f3 la Asociaci\u00f3n Judicial bonaerense, que acept\u00f3 el aumento del 6,5% para julio. el cap\u00edtulo de las paritarias de julio ya est\u00e1 cerrado.<\/strong><\/em><!--more--><\/p>\n<p><img loading=\"lazy\" decoding=\"async\" class=\"size-medium wp-image-5354 alignright\" src=\"https:\/\/www.visionweb.com.ar\/wp-content\/uploads\/2022\/04\/PARITARIAS-300x198.png\" alt=\"\" width=\"300\" height=\"198\" srcset=\"https:\/\/www.visionweb.com.ar\/wp-content\/uploads\/2022\/04\/PARITARIAS-300x198.png 300w, https:\/\/www.visionweb.com.ar\/wp-content\/uploads\/2022\/04\/PARITARIAS-768x506.png 768w, https:\/\/www.visionweb.com.ar\/wp-content\/uploads\/2022\/04\/PARITARIAS.png 800w\" sizes=\"auto, (max-width: 300px) 100vw, 300px\" \/>La Asociaci\u00f3n Judicial Bonaerense (AJB) inform\u00f3 que, de acuerdo a lo dialogado la semana pasada, las paritarias se reabrir\u00e1n a mediados de agosto. La Provincia cerr\u00f3 el cap\u00edtulo de julio con un aumento del 6,5 por ciento.<\/p>\n<p>El acuerdo al que lleg\u00f3 al gobierno de Axel Kicillof con los judiciales -al igual que docentes, profesionales de la salud y trabajadores estatales\u2013 implica un aumento del 6,5% de incremento en los b\u00e1sicos a cobrar con los salarios de julio, tomando como base de c\u00e1lculo los salarios de junio.<\/p>\n<p>\u201cEste aumento representa un 10,34% sobre la base de c\u00e1lculo de diciembre 2023 que se utiliz\u00f3 hasta el \u00faltimo aumento\u201d, especifica la AJB, que acept\u00f3 la propuesta en v\u00edsperas del inicio de la feria judicial de invierno.<\/p>\n<p>Los jubilados tambi\u00e9n percibir\u00e1n esta recomposici\u00f3n, que se suma al aumento en los tramos y topes para el cobro de las asignaciones familiares.<\/p>\n<p>\u201cReapertura de la paritaria para dar continuidad a la negociaci\u00f3n en el mes de agosto\u201d, inform\u00f3 la AJB, que reiter\u00f3 la necesidad de activar las Mesas T\u00e9cnicas sobre reclamos espec\u00edficos como: subcategor\u00edas para jubilados y condiciones de trabajo.<\/p>\n<p>\u201cEstamos ratificando el compromiso del Gobierno bonaerense de proteger el poder adquisitivo y mejorar las condiciones de los y las trabajadoras frente a las dificultades que provocan las medidas econ\u00f3micas impulsadas por el Gobierno nacional\u201d, remarc\u00f3 el ministro Pablo L\u00f3pez.<\/p>\n<p>La medida incluye a la Polic\u00eda provincial, al Servicio Penitenciario y a los y las jubiladas que tienen asociados sus haberes a la administraci\u00f3n estatal.<strong>(VW)<\/strong><\/p>\n","protected":false},"excerpt":{"rendered":"<p>As\u00ed lo precis\u00f3 la Asociaci\u00f3n Judicial bonaerense, que acept\u00f3 el aumento del 6,5% para julio. el cap\u00edtulo de las paritarias de julio ya est\u00e1 cerrado.<\/p>\n","protected":false},"author":3,"featured_media":5354,"comment_status":"closed","ping_status":"closed","sticky":false,"template":"","format":"standard","meta":{"_monsterinsights_skip_tracking":false,"_monsterinsights_sitenote_active":false,"_monsterinsights_sitenote_note":"","_monsterinsights_sitenote_category":0,"footnotes":""},"categories":[4],"tags":[380,649,158,56],"class_list":["post-15176","post","type-post","status-publish","format-standard","has-post-thumbnail","hentry","category-politica","tag-acuerdo","tag-judiciales","tag-paritarias","tag-salarios"],"_links":{"self":[{"href":"https:\/\/www.visionweb.com.ar\/index.php?rest_route=\/wp\/v2\/posts\/15176","targetHints":{"allow":["GET"]}}],"collection":[{"href":"https:\/\/www.visionweb.com.ar\/index.php?rest_route=\/wp\/v2\/posts"}],"about":[{"href":"https:\/\/www.visionweb.com.ar\/index.php?rest_route=\/wp\/v2\/types\/post"}],"author":[{"embeddable":true,"href":"https:\/\/www.visionweb.com.ar\/index.php?rest_route=\/wp\/v2\/users\/3"}],"replies":[{"embeddable":true,"href":"https:\/\/www.visionweb.com.ar\/index.php?rest_route=%2Fwp%2Fv2%2Fcomments&post=15176"}],"version-history":[{"count":1,"href":"https:\/\/www.visionweb.com.ar\/index.php?rest_route=\/wp\/v2\/posts\/15176\/revisions"}],"predecessor-version":[{"id":15177,"href":"https:\/\/www.visionweb.com.ar\/index.php?rest_route=\/wp\/v2\/posts\/15176\/revisions\/15177"}],"wp:featuredmedia":[{"embeddable":true,"href":"https:\/\/www.visionweb.com.ar\/index.php?rest_route=\/wp\/v2\/media\/5354"}],"wp:attachment":[{"href":"https:\/\/www.visionweb.com.ar\/index.php?rest_route=%2Fwp%2Fv2%2Fmedia&parent=15176"}],"wp:term":[{"taxonomy":"category","embeddable":true,"href":"https:\/\/www.visionweb.com.ar\/index.php?rest_route=%2Fwp%2Fv2%2Fcategories&post=15176"},{"taxonomy":"post_tag","embeddable":true,"href":"https:\/\/www.visionweb.com.ar\/index.php?rest_route=%2Fwp%2Fv2%2Ftags&post=15176"}],"curies":[{"name":"wp","href":"https:\/\/api.w.org\/{rel}","templated":true}]}}