{"id":15168,"date":"2024-07-16T11:36:29","date_gmt":"2024-07-16T14:36:29","guid":{"rendered":"https:\/\/www.visionweb.com.ar\/?p=15168"},"modified":"2024-07-16T11:36:29","modified_gmt":"2024-07-16T14:36:29","slug":"segun-un-informe-se-perdieron-casi-150-mil-puestos-de-trabajo-en-cinco-meses","status":"publish","type":"post","link":"https:\/\/www.visionweb.com.ar\/?p=15168","title":{"rendered":"Seg\u00fan un informe, se perdieron casi 150 mil puestos de trabajo en cinco meses"},"content":{"rendered":"<p><em><strong>Seg\u00fan un nuevo informe de la CTA Aut\u00f3noma sobre el empleo formal, hasta abril se perdieron casi 150 mil puestos de trabajo. La ca\u00edda viene desde agosto 2023.<\/strong><\/em><!--more--><\/p>\n<p><img loading=\"lazy\" decoding=\"async\" class=\"size-full wp-image-1743 alignright\" src=\"https:\/\/www.visionweb.com.ar\/wp-content\/uploads\/2021\/05\/busco-trabajo-uca.bmp\" alt=\"\" width=\"498\" height=\"296\" \/>\u00a0 El <strong>Instituto de Estudios y Formaci\u00f3n de la CTA Aut\u00f3noma<\/strong>, public\u00f3 un informe que indic\u00f3 que en abril continu\u00f3 en baja la ocupaci\u00f3n registrada, en una tendencia negativa que data desde noviembre.<\/p>\n<p>A la vez, el trabajo indic\u00f3 que en <strong>los primeros casi cinco meses del gobierno de Milei, se acumulan 148.805 asalariados que perdieron su puesto de trabajo, <\/strong>y seg\u00fan advirtieron,<strong> \u00ablas perspectivas para mayo no son alentadoras\u00bb<\/strong>.<\/p>\n<p>La p\u00e9rdida de puestos de trabajo alcanz\u00f3 a casi todos los sectores de la econom\u00eda argentina. En la construcci\u00f3n, en la industria, en el sector privado, en el p\u00fablico. A nivel nacional, provincial y municipal.<\/p>\n<p>En el sector privado\u00a0<strong>la ca\u00edda de abril fue del 0,21%<\/strong>\u00a0(12.929 trabajadores).\u00a0<strong>Ya van ocho meses consecutivos de deterioro<\/strong>. Desde agosto de 2023 el retroceso acumulado es del 2,25% (144.160 trabajadores). En abril la magnitud de la ca\u00edda del empleo registrado en el sector privado fue menos intensa que en los meses anteriores,\u00a0<strong>pero sigue estando en niveles elevados en la comparaci\u00f3n hist\u00f3rica<\/strong>.<\/p>\n<p>En la industria la situaci\u00f3n es m\u00e1s complicada. La ocupaci\u00f3n tarda m\u00e1s en reaccionar a los cambios de ciclo y en los \u00faltimos meses viene acelerando (casi 1% de ca\u00edda s\u00f3lo entre marzo y abril).<\/p>\n<p><strong>Las perspectivas para mayo no son alentadoras<\/strong>. El empleo registrado en el sector privado habr\u00eda vuelto a caer seg\u00fan la <strong>Encuesta de Indicadores Laborales<\/strong>, a un ritmo un poco menor al de los meses anteriores, pero todav\u00eda muy elevado.<\/p>\n<p>De cara a lo que viene, todo sigue jugado a dos variables: la capacidad que tenga el gobierno de ordenar la macro y relanzar el ciclo de crecimiento de la actividad econ\u00f3mica, y la reacci\u00f3n colectiva frente al proceso de destrucci\u00f3n del empleo.<\/p>\n<p><strong>Los salarios <\/strong><\/p>\n<p>A contramano de la evoluci\u00f3n del empleo,\u00a0<strong>en abril el salario promedio medido por el SIPA creci\u00f3 muy por encima de la inflaci\u00f3n<\/strong>\u00a0(14,5% vs. 8,8%) y recort\u00f3 gran parte del retroceso acumulado en los meses anteriores. Qued\u00f3 un 4,8% por debajo de noviembre de 2023.<\/p>\n<p><strong>El aumento del salario s\u00f3lo alcanz\u00f3 al sector privado registrado<\/strong>. El <strong>sector p\u00fablico<\/strong>, que representa m\u00e1s de un tercio del total de los asalariados, <strong>en abril tuvo una ca\u00edda salarial superior al 20%<\/strong> en t\u00e9rminos reales contra noviembre. <strong>(VW)<\/strong><\/p>\n<p>&nbsp;<\/p>\n","protected":false},"excerpt":{"rendered":"<p>Seg\u00fan un nuevo informe de la CTA Aut\u00f3noma sobre el empleo formal, hasta abril se perdieron casi 150 mil puestos de trabajo. La ca\u00edda viene desde agosto 2023.<\/p>\n","protected":false},"author":4,"featured_media":1743,"comment_status":"closed","ping_status":"closed","sticky":false,"template":"","format":"standard","meta":{"_monsterinsights_skip_tracking":false,"_monsterinsights_sitenote_active":false,"_monsterinsights_sitenote_note":"","_monsterinsights_sitenote_category":0,"footnotes":""},"categories":[6,4,5],"tags":[6382,6381],"class_list":["post-15168","post","type-post","status-publish","format-standard","has-post-thumbnail","hentry","category-economia","category-politica","category-sociedad","tag-informe-trabajo-formal","tag-instituto-de-formacion-cta-autonoma"],"_links":{"self":[{"href":"https:\/\/www.visionweb.com.ar\/index.php?rest_route=\/wp\/v2\/posts\/15168","targetHints":{"allow":["GET"]}}],"collection":[{"href":"https:\/\/www.visionweb.com.ar\/index.php?rest_route=\/wp\/v2\/posts"}],"about":[{"href":"https:\/\/www.visionweb.com.ar\/index.php?rest_route=\/wp\/v2\/types\/post"}],"author":[{"embeddable":true,"href":"https:\/\/www.visionweb.com.ar\/index.php?rest_route=\/wp\/v2\/users\/4"}],"replies":[{"embeddable":true,"href":"https:\/\/www.visionweb.com.ar\/index.php?rest_route=%2Fwp%2Fv2%2Fcomments&post=15168"}],"version-history":[{"count":1,"href":"https:\/\/www.visionweb.com.ar\/index.php?rest_route=\/wp\/v2\/posts\/15168\/revisions"}],"predecessor-version":[{"id":15169,"href":"https:\/\/www.visionweb.com.ar\/index.php?rest_route=\/wp\/v2\/posts\/15168\/revisions\/15169"}],"wp:featuredmedia":[{"embeddable":true,"href":"https:\/\/www.visionweb.com.ar\/index.php?rest_route=\/wp\/v2\/media\/1743"}],"wp:attachment":[{"href":"https:\/\/www.visionweb.com.ar\/index.php?rest_route=%2Fwp%2Fv2%2Fmedia&parent=15168"}],"wp:term":[{"taxonomy":"category","embeddable":true,"href":"https:\/\/www.visionweb.com.ar\/index.php?rest_route=%2Fwp%2Fv2%2Fcategories&post=15168"},{"taxonomy":"post_tag","embeddable":true,"href":"https:\/\/www.visionweb.com.ar\/index.php?rest_route=%2Fwp%2Fv2%2Ftags&post=15168"}],"curies":[{"name":"wp","href":"https:\/\/api.w.org\/{rel}","templated":true}]}}