{"id":15165,"date":"2024-07-16T11:01:40","date_gmt":"2024-07-16T14:01:40","guid":{"rendered":"https:\/\/www.visionweb.com.ar\/?p=15165"},"modified":"2024-07-16T11:01:40","modified_gmt":"2024-07-16T14:01:40","slug":"salliquelo-el-gobierno-confirmo-que-reiniciara-las-obras-del-gasoducto","status":"publish","type":"post","link":"https:\/\/www.visionweb.com.ar\/?p=15165","title":{"rendered":"Salliquel\u00f3: El Gobierno confirm\u00f3 que reiniciar\u00e1 las obras del gasoducto"},"content":{"rendered":"<p><em><strong>El secretario de Energ\u00eda de la Naci\u00f3n confirm\u00f3 que el mes pr\u00f3ximo ir\u00e1n por la \u00faltima etapa del proyecto. Lo hizo tras inaugurar el turbocompresor en la localidad neuquina de Tratay\u00e9n.<\/strong><\/em><!--more--><\/p>\n<p><strong><img loading=\"lazy\" decoding=\"async\" class=\"size-medium wp-image-15166 alignright\" src=\"https:\/\/www.visionweb.com.ar\/wp-content\/uploads\/2024\/07\/gasoducto-salliqueo-300x208.png\" alt=\"\" width=\"300\" height=\"208\" srcset=\"https:\/\/www.visionweb.com.ar\/wp-content\/uploads\/2024\/07\/gasoducto-salliqueo-300x208.png 300w, https:\/\/www.visionweb.com.ar\/wp-content\/uploads\/2024\/07\/gasoducto-salliqueo.png 584w\" sizes=\"auto, (max-width: 300px) 100vw, 300px\" \/>\u00a0\u00a0 E<\/strong>l secretario de <strong>Energ\u00eda de la Naci\u00f3n, Eduardo Chirillo<\/strong>, encabez\u00f3 en Neuqu\u00e9n la puesta en funcionamiento del turbocompresor de <strong>Tratay\u00e9n<\/strong>, con lo cual el pa\u00eds podr\u00e1 aumentar en un 50% la capacidad del ducto, y anticip\u00f3 que \u201c<strong>en un mes vamos por Salliquell\u00f3<\/strong> y as\u00ed finalizar el Gasoducto que el gobierno anterior dej\u00f3 inconcluso\u201d.<\/p>\n<p>En sus redes sociales, Chirillo sostuvo, adem\u00e1s, que la finalizaci\u00f3n de la obra permitir\u00e1 a la Argentina ahorrar divisas por 755 millones de d\u00f3lares anuales.<\/p>\n<p>Cabe mencionar que la semana pasada, qued\u00f3 inaugurada la Planta Compresora de Tratay\u00e9n, en la provincia de Neuqu\u00e9n, que permitir\u00e1 aumentar en un 50 por ciento la capacidad de transporte de gas desde Vaca Muerta hacia el resto del pa\u00eds.<\/p>\n<p>De esta manera, con la primera de las dos plantas necesarias terminada, el secretario de Energ\u00eda, Eduardo Chirillo, confirm\u00f3 que <strong>se avanzar\u00e1 con la construcci\u00f3n de la planta en Salliquel\u00f3<\/strong>.<\/p>\n<p>El hecho de haber terminado la Planta Tratay\u00e9n significa m\u00e1s producci\u00f3n local de gas para reemplazar importaciones, explic\u00f3 Chirillo.<\/p>\n<p>Con la inauguraci\u00f3n de Tratay\u00e9n\u00a0el gasoducto Nestor Kirchner, que fue inaugurado en julio de 2023 con una capacidad de 11 millones de metros c\u00fabicos de gas por d\u00eda,<strong> aument\u00f3 su capacidad a 16 millones de m3 diarios<\/strong>.<\/p>\n<p>Si finalmente el Gobierno Nacional decide finalizar las obras,<strong>\u00a0la capacidad final ascender\u00eda a 39 millones de metros c\u00fabicos diarios<\/strong>, lo cual permitir\u00eda mejorar la soberan\u00eda energ\u00e9tica y no depender de importaciones de gas ante aumentos en la demanda, como ocurri\u00f3 en mayo pasado. <strong>(VW)<\/strong><\/p>\n<p>&nbsp;<\/p>\n","protected":false},"excerpt":{"rendered":"<p>El secretario de Energ\u00eda de la Naci\u00f3n confirm\u00f3 que el mes pr\u00f3ximo ir\u00e1n por la \u00faltima etapa del proyecto. Lo hizo tras inaugurar el turbocompresor en la localidad neuquina de Tratay\u00e9n.<\/p>\n","protected":false},"author":4,"featured_media":15166,"comment_status":"closed","ping_status":"closed","sticky":false,"template":"","format":"standard","meta":{"_monsterinsights_skip_tracking":false,"_monsterinsights_sitenote_active":false,"_monsterinsights_sitenote_note":"","_monsterinsights_sitenote_category":0,"footnotes":""},"categories":[4],"tags":[5512,195,6379,6380,2781],"class_list":["post-15165","post","type-post","status-publish","format-standard","has-post-thumbnail","hentry","category-politica","tag-chirillo","tag-energia","tag-gasoducto","tag-reinicio-de-obras","tag-salliquelo"],"_links":{"self":[{"href":"https:\/\/www.visionweb.com.ar\/index.php?rest_route=\/wp\/v2\/posts\/15165","targetHints":{"allow":["GET"]}}],"collection":[{"href":"https:\/\/www.visionweb.com.ar\/index.php?rest_route=\/wp\/v2\/posts"}],"about":[{"href":"https:\/\/www.visionweb.com.ar\/index.php?rest_route=\/wp\/v2\/types\/post"}],"author":[{"embeddable":true,"href":"https:\/\/www.visionweb.com.ar\/index.php?rest_route=\/wp\/v2\/users\/4"}],"replies":[{"embeddable":true,"href":"https:\/\/www.visionweb.com.ar\/index.php?rest_route=%2Fwp%2Fv2%2Fcomments&post=15165"}],"version-history":[{"count":1,"href":"https:\/\/www.visionweb.com.ar\/index.php?rest_route=\/wp\/v2\/posts\/15165\/revisions"}],"predecessor-version":[{"id":15167,"href":"https:\/\/www.visionweb.com.ar\/index.php?rest_route=\/wp\/v2\/posts\/15165\/revisions\/15167"}],"wp:featuredmedia":[{"embeddable":true,"href":"https:\/\/www.visionweb.com.ar\/index.php?rest_route=\/wp\/v2\/media\/15166"}],"wp:attachment":[{"href":"https:\/\/www.visionweb.com.ar\/index.php?rest_route=%2Fwp%2Fv2%2Fmedia&parent=15165"}],"wp:term":[{"taxonomy":"category","embeddable":true,"href":"https:\/\/www.visionweb.com.ar\/index.php?rest_route=%2Fwp%2Fv2%2Fcategories&post=15165"},{"taxonomy":"post_tag","embeddable":true,"href":"https:\/\/www.visionweb.com.ar\/index.php?rest_route=%2Fwp%2Fv2%2Ftags&post=15165"}],"curies":[{"name":"wp","href":"https:\/\/api.w.org\/{rel}","templated":true}]}}