{"id":15150,"date":"2024-07-15T11:24:49","date_gmt":"2024-07-15T14:24:49","guid":{"rendered":"https:\/\/www.visionweb.com.ar\/?p=15150"},"modified":"2024-07-15T11:28:45","modified_gmt":"2024-07-15T14:28:45","slug":"la-seleccion-nacional-de-futbol-regresa-esta-tarde-a-la-argentina","status":"publish","type":"post","link":"https:\/\/www.visionweb.com.ar\/?p=15150","title":{"rendered":"La selecci\u00f3n nacional de f\u00fatbol regresa esta tarde a la Argentina"},"content":{"rendered":"<p><strong><em>El equipo bi campe\u00f3n de Am\u00e9rica arribar\u00e1 esta tarde al aeropuerto de Ezeiza. Algunos jugadores ser\u00e1 desde Miami a sus destinos de origen en Europa.<\/em><\/strong>\u00a0 <!--more--><\/p>\n<div id=\"attachment_15151\" style=\"width: 310px\" class=\"wp-caption alignright\"><img loading=\"lazy\" decoding=\"async\" aria-describedby=\"caption-attachment-15151\" class=\"wp-image-15151 size-medium\" src=\"https:\/\/www.visionweb.com.ar\/wp-content\/uploads\/2024\/07\/argetnina-campeon-de-la-copa-america-300x225.png\" alt=\"\" width=\"300\" height=\"225\" srcset=\"https:\/\/www.visionweb.com.ar\/wp-content\/uploads\/2024\/07\/argetnina-campeon-de-la-copa-america-300x225.png 300w, https:\/\/www.visionweb.com.ar\/wp-content\/uploads\/2024\/07\/argetnina-campeon-de-la-copa-america-320x240.png 320w, https:\/\/www.visionweb.com.ar\/wp-content\/uploads\/2024\/07\/argetnina-campeon-de-la-copa-america.png 640w\" sizes=\"auto, (max-width: 300px) 100vw, 300px\" \/><p id=\"caption-attachment-15151\" class=\"wp-caption-text\"><em><strong>La Selecci\u00f3n Argentina bicampeones de la copa Am\u00e9rica (Imagen: Gentileza p\u00e1gina oficial AFA )<\/strong><\/em><\/p><\/div>\n<p><em><strong>La Selecci\u00f3n regresar\u00e1\u00a0 a la Argentina esta tarde, luego de vencer<\/strong><\/em> 1-0 en la final de la Copa Am\u00e9rica a Colombia, aunque hay varios jugadores que no podr\u00e1n festejar con su gente por diversas razones.<\/p>\n<p>Los miembros de la Selecci\u00f3n argentina que vuelvan llegar\u00e1n a Ezeiza entre las 18 y las 19.<\/p>\n<p>Una de las bajas confirmadas es la del capit\u00e1n, Lionel Messi, que se quedar\u00e1 en Estados Unidos ya que vive all\u00ed junto a su familia.<\/p>\n<p>Otros de los emblemas de la Scaloneta que no volver\u00e1n a la Argentina son Nicol\u00e1s Otamendi y Emiliano \u201cDibu\u201d Mart\u00ednez.<\/p>\n<p>El arque confirm\u00f3 luego del triunfo que se ir\u00e1 de vacaciones con su familia, mientras que Otamendi se suma a los dirigidos por Javier Mascherano. Juli\u00e1n \u00c1lvarez y Ger\u00f3nimo Rulli tambi\u00e9n disputar\u00e1n los Juegos Ol\u00edmpicos de Par\u00eds 202.<\/p>\n<p><strong>Invitaci\u00f3n pesidencial<\/strong><\/p>\n<p>El presidente Javier Milei celebr\u00f3 el triunfo de la Selecci\u00f3n argentina por la Copa Am\u00e9rica e invit\u00f3 al plantel bicampe\u00f3n a festejar en el hist\u00f3rico balc\u00f3n de Casa Rosada.<\/p>\n<p>\u201cMe encantar\u00eda recibirlos, pero es decisi\u00f3n de ellos. Respeto la decisi\u00f3n que tomen\u201d, sostuvo en declaraciones radiales tras el triunfo de Argentina por sobre Colombia en el segundo tiempo suplementario.<\/p>\n<p>En la misma l\u00ednea, aclar\u00f3: \u201cSi quieren usar el balc\u00f3n les cedo el uso, si est\u00e1n dispuestos a recibirme y saludarme ser\u00eda un placer. Es una decisi\u00f3n que tienen que tomar ellos. Es un triunfo de ellos\u201d<strong>(VW)<\/strong>.<\/p>\n","protected":false},"excerpt":{"rendered":"<p>El equipo bi campe\u00f3n de Am\u00e9rica arribar\u00e1 esta tarde al aeropuerto de Ezeiza. Algunos jugadores ser\u00e1 desde Miami a sus destinos de origen en Europa.\u00a0<\/p>\n","protected":false},"author":3,"featured_media":15151,"comment_status":"closed","ping_status":"closed","sticky":false,"template":"","format":"standard","meta":{"_monsterinsights_skip_tracking":false,"_monsterinsights_sitenote_active":false,"_monsterinsights_sitenote_note":"","_monsterinsights_sitenote_category":0,"footnotes":""},"categories":[3,8],"tags":[162,6368,6367,163],"class_list":["post-15150","post","type-post","status-publish","format-standard","has-post-thumbnail","hentry","category-actualidad","category-interes-general","tag-argentina","tag-campeones","tag-copa-de-america","tag-seleccion"],"_links":{"self":[{"href":"https:\/\/www.visionweb.com.ar\/index.php?rest_route=\/wp\/v2\/posts\/15150","targetHints":{"allow":["GET"]}}],"collection":[{"href":"https:\/\/www.visionweb.com.ar\/index.php?rest_route=\/wp\/v2\/posts"}],"about":[{"href":"https:\/\/www.visionweb.com.ar\/index.php?rest_route=\/wp\/v2\/types\/post"}],"author":[{"embeddable":true,"href":"https:\/\/www.visionweb.com.ar\/index.php?rest_route=\/wp\/v2\/users\/3"}],"replies":[{"embeddable":true,"href":"https:\/\/www.visionweb.com.ar\/index.php?rest_route=%2Fwp%2Fv2%2Fcomments&post=15150"}],"version-history":[{"count":2,"href":"https:\/\/www.visionweb.com.ar\/index.php?rest_route=\/wp\/v2\/posts\/15150\/revisions"}],"predecessor-version":[{"id":15153,"href":"https:\/\/www.visionweb.com.ar\/index.php?rest_route=\/wp\/v2\/posts\/15150\/revisions\/15153"}],"wp:featuredmedia":[{"embeddable":true,"href":"https:\/\/www.visionweb.com.ar\/index.php?rest_route=\/wp\/v2\/media\/15151"}],"wp:attachment":[{"href":"https:\/\/www.visionweb.com.ar\/index.php?rest_route=%2Fwp%2Fv2%2Fmedia&parent=15150"}],"wp:term":[{"taxonomy":"category","embeddable":true,"href":"https:\/\/www.visionweb.com.ar\/index.php?rest_route=%2Fwp%2Fv2%2Fcategories&post=15150"},{"taxonomy":"post_tag","embeddable":true,"href":"https:\/\/www.visionweb.com.ar\/index.php?rest_route=%2Fwp%2Fv2%2Ftags&post=15150"}],"curies":[{"name":"wp","href":"https:\/\/api.w.org\/{rel}","templated":true}]}}