{"id":15148,"date":"2024-07-15T09:41:30","date_gmt":"2024-07-15T12:41:30","guid":{"rendered":"https:\/\/www.visionweb.com.ar\/?p=15148"},"modified":"2024-07-15T09:41:30","modified_gmt":"2024-07-15T12:41:30","slug":"la-provincia-de-buenos-aires-de-ninguna-manera-adherira-al-rigi","status":"publish","type":"post","link":"https:\/\/www.visionweb.com.ar\/?p=15148","title":{"rendered":"La provincia de Buenos Aires \u201cde ninguna manera\u201d adherir\u00e1 al RIGI"},"content":{"rendered":"<p><strong><em>Lo confirm\u00f3 este domingo el ministro de Trabajo, Walter Correa. \u201cAxel Kicillof es el contrapunto a este gobierno anarco-capitalista que no tiene antecedentes en el mundo\u201d<\/em><\/strong><!--more--><\/p>\n<div id=\"attachment_7137\" style=\"width: 665px\" class=\"wp-caption alignright\"><img loading=\"lazy\" decoding=\"async\" aria-describedby=\"caption-attachment-7137\" class=\"wp-image-7137 size-full\" src=\"https:\/\/www.visionweb.com.ar\/wp-content\/uploads\/2022\/09\/correa-y-cecchini.bmp\" alt=\"\" width=\"655\" height=\"452\" \/><p id=\"caption-attachment-7137\" class=\"wp-caption-text\">Ministro de trabajo Walter Correa (Imagen: Archivo VW)<\/p><\/div>\n<p>El ministro de trabajo bonaerense, Walter Correa, anticip\u00f3 que la Provincia ni adherir\u00e1 al R\u00e9gimen de Inventivos para Grandes Inversores (REGI) y calific\u00f3 al gobierno de Javier Milei como de anarco-capitalismoa.<\/p>\n<p>\u201cDe ninguna manera\u201d el gobierno de la provincia de Buenos Aires no adherir\u00e1 al RIGI, R\u00e9gimen de Incentivos para Grandes Inversiones, aprobado por el Congreso de la Naci\u00f3n como parte de la denominada Ley Bases\u00bb.<\/p>\n<p>Ante la consulta de si la provincia adherir\u00e1 o no al RIGI, Correa explic\u00f3:<strong> \u201cNo, no, de ninguna manera. Hoy Axel Kicillof es el contrapunto a este gobierno anarco-capitalista que no tiene antecedentes en el marco mundial\u201d, <\/strong>anticipo Correa.<\/p>\n<p>En di\u00e1logo con radio 10, Correa contextualiz\u00f3: \u201cAhora nos encontramos con la Ley Bases, que tiene dos componentes muy fuertes. Uno es el derecho de los trabajadores y las trabajadoras, que nos retrotrae al preperonismo, sin conquistas y sin derechos. Y el otro,\u00a0<strong>instala el RIGI, que dir\u00eda con mucha humildad, que ya lo vivimos, ya lo padecimos en la Rep\u00fablica Argentina\u201d<\/strong>.<\/p>\n<p>En ese punto, diferenci\u00e1ndose de aquel pasado, Correa opin\u00f3: \u201cEs la convicci\u00f3n de nuestro gobernador y de todo el gabinete, y el mandato popular, que las tres veces que el pueblo de la provincia de Buenos Aires concurri\u00f3 a las urnas fue a favor de los derechos, a favor del trabajo, a favor de la producci\u00f3n. Vamos a sostener y vamos a bancar el voto popular, el acompa\u00f1amiento del pueblo que nos vot\u00f3, para defender al pueblo trabajador de la provincia de Buenos Aires\u201d.<\/p>\n<h3 class=\"wp-block-heading\">Kicillof y su postura en contra<\/h3>\n<p>Semanas atr\u00e1s, el gobernador Axel Kicillof reclam\u00f3 \u201cseriedad\u201d en la discusi\u00f3n por el emplazamiento de la planta de GNL en Bah\u00eda Blanca, en la provincia de Buenos Aires, y le respondi\u00f3 al presidente de YPF, Horacio Mar\u00edn, quien condicion\u00f3 esa inversi\u00f3n a que el mandatario manifieste su adhesi\u00f3n al RIGI.<\/p>\n<p>Sobre este caso en particular, Kicillof record\u00f3 que se viene trabajando en el plan de inversi\u00f3n de la planta de GNL desde hace m\u00e1s de diez a\u00f1os y que existe un acuerdo con la empresa malaya Petronas, producto de una larga negociaci\u00f3n.\u00a0<strong>Kicillof resalt\u00f3 que mientras que el RIGI \u201ca\u00fan no existe\u201d, el acuerdo establecido entre YPF y la empresa malaya Petronas es parte de una larga negociaci\u00f3n de m\u00e1s de diez a\u00f1os, que no contemplaba los beneficios \u201cpromocionales\u201d del r\u00e9gimen que se trata en la C\u00e1mara de Diputados.<\/strong><\/p>\n<p>\u201cHab\u00eda una enorme inversi\u00f3n que ya estaba definida, sin RIGI. Proyectos que est\u00e1n decididos, pero que ahora est\u00e1n a la espera de este r\u00e9gimen con beneficios exorbitantes, beneficios que no han pedido ni necesitan, pero que les resulta atractivos\u201d, cuestion\u00f3 Kicillof y advirti\u00f3 que esos beneficios para las empresas \u201cson p\u00e9rdidas para el pueblo argentino\u201d. En ese sentido, argument\u00f3 su posici\u00f3n en contra del RIGI y se\u00f1al\u00f3 que existen casos en los que ya \u201chab\u00eda una enorme inversi\u00f3n definida, pero ahora se demoran porque este R\u00e9gimen le dar\u00eda muchos m\u00e1s beneficios previsionales\u201d<strong>(VW)<\/strong>.<\/p>\n<p>&nbsp;<\/p>\n","protected":false},"excerpt":{"rendered":"<p>Lo confirm\u00f3 este domingo el ministro de Trabajo, Walter Correa. \u201cAxel Kicillof es el contrapunto a este gobierno anarco-capitalista que no tiene antecedentes en el mundo\u201d<\/p>\n","protected":false},"author":3,"featured_media":7137,"comment_status":"closed","ping_status":"closed","sticky":false,"template":"","format":"standard","meta":{"_monsterinsights_skip_tracking":false,"_monsterinsights_sitenote_active":false,"_monsterinsights_sitenote_note":"","_monsterinsights_sitenote_category":0,"footnotes":""},"categories":[4],"tags":[2931,356,6366,242],"class_list":["post-15148","post","type-post","status-publish","format-standard","has-post-thumbnail","hentry","category-politica","tag-correa","tag-provincia","tag-rigi","tag-trabajo"],"_links":{"self":[{"href":"https:\/\/www.visionweb.com.ar\/index.php?rest_route=\/wp\/v2\/posts\/15148","targetHints":{"allow":["GET"]}}],"collection":[{"href":"https:\/\/www.visionweb.com.ar\/index.php?rest_route=\/wp\/v2\/posts"}],"about":[{"href":"https:\/\/www.visionweb.com.ar\/index.php?rest_route=\/wp\/v2\/types\/post"}],"author":[{"embeddable":true,"href":"https:\/\/www.visionweb.com.ar\/index.php?rest_route=\/wp\/v2\/users\/3"}],"replies":[{"embeddable":true,"href":"https:\/\/www.visionweb.com.ar\/index.php?rest_route=%2Fwp%2Fv2%2Fcomments&post=15148"}],"version-history":[{"count":1,"href":"https:\/\/www.visionweb.com.ar\/index.php?rest_route=\/wp\/v2\/posts\/15148\/revisions"}],"predecessor-version":[{"id":15149,"href":"https:\/\/www.visionweb.com.ar\/index.php?rest_route=\/wp\/v2\/posts\/15148\/revisions\/15149"}],"wp:featuredmedia":[{"embeddable":true,"href":"https:\/\/www.visionweb.com.ar\/index.php?rest_route=\/wp\/v2\/media\/7137"}],"wp:attachment":[{"href":"https:\/\/www.visionweb.com.ar\/index.php?rest_route=%2Fwp%2Fv2%2Fmedia&parent=15148"}],"wp:term":[{"taxonomy":"category","embeddable":true,"href":"https:\/\/www.visionweb.com.ar\/index.php?rest_route=%2Fwp%2Fv2%2Fcategories&post=15148"},{"taxonomy":"post_tag","embeddable":true,"href":"https:\/\/www.visionweb.com.ar\/index.php?rest_route=%2Fwp%2Fv2%2Ftags&post=15148"}],"curies":[{"name":"wp","href":"https:\/\/api.w.org\/{rel}","templated":true}]}}