{"id":15140,"date":"2024-07-12T18:39:18","date_gmt":"2024-07-12T21:39:18","guid":{"rendered":"https:\/\/www.visionweb.com.ar\/?p=15140"},"modified":"2024-07-12T18:39:18","modified_gmt":"2024-07-12T21:39:18","slug":"se-interrumpe-el-sendero-bajista-de-la-inflacion-alcanzo-al-46","status":"publish","type":"post","link":"https:\/\/www.visionweb.com.ar\/?p=15140","title":{"rendered":"Se interrumpe el sendero bajista de la inflaci\u00f3n alcanz\u00f3 al 4,6%"},"content":{"rendered":"<p><em><strong>As\u00ed lo inform\u00f3 este viernes el Instituto Nacional de Estad\u00edstica y Censos (Indec) en su informe peri\u00f3dico de precios al consumidor (IPC).<\/strong><\/em><!--more--><\/p>\n<p><img loading=\"lazy\" decoding=\"async\" class=\"size-medium wp-image-12926 alignleft\" src=\"https:\/\/www.visionweb.com.ar\/wp-content\/uploads\/2023\/12\/PRECIOS-SUPERMERCADOS-1-300x200.png\" alt=\"\" width=\"300\" height=\"200\" srcset=\"https:\/\/www.visionweb.com.ar\/wp-content\/uploads\/2023\/12\/PRECIOS-SUPERMERCADOS-1-300x200.png 300w, https:\/\/www.visionweb.com.ar\/wp-content\/uploads\/2023\/12\/PRECIOS-SUPERMERCADOS-1.png 640w\" sizes=\"auto, (max-width: 300px) 100vw, 300px\" \/>La inflaci\u00f3n fren\u00f3 su desaceleraci\u00f3n en junio y subi\u00f3 un 4,6%, por lo que acumula un 271,5% interanual y un 79,8% en el primer semestre del a\u00f1o, seg\u00fan inform\u00f3 hoy el Instituto Nacional de Estad\u00edstica y Censos (Indec) en su informe peri\u00f3dico de precios al consumidor (IPC).<\/p>\n<p>\u201cEl Nivel general IPC registr\u00f3 un alza mensual de 4,6% en junio de 2024, y acumul\u00f3 en el primer semestre del a\u00f1o una variaci\u00f3n de 79,8%. En la comparaci\u00f3n interanual, el incremento alcanz\u00f3 el 271,5%\u201d, inform\u00f3 el organismo de estad\u00edstica.<\/p>\n<p>La inflaci\u00f3n hab\u00eda llegado a un pico en diciembre pasado al alcanzar el 25,5%, tras la fuerte devaluaci\u00f3n hecha por el gobierno entrante de Javier Milei. Luego las subas comenzaron a desacelerarse y marcaron 20,6% en enero, un 13,2% en febrero, un 11% en marzo, un 8,8% en abril y un 4,2% en mayo. Ahora, el incremento de precios vuelve a acelerarse con la suba del 4,6% de junio.<\/p>\n<p>\u201cLa divisi\u00f3n de mayor aumento en el mes fue \u2018Vivienda, agua, electricidad, gas y otros combustibles\u2019 (14,3%), por las subas en las tarifas de electricidad y gas y en alquiler de la vivienda\u201d, inform\u00f3 el Indec. Y agreg\u00f3: \u201cLe siguieron \u2018Restaurantes y hoteles\u2019 (6,3%) y \u2018Educaci\u00f3n\u2019 (5,7%) por subas en todos los niveles de ense\u00f1anza\u201d.<\/p>\n<p>Tambi\u00e9n subieron por encima de la inflaci\u00f3n promedio los rubros \u201cRecreaci\u00f3n y Cultura\u201d (5,6%), \u201cComunicaci\u00f3n\u201d (5,3%) y \u201cSalud\u201d (4,7%). \u201cTransporte\u201d subi\u00f3 3,9%; \u201cAlimentos y bebidas no alcoh\u00f3lica\u201d, 3%; \u201cBienes y servicios varios\u201d, 2,8%; \u201cPrendas de vestir y calzado\u201d, 2,7%; \u201cEquipamiento y mantenimiento del hogar\u201d, 2,3%; y \u201cBebidas alcoh\u00f3licas y tabaco, 2,1%.<\/p>\n<p>En el caso de los alimentos se dieron fuertes subas en algunos productos de supermercado y de otro tipo de comercios. El informe del Indec se\u00f1ala que en el Gran Buenos Aires el precio de la harina de trigo 000 se increment\u00f3 un 5,3% y que las galletitas de agua envasadas lo hicieron un 4,1%.<\/p>\n<p><img loading=\"lazy\" decoding=\"async\" class=\"size-medium wp-image-15141 alignright\" src=\"https:\/\/www.visionweb.com.ar\/wp-content\/uploads\/2024\/07\/IPC-JUJNIO-24-300x168.png\" alt=\"\" width=\"300\" height=\"168\" srcset=\"https:\/\/www.visionweb.com.ar\/wp-content\/uploads\/2024\/07\/IPC-JUJNIO-24-300x168.png 300w, https:\/\/www.visionweb.com.ar\/wp-content\/uploads\/2024\/07\/IPC-JUJNIO-24.png 640w\" sizes=\"auto, (max-width: 300px) 100vw, 300px\" \/>La manteca est\u00e1 un 9,2% m\u00e1s cara con respecto a los precios reportados de mayo y tambi\u00e9n aumentaron la leche (2,7%) y los distintos tipos de quesos. En carnicer\u00edas se registraron fuertes subas en la carne picada com\u00fan (3,5%), la paleta (2,4%) y la nalga (2,3%); y en verduler\u00edas, en la batata (10,2%), la banana (7,4%) y el zapallo anco (7,5%)<strong>(VW)<\/strong>.<\/p>\n","protected":false},"excerpt":{"rendered":"<p>As\u00ed lo inform\u00f3 este viernes el Instituto Nacional de Estad\u00edstica y Censos (Indec) en su informe peri\u00f3dico de precios al consumidor (IPC).<\/p>\n","protected":false},"author":3,"featured_media":12925,"comment_status":"closed","ping_status":"closed","sticky":false,"template":"","format":"standard","meta":{"_monsterinsights_skip_tracking":false,"_monsterinsights_sitenote_active":false,"_monsterinsights_sitenote_note":"","_monsterinsights_sitenote_category":0,"footnotes":""},"categories":[3],"tags":[2859,1295,327,1703],"class_list":["post-15140","post","type-post","status-publish","format-standard","has-post-thumbnail","hentry","category-actualidad","tag-agua","tag-electricidad","tag-ipc","tag-vivienda"],"_links":{"self":[{"href":"https:\/\/www.visionweb.com.ar\/index.php?rest_route=\/wp\/v2\/posts\/15140","targetHints":{"allow":["GET"]}}],"collection":[{"href":"https:\/\/www.visionweb.com.ar\/index.php?rest_route=\/wp\/v2\/posts"}],"about":[{"href":"https:\/\/www.visionweb.com.ar\/index.php?rest_route=\/wp\/v2\/types\/post"}],"author":[{"embeddable":true,"href":"https:\/\/www.visionweb.com.ar\/index.php?rest_route=\/wp\/v2\/users\/3"}],"replies":[{"embeddable":true,"href":"https:\/\/www.visionweb.com.ar\/index.php?rest_route=%2Fwp%2Fv2%2Fcomments&post=15140"}],"version-history":[{"count":1,"href":"https:\/\/www.visionweb.com.ar\/index.php?rest_route=\/wp\/v2\/posts\/15140\/revisions"}],"predecessor-version":[{"id":15142,"href":"https:\/\/www.visionweb.com.ar\/index.php?rest_route=\/wp\/v2\/posts\/15140\/revisions\/15142"}],"wp:featuredmedia":[{"embeddable":true,"href":"https:\/\/www.visionweb.com.ar\/index.php?rest_route=\/wp\/v2\/media\/12925"}],"wp:attachment":[{"href":"https:\/\/www.visionweb.com.ar\/index.php?rest_route=%2Fwp%2Fv2%2Fmedia&parent=15140"}],"wp:term":[{"taxonomy":"category","embeddable":true,"href":"https:\/\/www.visionweb.com.ar\/index.php?rest_route=%2Fwp%2Fv2%2Fcategories&post=15140"},{"taxonomy":"post_tag","embeddable":true,"href":"https:\/\/www.visionweb.com.ar\/index.php?rest_route=%2Fwp%2Fv2%2Ftags&post=15140"}],"curies":[{"name":"wp","href":"https:\/\/api.w.org\/{rel}","templated":true}]}}