{"id":15137,"date":"2024-07-12T12:09:40","date_gmt":"2024-07-12T15:09:40","guid":{"rendered":"https:\/\/www.visionweb.com.ar\/?p=15137"},"modified":"2024-07-12T12:09:40","modified_gmt":"2024-07-12T15:09:40","slug":"las-ventas-en-los-kioscos-cayeron-40","status":"publish","type":"post","link":"https:\/\/www.visionweb.com.ar\/?p=15137","title":{"rendered":"Las ventas en los kioscos cayeron 40%"},"content":{"rendered":"<p><em><strong>Muchos comercios de estas caracter\u00edsticas temen verse obligados a cerrar. Alarmante alewrta de lsa Uni\u00f3n de kiosqueros de Argentina. <\/strong><\/em><!--more--><\/p>\n<p><img loading=\"lazy\" decoding=\"async\" class=\"size-medium wp-image-15138 alignright\" src=\"https:\/\/www.visionweb.com.ar\/wp-content\/uploads\/2024\/07\/CAEN-VETAS-EN-KIOSCOS-300x165.png\" alt=\"\" width=\"300\" height=\"165\" srcset=\"https:\/\/www.visionweb.com.ar\/wp-content\/uploads\/2024\/07\/CAEN-VETAS-EN-KIOSCOS-300x165.png 300w, https:\/\/www.visionweb.com.ar\/wp-content\/uploads\/2024\/07\/CAEN-VETAS-EN-KIOSCOS.png 640w\" sizes=\"auto, (max-width: 300px) 100vw, 300px\" \/>El vicepresidente de la\u00a0<strong>Uni\u00f3n de Kiosqueros de la Rep\u00fablica Argentina<\/strong>\u00a0(UKRA) y due\u00f1o de un negocio en el partido de Esteban Echeverr\u00eda,\u00a0<strong>N\u00e9stor Palacios<\/strong>, analiz\u00f3 la preocupaci\u00f3n situaci\u00f3n del sector, que est\u00e1 agobiado por \u201c<strong>una ca\u00edda de las ventas entre el 30 y 40 por ciento<\/strong>\u201c, a lo que sum\u00f3 a los aumentos de tarifas y de los precios de las multinacionales.\u00a0<strong>\u201cMuchos van a tener que bajar las persianas\u201d<\/strong>, alert\u00f3.<\/p>\n<p>\u201cLa crisis econ\u00f3mica afecta a todos los sectores, pero mucho m\u00e1s a los kioscos, que venden productos que no entran en la canasta b\u00e1sica\u201d, explic\u00f3 el comerciante en di\u00e1logo con\u00a0<a href=\"https:\/\/open.spotify.com\/episode\/2jDTQnKYrKh9J0h1q5H1A0\"><strong>Hecho en casa<\/strong><\/a>, el programa de la\u00a0<strong>Agencia Universitaria de Noticias\u00a0<\/strong>(<strong>AUNO<\/strong>) por\u00a0<a href=\"https:\/\/www.radioconurbana.unlz.edu.ar\/wordpress\/?page_id=4624\"><strong>Radio Conurbana<\/strong><\/a>.<\/p>\n<p>Palacios asegur\u00f3 que vieron \u201ccambios de h\u00e1bitos en los vecinos\u201d, por lo que tuvieron que \u201cadaptarse\u201d, ya que comenzaron a \u201ccompetir con las grandes cadenas de supermercados\u201d. \u201cEl kiosquero siempre logra reinventarse.\u00a0<strong>Superamos muchas crisis, pero esta es m\u00e1s aguda porque Javier Milei asumi\u00f3 hace menos de seis meses y sus medidas afectaron mucho a los trabajadores<\/strong>\u201c, reflexion\u00f3.<\/p>\n<p>En ese sentido, compar\u00f3 que si bien hubo un gran aumento de las tarifas durante el gobierno del ex presidente Mauricio Macri,\u00a0<strong>\u201cnunca\u201d vieron \u201calgo como lo que est\u00e1 pasando ahora\u201d<\/strong>.<\/p>\n<p>\u201cAlgunos kiosqueros les llega un mill\u00f3n de pesos de luz\u201d, describi\u00f3 el vicepresidente de la UKRA. Y remarc\u00f3: \u201cSi sumamos las ca\u00eddas de las ventas y el aumento de los precios de las multinacionales,<strong>\u00a0muchos kiosqueros van a tener que bajar las persianas, y eso genera desocupaci\u00f3n.<\/strong> Eso lo planteamos a diputados, senadores y gobernadores. Estamos muy preocupados\u201d<strong>(VW)<\/strong>.<\/p>\n<p>&nbsp;<\/p>\n<p>&nbsp;<\/p>\n","protected":false},"excerpt":{"rendered":"<p>Muchos comercios de estas caracter\u00edsticas temen verse obligados a cerrar. Alarmante alewrta de lsa Uni\u00f3n de kiosqueros de Argentina.<\/p>\n","protected":false},"author":3,"featured_media":15138,"comment_status":"closed","ping_status":"closed","sticky":false,"template":"","format":"standard","meta":{"_monsterinsights_skip_tracking":false,"_monsterinsights_sitenote_active":false,"_monsterinsights_sitenote_note":"","_monsterinsights_sitenote_category":0,"footnotes":""},"categories":[1822],"tags":[3551,565,195,6364,758],"class_list":["post-15137","post","type-post","status-publish","format-standard","has-post-thumbnail","hentry","category-internacionales","tag-caida","tag-costos","tag-energia","tag-kioscos","tag-ventas"],"_links":{"self":[{"href":"https:\/\/www.visionweb.com.ar\/index.php?rest_route=\/wp\/v2\/posts\/15137","targetHints":{"allow":["GET"]}}],"collection":[{"href":"https:\/\/www.visionweb.com.ar\/index.php?rest_route=\/wp\/v2\/posts"}],"about":[{"href":"https:\/\/www.visionweb.com.ar\/index.php?rest_route=\/wp\/v2\/types\/post"}],"author":[{"embeddable":true,"href":"https:\/\/www.visionweb.com.ar\/index.php?rest_route=\/wp\/v2\/users\/3"}],"replies":[{"embeddable":true,"href":"https:\/\/www.visionweb.com.ar\/index.php?rest_route=%2Fwp%2Fv2%2Fcomments&post=15137"}],"version-history":[{"count":1,"href":"https:\/\/www.visionweb.com.ar\/index.php?rest_route=\/wp\/v2\/posts\/15137\/revisions"}],"predecessor-version":[{"id":15139,"href":"https:\/\/www.visionweb.com.ar\/index.php?rest_route=\/wp\/v2\/posts\/15137\/revisions\/15139"}],"wp:featuredmedia":[{"embeddable":true,"href":"https:\/\/www.visionweb.com.ar\/index.php?rest_route=\/wp\/v2\/media\/15138"}],"wp:attachment":[{"href":"https:\/\/www.visionweb.com.ar\/index.php?rest_route=%2Fwp%2Fv2%2Fmedia&parent=15137"}],"wp:term":[{"taxonomy":"category","embeddable":true,"href":"https:\/\/www.visionweb.com.ar\/index.php?rest_route=%2Fwp%2Fv2%2Fcategories&post=15137"},{"taxonomy":"post_tag","embeddable":true,"href":"https:\/\/www.visionweb.com.ar\/index.php?rest_route=%2Fwp%2Fv2%2Ftags&post=15137"}],"curies":[{"name":"wp","href":"https:\/\/api.w.org\/{rel}","templated":true}]}}