{"id":15134,"date":"2024-07-12T11:22:58","date_gmt":"2024-07-12T14:22:58","guid":{"rendered":"https:\/\/www.visionweb.com.ar\/?p=15134"},"modified":"2024-07-12T11:22:58","modified_gmt":"2024-07-12T14:22:58","slug":"cuenca-del-salado-provincia-y-15-municipios-reactivaron-un-organismo-para-frenar-las-inundaciones","status":"publish","type":"post","link":"https:\/\/www.visionweb.com.ar\/?p=15134","title":{"rendered":"Cuenca del Salado: Provincia y 15 municipios reactivaron un organismo para frenar las inundaciones"},"content":{"rendered":"<p><em><strong>Nelson Sombra, intendente de Azul, fue designado nuevo titular de la Subregi\u00f3n B4 de la Cuenca del R\u00edo Salado que nuclea a 15 municipios.<\/strong><strong>\u00a0<\/strong><\/em><!--more--><\/p>\n<p><strong><img loading=\"lazy\" decoding=\"async\" class=\"size-medium wp-image-15135 alignright\" src=\"https:\/\/www.visionweb.com.ar\/wp-content\/uploads\/2024\/07\/cuenca-del-salado-reunion-intendentes-300x169.png\" alt=\"\" width=\"300\" height=\"169\" srcset=\"https:\/\/www.visionweb.com.ar\/wp-content\/uploads\/2024\/07\/cuenca-del-salado-reunion-intendentes-300x169.png 300w, https:\/\/www.visionweb.com.ar\/wp-content\/uploads\/2024\/07\/cuenca-del-salado-reunion-intendentes.png 578w\" sizes=\"auto, (max-width: 300px) 100vw, 300px\" \/>\u00a0\u00a0\u00a0 L<\/strong>a provincia de Buenos Aires retom\u00f3 la tarea de normalizar los <strong>Comit\u00e9 de Cuencas<\/strong> para planificar un mejor <strong>manejo del agua<\/strong>, para <strong>evitar inundaciones<\/strong>, y en ese sentido, se definieron ayer las nuevas autoridades para la regi\u00f3n que nuclea a las localidades de T<strong>apalqu\u00e9, Benito Ju\u00e1rez, Azul, Ayacucho, Rauch, Tandil, Pila, Las Flores, Castelli, Dolores, General Guido, Tordillo, Maip\u00fa, General Lavalle y General Madariaga.<\/strong><\/p>\n<p>En esa l\u00ednea, el Comit\u00e9 qued\u00f3 conformado con la designaci\u00f3n como nuevo <strong>titular de la Subregi\u00f3n B4, el intendente de Azul, Nelson Sombra, <\/strong>junto a\u00a0<strong>Maximiliano Suescun<\/strong>, intendente de Rauch, como Secretario Administrativo; el intendente de Lavalle,\u00a0<strong>Nahuel Guabbia,<\/strong>\u00a0Secretario de Actas y como Tesorero, el intendente de Pila\u00a0<strong>Sebasti\u00e1n Walker.<\/strong><\/p>\n<p>Al encuentro asistieron representantes de la Subsecretar\u00eda de Recursos H\u00eddricos junto a la Autoridad del Agua (ADA) y la Direcci\u00f3n Provincial de Hidr\u00e1ulica, dependientes del Ministerio de Infraestructura y Servicios P\u00fablicos que conduce Gabriel Katopodis.<\/p>\n<p>El objetivo es\u00a0<strong>\u201cmaximizar en forma equilibrada los beneficios sociales, econ\u00f3micos y ambientales del territorio\u201d.<\/strong><\/p>\n<p>Los Comit\u00e9s de Cuencas H\u00eddricas, creados por Ley 12257, y el Decreto 3734\/00, funcionan bajo la \u00f3rbita de la Autoridad del Agua y tienen el rol de\u00a0<strong>\u201cfijar las pautas para la preparaci\u00f3n y ejecuci\u00f3n de un programa de desarrollo integrado de la cuenca o regi\u00f3n y atender su marcha; considerar y analizar los programas y proyectos a ejecutar por organismos dentro del \u00e1rea\u201d.<\/strong><\/p>\n<p>Tambi\u00e9n \u201cevaluar iniciativas de estudio, de preinversi\u00f3n, de inversi\u00f3n y de acci\u00f3n, orientadas al desarrollo del \u00e1rea que plantee cualquier organismo municipal, provincial o nacional, de la cuenca o regi\u00f3n\u201d.<\/p>\n<p>Cabe recordar que en 2022 se hab\u00edan restablecido los comit\u00e9s de Sub Regi\u00f3n 1 y 3 de la Cuenca del Salado, y en 2024 el Comit\u00e9 dela Cuenca H\u00eddrica Arroyo San Francisco-Las Piedras.<\/p>\n<p>Durante una rueda de prensa, el intendente de <strong>Azul, Nelson Sombra<\/strong> se refiri\u00f3 a las dificultades con el manejo del agua que ocasionalmente sufre la ciudad del centro bonaerense.<\/p>\n<p>La ciudad cuenta con un\u00a0<strong>Comit\u00e9 H\u00eddrico<\/strong>\u00a0y la labor del\u00a0<strong>Instituto de Hidrolog\u00eda de Llanuras,<\/strong>\u00a0pero a su vez necesitaba de un enfoque que articule acciones con los distritos vecinos.<\/p>\n<p><strong>\u201cLa iniciativa ten\u00eda que ver con los anegamientos que tiene la ciudad de Azul desde hace much\u00edsimo tiempo. Con la responsabilidad de compartir la problem\u00e1tica, a trav\u00e9s de la Autoridad del Agua y de la subsecretar\u00eda de Recursos H\u00eddricos es que quer\u00edamos resolverlo. Claramente no pod\u00edamos tomar decisiones individuales y solitarias porque perjudicar\u00edamos a 14 distritos m\u00e1s si no pens\u00e1ramos colectivamente\u201d\u00a0<\/strong>valor\u00f3 Sombra.<\/p>\n<p>Junto a Sombra estuvieron el subsecretario de Recursos H\u00eddricos de la Provincia\u00a0<strong>N\u00e9stor \u00c1lvarez,<\/strong>\u00a0el presidente de la Autoridad del Agua (ADA)\u00a0<strong>Dami\u00e1n Costamagna<\/strong>, la diputada provincial\u00a0<strong>Laura Aloisi\u00a0<\/strong>y el secretario de Gobierno y Jefatura de Gabinete<strong>\u00a0Ignacio Pallia.<\/strong><\/p>\n<p>Tambi\u00e9n jefes comunales\u00a0<strong>Alberto Gelen\u00e9\u00a0<\/strong>de Las Flores,\u00a0<strong>Sebasti\u00e1n Walker<\/strong>\u00a0de Pila,<strong>\u00a0Nahuel Guardia\u00a0<\/strong>de General Lavalle,\u00a0<strong>Maximiliano Suesc\u00fan\u00a0<\/strong>de Rauch y\u00a0<strong>Gustavo Cocconi<\/strong>\u00a0de Tapalqu\u00e9.<\/p>\n<p>Tambi\u00e9n asistieron miembros de los gabinetes de General Madariaga, Benito Ju\u00e1rez, General Guido, Dolores, Tordillo y Tandil, funcionarios locales, concejales y miembros del Comit\u00e9 H\u00eddrico del partido de Azul.<\/p>\n<p>Cabe remarcar que los Comit\u00e9 de Cuenca son una herramienta de la provincia de Buenos Aires que se constituye como unidad de gesti\u00f3n territorial, conformada por m\u00faltiples actores que mantienen actividades diversas en relaci\u00f3n a la cuenca, ya sea agricultura, ganader\u00eda, industria, h\u00e1bitat, turismo, comercio, entre otros. <strong>(VW)<\/strong><\/p>\n","protected":false},"excerpt":{"rendered":"<p>Nelson Sombra, intendente de Azul, fue designado nuevo titular de la Subregi\u00f3n B4 de la Cuenca del R\u00edo Salado que nuclea a 15 municipios.\u00a0<\/p>\n","protected":false},"author":4,"featured_media":15135,"comment_status":"closed","ping_status":"closed","sticky":false,"template":"","format":"standard","meta":{"_monsterinsights_skip_tracking":false,"_monsterinsights_sitenote_active":false,"_monsterinsights_sitenote_note":"","_monsterinsights_sitenote_category":0,"footnotes":""},"categories":[8,4],"tags":[6359,6362,6363,6361,6360],"class_list":["post-15134","post","type-post","status-publish","format-standard","has-post-thumbnail","hentry","category-interes-general","category-politica","tag-comite-de-cuencas","tag-evitar-inundaciones","tag-manejo-del-agua","tag-nelson-sombra","tag-sub-region-4"],"_links":{"self":[{"href":"https:\/\/www.visionweb.com.ar\/index.php?rest_route=\/wp\/v2\/posts\/15134","targetHints":{"allow":["GET"]}}],"collection":[{"href":"https:\/\/www.visionweb.com.ar\/index.php?rest_route=\/wp\/v2\/posts"}],"about":[{"href":"https:\/\/www.visionweb.com.ar\/index.php?rest_route=\/wp\/v2\/types\/post"}],"author":[{"embeddable":true,"href":"https:\/\/www.visionweb.com.ar\/index.php?rest_route=\/wp\/v2\/users\/4"}],"replies":[{"embeddable":true,"href":"https:\/\/www.visionweb.com.ar\/index.php?rest_route=%2Fwp%2Fv2%2Fcomments&post=15134"}],"version-history":[{"count":1,"href":"https:\/\/www.visionweb.com.ar\/index.php?rest_route=\/wp\/v2\/posts\/15134\/revisions"}],"predecessor-version":[{"id":15136,"href":"https:\/\/www.visionweb.com.ar\/index.php?rest_route=\/wp\/v2\/posts\/15134\/revisions\/15136"}],"wp:featuredmedia":[{"embeddable":true,"href":"https:\/\/www.visionweb.com.ar\/index.php?rest_route=\/wp\/v2\/media\/15135"}],"wp:attachment":[{"href":"https:\/\/www.visionweb.com.ar\/index.php?rest_route=%2Fwp%2Fv2%2Fmedia&parent=15134"}],"wp:term":[{"taxonomy":"category","embeddable":true,"href":"https:\/\/www.visionweb.com.ar\/index.php?rest_route=%2Fwp%2Fv2%2Fcategories&post=15134"},{"taxonomy":"post_tag","embeddable":true,"href":"https:\/\/www.visionweb.com.ar\/index.php?rest_route=%2Fwp%2Fv2%2Ftags&post=15134"}],"curies":[{"name":"wp","href":"https:\/\/api.w.org\/{rel}","templated":true}]}}