{"id":15124,"date":"2024-07-11T10:43:05","date_gmt":"2024-07-11T13:43:05","guid":{"rendered":"https:\/\/www.visionweb.com.ar\/?p=15124"},"modified":"2024-07-11T10:43:05","modified_gmt":"2024-07-11T13:43:05","slug":"el-gobierno-aumento-los-montos-que-se-destinan-para-los-presos-alojados-en-carceles","status":"publish","type":"post","link":"https:\/\/www.visionweb.com.ar\/?p=15124","title":{"rendered":"El gobierno aument\u00f3 los montos que se destinan para los presos alojados en c\u00e1rceles"},"content":{"rendered":"<p><em><strong>El Ministerio de Seguridad llev\u00f3 la cifra desde $375 por d\u00eda y por recluso a $2000. El incremento fue de 533%. Alegaron \u201crazones de urgencia\u201d.<\/strong><\/em><!--more--><\/p>\n<p><img loading=\"lazy\" decoding=\"async\" class=\"size-full wp-image-11333 alignright\" src=\"https:\/\/www.visionweb.com.ar\/wp-content\/uploads\/2023\/08\/a-presos.png\" alt=\"\" width=\"252\" height=\"179\" \/>\u00a0\u00a0 <strong>E<\/strong>l Gobierno increment\u00f3 un <strong>533% los montos que Naci\u00f3n destina a cada uno de los presos alojados en las c\u00e1rceles federales y provinciales<\/strong>, tanto para su hospedaje como para su cuidado.<\/p>\n<p>La medida se confirm\u00f3 a trav\u00e9s de la\u00a0<strong>Resoluci\u00f3n 610\/2024<\/strong>\u00a0del\u00a0<strong>Ministerio de Seguridad de la Naci\u00f3n<\/strong>, publicada este jueves en el\u00a0<strong>Bolet\u00edn Oficial<\/strong>, con la firma de la ministra de Seguridad, Patricia Bullrich.<\/p>\n<p>\u201cF\u00edjase el monto \u00fanico y total a reconocer por el alojamiento y atenci\u00f3n integral rec\u00edproca de internos de extra\u00f1a jurisdicci\u00f3n en establecimientos penitenciarios federales y provinciales, en la suma de PESOS DOS MIL ($2.000) por d\u00eda y por interno desde el 1\u00b0 de enero de 2024\u2033, establece el art\u00edculo primero del texto. \u201cC\u00farsense las debidas comunicaciones a las Provincias respecto de la modificaci\u00f3n que se aprueba\u201d, agrega la normativa. La cifra estaba congelada desde 2016 en los $375.<\/p>\n<p>La decisi\u00f3n responde al objetivo de alcanzar <strong>la cancelaci\u00f3n de las obligaciones reclamadas por las Provincias en relaci\u00f3n al alojamiento de internos<\/strong>: \u201cConforme al principio de solidaridad que el Estado Nacional mantiene con las Provincias y por las razones de urgencia que los asuntos de pol\u00edtica penitenciaria demandan en cada una de las jurisdicciones, esta Administraci\u00f3n tom\u00f3 la decisi\u00f3n de encausar la cancelaci\u00f3n de las obligaciones reclamadas por las Provincias\u201d, se\u00f1al\u00f3 el Gobierno en los considerando.<\/p>\n<p>En la resoluci\u00f3n donde qued\u00f3 determinada la medida, desde la Casa Rosada justificaron que este cambio se da de acuerdo con el principio de solidaridad que el Estado nacional mantiene con cada territorio local y por las \u201crazones de urgencia\u201d que los asuntos de pol\u00edtica penitenciaria demandan en cada una de las jurisdicciones.<\/p>\n<p>Asimismo remarcaron que, en la oficializaci\u00f3n de la medida los valores no se actualizaban desde enero de 2016, cuando se hab\u00eda fijado el monto en $375 por preso y por d\u00eda, un valor totalmente desfasado con la realidad econ\u00f3mica actual. \u201cAquel importe aprobado en 2016 se encuentra significativamente retrasado\u201d, se\u00f1alaron desde el Gobierno. <strong>(VW)<\/strong><\/p>\n<p>&nbsp;<\/p>\n","protected":false},"excerpt":{"rendered":"<p>El Ministerio de Seguridad llev\u00f3 la cifra desde $375 por d\u00eda y por recluso a $2000. El incremento fue de 533%. Alegaron \u201crazones de urgencia\u201d.<\/p>\n","protected":false},"author":4,"featured_media":11333,"comment_status":"closed","ping_status":"closed","sticky":false,"template":"","format":"standard","meta":{"_monsterinsights_skip_tracking":false,"_monsterinsights_sitenote_active":false,"_monsterinsights_sitenote_note":"","_monsterinsights_sitenote_category":0,"footnotes":""},"categories":[6,4],"tags":[6355,4810,4056],"class_list":["post-15124","post","type-post","status-publish","format-standard","has-post-thumbnail","hentry","category-economia","category-politica","tag-aumento-monto-para-presos","tag-ministerio-de-seguridad","tag-patricia-bullrich"],"_links":{"self":[{"href":"https:\/\/www.visionweb.com.ar\/index.php?rest_route=\/wp\/v2\/posts\/15124","targetHints":{"allow":["GET"]}}],"collection":[{"href":"https:\/\/www.visionweb.com.ar\/index.php?rest_route=\/wp\/v2\/posts"}],"about":[{"href":"https:\/\/www.visionweb.com.ar\/index.php?rest_route=\/wp\/v2\/types\/post"}],"author":[{"embeddable":true,"href":"https:\/\/www.visionweb.com.ar\/index.php?rest_route=\/wp\/v2\/users\/4"}],"replies":[{"embeddable":true,"href":"https:\/\/www.visionweb.com.ar\/index.php?rest_route=%2Fwp%2Fv2%2Fcomments&post=15124"}],"version-history":[{"count":1,"href":"https:\/\/www.visionweb.com.ar\/index.php?rest_route=\/wp\/v2\/posts\/15124\/revisions"}],"predecessor-version":[{"id":15125,"href":"https:\/\/www.visionweb.com.ar\/index.php?rest_route=\/wp\/v2\/posts\/15124\/revisions\/15125"}],"wp:featuredmedia":[{"embeddable":true,"href":"https:\/\/www.visionweb.com.ar\/index.php?rest_route=\/wp\/v2\/media\/11333"}],"wp:attachment":[{"href":"https:\/\/www.visionweb.com.ar\/index.php?rest_route=%2Fwp%2Fv2%2Fmedia&parent=15124"}],"wp:term":[{"taxonomy":"category","embeddable":true,"href":"https:\/\/www.visionweb.com.ar\/index.php?rest_route=%2Fwp%2Fv2%2Fcategories&post=15124"},{"taxonomy":"post_tag","embeddable":true,"href":"https:\/\/www.visionweb.com.ar\/index.php?rest_route=%2Fwp%2Fv2%2Ftags&post=15124"}],"curies":[{"name":"wp","href":"https:\/\/api.w.org\/{rel}","templated":true}]}}