{"id":15110,"date":"2024-07-10T13:49:50","date_gmt":"2024-07-10T16:49:50","guid":{"rendered":"https:\/\/www.visionweb.com.ar\/?p=15110"},"modified":"2024-07-10T13:49:50","modified_gmt":"2024-07-10T16:49:50","slug":"came-frente-a-la-brusca-caida-del-consumo-pide-medidas-al-gobierno","status":"publish","type":"post","link":"https:\/\/www.visionweb.com.ar\/?p=15110","title":{"rendered":"CAME: Frente a la brusca ca\u00edda del consumo, pide medidas al gobierno"},"content":{"rendered":"<p><em><strong>L<\/strong><strong>a ca\u00edda en las ventas minoristas se tradujeron en un 21,9% en junio. \u201cLa medida m\u00e1s destacada que esperan los comercios pymes es la reducci\u00f3n de impuestos\u201d, dijo la CAME.<\/strong><\/em><!--more--><\/p>\n<p><img loading=\"lazy\" decoding=\"async\" class=\"size-medium wp-image-7617 alignright\" src=\"https:\/\/www.visionweb.com.ar\/wp-content\/uploads\/2022\/10\/EL-RUBRO-TEXTIL...-300x168.png\" alt=\"\" width=\"300\" height=\"168\" srcset=\"https:\/\/www.visionweb.com.ar\/wp-content\/uploads\/2022\/10\/EL-RUBRO-TEXTIL...-300x168.png 300w, https:\/\/www.visionweb.com.ar\/wp-content\/uploads\/2022\/10\/EL-RUBRO-TEXTIL...-768x429.png 768w, https:\/\/www.visionweb.com.ar\/wp-content\/uploads\/2022\/10\/EL-RUBRO-TEXTIL....png 800w\" sizes=\"auto, (max-width: 300px) 100vw, 300px\" \/>\u00a0\u00a0 <strong>L<\/strong>a\u00a0<strong>Confederaci\u00f3n Argentina de la Mediana Empresa<\/strong>\u00a0(<strong>CAME<\/strong>) revel\u00f3 en las \u00faltimas horas, una nueva ca\u00edda en las\u00a0<strong>ventas minoristas<\/strong>\u00a0de las pymes durante el mes de junio, y reclam\u00f3 al gobierno de\u00a0<strong>Javier Milei<\/strong>\u00a0una reducci\u00f3n de impuestos para apuntalar al sector que lleva seis meses en ca\u00edda.<\/p>\n<p>Durante el sexto mes del 2024 las\u00a0<strong>ventas minoristas<\/strong>\u00a0de las pymes cayeron en un 21,9%, medidas a precios constantes, y acumulan un derrumbe del 17,2% en el primer semestre del a\u00f1o. Aunque registraron un leve repunte del 1,2% en comparaci\u00f3n a mayo.<\/p>\n<p>Es este sentido, desde la\u00a0<strong>CAME\u00a0<\/strong>expresaron que \u201c<strong>la medida m\u00e1s destacada que esperan los comercios pymes es la reducci\u00f3n de impuestos<\/strong>, que representa el 40,7% de las respuestas, seguida por el est\u00edmulo a la demanda interna con un 17%\u201d.<\/p>\n<p>\u201cEsto sugiere que, en el contexto actual, los comerciantes priorizan las intervenciones directas que pueden mejorar su competitividad y eficiencia operativa sobre opciones de financiamiento m\u00e1s favorables\u201d, indicaron por medio de un comunicado.<\/p>\n<p>Adem\u00e1s, los representantes de los\u00a0<strong>comercios pymes<\/strong>\u00a0subrayaron \u201c<strong>la necesidad de pol\u00edticas que reduzcan la carga tributaria y fomenten el consumo interno para revitalizar a los comercios<\/strong>\u201d.<\/p>\n<p>\u201cLos mayores desaf\u00edos identificados por los comerciantes son la <strong>falta de ventas<\/strong>, representando el 57,6% de las respuestas, y los altos costos de producci\u00f3n y log\u00edstica, que constituyen el 23,4%\u201d, indicaron.<\/p>\n<p>En rigor, de acuerdo al relevamiento de la\u00a0<strong>CAME<\/strong>, no<strong>\u00a0<\/strong>hubo rubro que haya escapado de las ca\u00eddas interanuales registradas en las ventas de junio, y hubo algunos con retracciones mucho m\u00e1s profundas que otras. Perfumer\u00edas (-42%) y Farmacias (-32,8%) se llevaron el r\u00e9cord.<\/p>\n<p><strong>Sector por sector, los n\u00fameros:<\/strong><\/p>\n<p>Las ventas en\u00a0<strong>Alimentos y bebidas<\/strong>\u00a0bajaron 26,6% anual en junio, a precios constantes y acumulan una ca\u00edda de 21,8% en el primer semestre del a\u00f1o frente al mismo per\u00edodo de 2023. En la comparaci\u00f3n intermensual subieron 1,8%.<\/p>\n<p>Las ventas en\u00a0<strong>Bazar, decoraci\u00f3n, textiles para el hogar y muebles<\/strong>\u00a0bajaron 24,7% anual en junio, a precios constantes, y acumulan una ca\u00edda de 17,8% en los primeros seis meses del a\u00f1o frente al mismo per\u00edodo de 2023. En la comparaci\u00f3n intermensual se retrajeron 0,4%.<\/p>\n<p>Las ventas\u00a0<strong>Calzado y marroquiner\u00eda<\/strong>\u00a0cayeron 20,7% anual en junio, a precios constantes, y acumulan una baja de 12,1% en el primer semestre del a\u00f1o frente al mismo per\u00edodo de 2023. En la comparaci\u00f3n intermensual crecieron 1,3%.<\/p>\n<p>Las ventas en\u00a0<strong>Farmacias<\/strong>\u00a0descendieron 32,8% anual en junio, a precios constantes, y acumulan un desplome de 29,6% en los primeros seis meses del a\u00f1o frente al mismo per\u00edodo de 2023. En la comparaci\u00f3n intermensual crecieron 1,5%.<\/p>\n<p>Las ventas en\u00a0<strong>Perfumer\u00eda<\/strong>\u00a0cayeron 42% anual en junio, a precios constantes, y acumulan una baja de 32,5% en los primeros seis meses del a\u00f1o frente al mismo per\u00edodo de 2023. En la comparaci\u00f3n intermensual, la merma fue de 0,3%.<\/p>\n<p>Las ventas en\u00a0<strong>Ferreter\u00eda, materiales el\u00e9ctricos y materiales de la construcci\u00f3n<\/strong>\u00a0retrocedieron 23,3% anual en junio, a precios constantes, y acumulan una ca\u00edda de 20,4% en los primeros seis meses del a\u00f1o frente al mismo per\u00edodo de 2023. En la comparaci\u00f3n intermensual subieron 1,4%.<\/p>\n<p>Las ventas en\u00a0<strong>Textil e indumentaria<\/strong>\u00a0bajaron 0,9% anual en junio, a precios constantes, y acumulan un incremento de 4,9% en los primeros seis meses del a\u00f1o frente al mismo per\u00edodo de 2023. En la comparaci\u00f3n intermensual subieron 0,7%. <strong>(VW)<\/strong><\/p>\n<p>&nbsp;<\/p>\n","protected":false},"excerpt":{"rendered":"<p>La ca\u00edda en las ventas minoristas se tradujeron en un 21,9% en junio. \u201cLa medida m\u00e1s destacada que esperan los comercios pymes es la reducci\u00f3n de impuestos\u201d, dijo la CAME.<\/p>\n","protected":false},"author":4,"featured_media":7617,"comment_status":"closed","ping_status":"closed","sticky":false,"template":"","format":"standard","meta":{"_monsterinsights_skip_tracking":false,"_monsterinsights_sitenote_active":false,"_monsterinsights_sitenote_note":"","_monsterinsights_sitenote_category":0,"footnotes":""},"categories":[6],"tags":[6347,309,6348],"class_list":["post-15110","post","type-post","status-publish","format-standard","has-post-thumbnail","hentry","category-economia","tag-caida-del-consumo","tag-came","tag-pieden-reduccion-de-impuestos"],"_links":{"self":[{"href":"https:\/\/www.visionweb.com.ar\/index.php?rest_route=\/wp\/v2\/posts\/15110","targetHints":{"allow":["GET"]}}],"collection":[{"href":"https:\/\/www.visionweb.com.ar\/index.php?rest_route=\/wp\/v2\/posts"}],"about":[{"href":"https:\/\/www.visionweb.com.ar\/index.php?rest_route=\/wp\/v2\/types\/post"}],"author":[{"embeddable":true,"href":"https:\/\/www.visionweb.com.ar\/index.php?rest_route=\/wp\/v2\/users\/4"}],"replies":[{"embeddable":true,"href":"https:\/\/www.visionweb.com.ar\/index.php?rest_route=%2Fwp%2Fv2%2Fcomments&post=15110"}],"version-history":[{"count":1,"href":"https:\/\/www.visionweb.com.ar\/index.php?rest_route=\/wp\/v2\/posts\/15110\/revisions"}],"predecessor-version":[{"id":15111,"href":"https:\/\/www.visionweb.com.ar\/index.php?rest_route=\/wp\/v2\/posts\/15110\/revisions\/15111"}],"wp:featuredmedia":[{"embeddable":true,"href":"https:\/\/www.visionweb.com.ar\/index.php?rest_route=\/wp\/v2\/media\/7617"}],"wp:attachment":[{"href":"https:\/\/www.visionweb.com.ar\/index.php?rest_route=%2Fwp%2Fv2%2Fmedia&parent=15110"}],"wp:term":[{"taxonomy":"category","embeddable":true,"href":"https:\/\/www.visionweb.com.ar\/index.php?rest_route=%2Fwp%2Fv2%2Fcategories&post=15110"},{"taxonomy":"post_tag","embeddable":true,"href":"https:\/\/www.visionweb.com.ar\/index.php?rest_route=%2Fwp%2Fv2%2Ftags&post=15110"}],"curies":[{"name":"wp","href":"https:\/\/api.w.org\/{rel}","templated":true}]}}