{"id":15101,"date":"2024-07-09T09:54:16","date_gmt":"2024-07-09T12:54:16","guid":{"rendered":"https:\/\/www.visionweb.com.ar\/?p=15101"},"modified":"2024-07-09T10:38:00","modified_gmt":"2024-07-09T13:38:00","slug":"milei-logro-en-julio-la-firma-del-pacto-de-mayo","status":"publish","type":"post","link":"https:\/\/www.visionweb.com.ar\/?p=15101","title":{"rendered":"MIlei logr\u00f3 en julio la firma del  Pacto de Mayo"},"content":{"rendered":"<p><em><strong>El presidente asegura que es para refundar a la Argentina. El acuerdo fue rubricado por 18 gobernadores.Faltaron seis gobernadores.<\/strong><\/em><!--more--><\/p>\n<p><strong><img loading=\"lazy\" decoding=\"async\" class=\"size-medium wp-image-15102 alignright\" src=\"https:\/\/www.visionweb.com.ar\/wp-content\/uploads\/2024\/07\/FIRMA-PACTO-DE-MAYO-300x167.png\" alt=\"\" width=\"300\" height=\"167\" srcset=\"https:\/\/www.visionweb.com.ar\/wp-content\/uploads\/2024\/07\/FIRMA-PACTO-DE-MAYO-300x167.png 300w, https:\/\/www.visionweb.com.ar\/wp-content\/uploads\/2024\/07\/FIRMA-PACTO-DE-MAYO.png 640w\" sizes=\"auto, (max-width: 300px) 100vw, 300px\" \/>El presidente Javier Milei firm\u00f3 el Pacto de Mayo con 18 gobernadores<\/strong>\u00a0en la Casa Hist\u00f3rica de Tucum\u00e1n, donde brind\u00f3 un mensaje en cadena nacional en el que tambi\u00e9n anunci\u00f3 la creaci\u00f3n de un \u201cConsejo de Mayo\u201d para impulsar las reformas de ese acuerdo en el Congreso.<\/p>\n<p>Milei sostuvo que los 10 puntos del Pacto de Tucum\u00e1n \u201cson leyes b\u00e1sicas inalterables de la econom\u00eda\u201d y \u201cmatem\u00e1tica inobjetable\u201d, al se\u00f1alar: \u201cCuando obedecimos estos principios como naci\u00f3n nos fue tan bien en tan poco tiempo que fuimos envidia del mundo entero\u201d.<\/p>\n<p>El jefe de Estado anunci\u00f3 que \u201cse termin\u00f3 el chamanismo econ\u00f3mico\u201d y remarc\u00f3 que se debe \u201chacer lo que funcion\u00f3 en todo el mundo\u201d.<\/p>\n<p><strong>Milei encabez\u00f3 el acto en la Casa Hist\u00f3rica de San Miguel de Tucum\u00e1n, donde reuni\u00f3 a los mandatarios provinciales, ministros y legisladores nacionales.\u00a0\u00a0\u00a0<\/strong><\/p>\n<p>La r\u00fabrica del documento hab\u00eda sido convocada para el 25 de Mayo, pero sufri\u00f3 dilaciones debido al debate legislativo de la ley Bases y el paquete fiscal.<\/p>\n<p>Milei sostuvo que \u201cla defensa de la propiedad es la defensa de un derecho y el camino del crecimiento econ\u00f3mico\u201d, por lo que prometi\u00f3 que<strong>\u00a0desde el Gobierno se \u201cperseguir\u00e1 una agresiva agenda de desregulaci\u00f3n econ\u00f3mica\u201d.\u00a0\u00a0\u00a0<\/strong><\/p>\n<p>Para el mandatario, la firma del Pacto de Tucum\u00e1n es, \u201cdespu\u00e9s de tanta divisi\u00f3n\u201d, un\u00a0<strong>\u201cs\u00edmbolo del cambio de \u00e9poca\u201d<\/strong>, por lo que cuestion\u00f3 a los gobernadores que no asistieron por \u201canteojeras ideol\u00f3gicas\u201d y por no querer \u201cceder sus privilegios\u201d.\u00a0\u00a0<strong>\u201cNosotros no miramos para atr\u00e1s ni mantenemos rencores, lo \u00fanico que tiene que hacer la pol\u00edtica es llevar las ideas a la realidad\u201d<\/strong>, expres\u00f3.<\/p>\n<p>En su discurso, el mandatario nacional consider\u00f3 que \u201cun Estado chico con funciones delimitadas vale m\u00e1s que un Estado grande que dilapida los recursos y bloquea la prosperidad\u201d.\u00a0\u00a0<strong>\u201cDesde el Estado nacional demostramos nuestro compromiso haciendo la reducci\u00f3n del gasto p\u00fablico m\u00e1s grande de la historia nacional, los aqu\u00ed firmantes se hicieron responsables de hacer lo mismo en sus distritos\u201d<\/strong>, remarc\u00f3.<\/p>\n<p>Tambi\u00e9n se\u00f1al\u00f3 que Argentina \u201ctiene que dejar de ser un infierno fiscal para quienes trabajan, se esfuerzan e invierten\u201d.\u00a0\u00a0\u00a0\u201cLa reducci\u00f3n del Estado tiene que venir acompa\u00f1ada de una merma en el sistema fiscal de la econom\u00eda\u201d, dijo, al cuestionar la \u201cvoracidad fiscal\u201d.<\/p>\n<h3>\u00a0Los que firmaron<\/h3>\n<p>Acompa\u00f1aron los gobernadores Ra\u00fal Jalil (Catamarca), Leandro Zdero (Chaco), Ignacio Torres (Chubut) y Mart\u00edn Llaryora (C\u00f3rdoba).<\/p>\n<p>Tambi\u00e9n Gustavo Vald\u00e9s (Corrientes), Rogelio Frigerio (Entre R\u00edos), Carlos Sadir (Jujuy), Alfredo Cornejo (Mendoza), Hugo Passalacqua (Misiones) y Rolando Figueroa (Neuqu\u00e9n).<\/p>\n<p>Asimismo, estamparon su firma Alberto Weretilneck (R\u00edo Negro), Gustavo S\u00e1enz (Salta), Marcelo Orrego (San Juan), Claudio Poggi (San Luis), Maximiliano Pullaro (Santa Fe), Gerardo Zamora (Santiago del Estero) y Osvaldo Jaldo (Tucum\u00e1n), adem\u00e1s del jefe de Gobierno porte\u00f1o, Jorge Macri<strong>(VW)<\/strong>.<\/p>\n<p>&nbsp;<\/p>\n","protected":false},"excerpt":{"rendered":"<p>El presidente asegura que es para refundar a la Argentina. El acuerdo fue rubricado por 18 gobernadores.Faltaron seis gobernadores.<\/p>\n","protected":false},"author":3,"featured_media":15102,"comment_status":"closed","ping_status":"closed","sticky":false,"template":"","format":"standard","meta":{"_monsterinsights_skip_tracking":false,"_monsterinsights_sitenote_active":false,"_monsterinsights_sitenote_note":"","_monsterinsights_sitenote_category":0,"footnotes":""},"categories":[4],"tags":[],"class_list":["post-15101","post","type-post","status-publish","format-standard","has-post-thumbnail","hentry","category-politica"],"_links":{"self":[{"href":"https:\/\/www.visionweb.com.ar\/index.php?rest_route=\/wp\/v2\/posts\/15101","targetHints":{"allow":["GET"]}}],"collection":[{"href":"https:\/\/www.visionweb.com.ar\/index.php?rest_route=\/wp\/v2\/posts"}],"about":[{"href":"https:\/\/www.visionweb.com.ar\/index.php?rest_route=\/wp\/v2\/types\/post"}],"author":[{"embeddable":true,"href":"https:\/\/www.visionweb.com.ar\/index.php?rest_route=\/wp\/v2\/users\/3"}],"replies":[{"embeddable":true,"href":"https:\/\/www.visionweb.com.ar\/index.php?rest_route=%2Fwp%2Fv2%2Fcomments&post=15101"}],"version-history":[{"count":1,"href":"https:\/\/www.visionweb.com.ar\/index.php?rest_route=\/wp\/v2\/posts\/15101\/revisions"}],"predecessor-version":[{"id":15103,"href":"https:\/\/www.visionweb.com.ar\/index.php?rest_route=\/wp\/v2\/posts\/15101\/revisions\/15103"}],"wp:featuredmedia":[{"embeddable":true,"href":"https:\/\/www.visionweb.com.ar\/index.php?rest_route=\/wp\/v2\/media\/15102"}],"wp:attachment":[{"href":"https:\/\/www.visionweb.com.ar\/index.php?rest_route=%2Fwp%2Fv2%2Fmedia&parent=15101"}],"wp:term":[{"taxonomy":"category","embeddable":true,"href":"https:\/\/www.visionweb.com.ar\/index.php?rest_route=%2Fwp%2Fv2%2Fcategories&post=15101"},{"taxonomy":"post_tag","embeddable":true,"href":"https:\/\/www.visionweb.com.ar\/index.php?rest_route=%2Fwp%2Fv2%2Ftags&post=15101"}],"curies":[{"name":"wp","href":"https:\/\/api.w.org\/{rel}","templated":true}]}}