{"id":15067,"date":"2024-07-05T15:36:03","date_gmt":"2024-07-05T18:36:03","guid":{"rendered":"https:\/\/www.visionweb.com.ar\/?p=15067"},"modified":"2024-07-05T15:36:03","modified_gmt":"2024-07-05T18:36:03","slug":"concejo-deliberante-de-lanus-aprobaron-la-creacion-de-mesas-de-trabajo-para-el-proyecto-las-colonias","status":"publish","type":"post","link":"https:\/\/www.visionweb.com.ar\/?p=15067","title":{"rendered":"Concejo Deliberante de Lan\u00fas: Aprobaron la creaci\u00f3n de mesas de trabajo para el Proyecto Las Colonias"},"content":{"rendered":"<p><em><strong>Desde el oficialismo aclararon que no se expropiar\u00e1n terrenos. Se rechaz\u00f3 el pedido del PRO para la exclusi\u00f3n de terrenos de la obra. Los ediles apoyaron la creaci\u00f3n de mesas de trabajo.<\/strong><\/em><!--more--><\/p>\n<p><img loading=\"lazy\" decoding=\"async\" class=\"size-medium wp-image-15068 alignright\" src=\"https:\/\/www.visionweb.com.ar\/wp-content\/uploads\/2024\/07\/cd-lanus-sesion-300x131.jpg\" alt=\"\" width=\"300\" height=\"131\" srcset=\"https:\/\/www.visionweb.com.ar\/wp-content\/uploads\/2024\/07\/cd-lanus-sesion-300x131.jpg 300w, https:\/\/www.visionweb.com.ar\/wp-content\/uploads\/2024\/07\/cd-lanus-sesion.jpg 717w\" sizes=\"auto, (max-width: 300px) 100vw, 300px\" \/>\u00a0\u00a0 <strong>E<\/strong>l <strong>Honorable Concejo Deliberante de L\u00e1n\u00fas<\/strong> tuvo ayer una sesi\u00f3n diferente, cont\u00f3 con la presencia de representantes de comunidades educativas en el recinto, donde se aprob\u00f3 el decreto 1970 del intendente <strong>Juli\u00e1n \u00c1lvarez<\/strong> para la creaci\u00f3n de mesas de trabajo por el <strong>Proyecto Parque Central Las Colonias<\/strong>.<\/p>\n<p>Se rechaz\u00f3 el proyecto presentado por el<strong>\u00a0PRO<\/strong>\u00a0para excluir los predios de las escuelas Piedrabuena, Kennedy y N\u00ba 6 de la obra del Parque Central Las Colonias,\u00a0a la vez que se aprob\u00f3 la solicitud de los espacios opositores para la incorporaci\u00f3n del ISFD N\u00b011 en las mesas.<\/p>\n<p>El Cuerpo sesion\u00f3 ayer jueves por la tarde en una jornada deliberativa marcada por cruces entre el PRO y la UCR.<\/p>\n<p>Seg\u00fan el decreto, las mesas de trabajo propuestas por el Ejecutivo ser\u00e1n para la escuela Kennedy, el Piedrabuena, la Escuela N\u00ba 6 y la escuela de educaci\u00f3n especial 509, y ser\u00e1n integradas por un representante del Consejo Escolar, un representante educativo, dos del HCD por el oficialismo y oposici\u00f3n, y representantes del Ejecutivo. Desde el PRO solicitaron que tambi\u00e9n haya un representante de cada bloque de la oposici\u00f3n.<\/p>\n<div id=\"attachment_15069\" style=\"width: 310px\" class=\"wp-caption alignleft\"><img loading=\"lazy\" decoding=\"async\" aria-describedby=\"caption-attachment-15069\" class=\"wp-image-15069 size-medium\" src=\"https:\/\/www.visionweb.com.ar\/wp-content\/uploads\/2024\/07\/cd-lanus-padres-y-docentes-300x156.jpg\" alt=\"\" width=\"300\" height=\"156\" srcset=\"https:\/\/www.visionweb.com.ar\/wp-content\/uploads\/2024\/07\/cd-lanus-padres-y-docentes-300x156.jpg 300w, https:\/\/www.visionweb.com.ar\/wp-content\/uploads\/2024\/07\/cd-lanus-padres-y-docentes.jpg 522w\" sizes=\"auto, (max-width: 300px) 100vw, 300px\" \/><p id=\"caption-attachment-15069\" class=\"wp-caption-text\">La sesi\u00f3n cont\u00f3 con la presencia de autoridades educativas, padres y alumnos.<\/p><\/div>\n<p>El primero en tomar la palabra fue <strong>Emiliano Bursese<\/strong> UCR, quien defendi\u00f3 la ordenanza oficial, adelant\u00f3 el voto negativo y destac\u00f3 la idea de crear mesas de trabajo que comenzar\u00e1n a funcionar \u00a0el pr\u00f3ximo mi\u00e9rcoles en el HCD para informar sobre los alcances del proyecto.<\/p>\n<p>Continu\u00f3 la concejal del PRO, <strong>Silvana Recalde<\/strong>, quien se\u00f1al\u00f3 que \u201cmuchas cosas quedan oscuras sobre c\u00f3mo el municipio accede a esos terrenos\u201d.<\/p>\n<p>Tambi\u00e9n pidi\u00f3 analizar los espacios p\u00fablicos que se le cedieron al club Lan\u00fas: \u201cEs cierto que la ordenanza no establece expropiaci\u00f3n de predios, queremos entender que <strong>esto fue mal transmitido a las escuelas<\/strong>. Veamos la cesi\u00f3n de terrenos para no tocar el de las escuelas\u201d, destac\u00f3 Recalde.<\/p>\n<p><img loading=\"lazy\" decoding=\"async\" class=\"size-medium wp-image-15070 alignright\" src=\"https:\/\/www.visionweb.com.ar\/wp-content\/uploads\/2024\/07\/cjo-deliberante-lanus-las-colonias-300x129.png\" alt=\"\" width=\"300\" height=\"129\" srcset=\"https:\/\/www.visionweb.com.ar\/wp-content\/uploads\/2024\/07\/cjo-deliberante-lanus-las-colonias-300x129.png 300w, https:\/\/www.visionweb.com.ar\/wp-content\/uploads\/2024\/07\/cjo-deliberante-lanus-las-colonias.png 602w\" sizes=\"auto, (max-width: 300px) 100vw, 300px\" \/>Por La Libertad Avanza,<strong>\u00a0<\/strong>la concejal<strong> Mariana Ayesa<\/strong>, detall\u00f3 que el tema fue desvirtuado, que \u201cse nos puso en un lugar como que estamos en contra de las comunidades educativas, y les puedo asegurar que est\u00e1n completamente desinformados\u201d.<\/p>\n<p>Por su parte,<strong> Marcela Barbeiro<\/strong> de Uni\u00f3n por la Patria, indic\u00f3 que las mesas de di\u00e1logo ser\u00e1n \u201cpara dejar en claro que no se va a expropiar ning\u00fan terreno de las instituciones educativas y que se va a trabajar para mejorar lo que, lamentablemente, no se hizo en la gesti\u00f3n anterior\u201d.<\/p>\n<p>Otros temas tratados en sesi\u00f3n fueron: las actividades que se realizar\u00e1n por el 80 aniversario de la Ciudad, y la instalaci\u00f3n un banco rojo en los jardines de la Municipalidad en conmemoraci\u00f3n a las mujeres asesinadas por violencia de g\u00e9nero. <strong>(VW)<\/strong><\/p>\n<p>&nbsp;<\/p>\n","protected":false},"excerpt":{"rendered":"<p>Desde el oficialismo aclararon que no se expropiar\u00e1n terrenos. Se rechaz\u00f3 el pedido del PRO para la exclusi\u00f3n de terrenos de la obra. Los ediles apoyaron la creaci\u00f3n de mesas de trabajo.<\/p>\n","protected":false},"author":4,"featured_media":15070,"comment_status":"closed","ping_status":"closed","sticky":false,"template":"","format":"standard","meta":{"_monsterinsights_skip_tracking":false,"_monsterinsights_sitenote_active":false,"_monsterinsights_sitenote_note":"","_monsterinsights_sitenote_category":0,"footnotes":""},"categories":[4],"tags":[1862,19,6336,2039],"class_list":["post-15067","post","type-post","status-publish","format-standard","has-post-thumbnail","hentry","category-politica","tag-concejo-deliberante","tag-lanus","tag-proyecto-parque-las-colonias","tag-sesion"],"_links":{"self":[{"href":"https:\/\/www.visionweb.com.ar\/index.php?rest_route=\/wp\/v2\/posts\/15067","targetHints":{"allow":["GET"]}}],"collection":[{"href":"https:\/\/www.visionweb.com.ar\/index.php?rest_route=\/wp\/v2\/posts"}],"about":[{"href":"https:\/\/www.visionweb.com.ar\/index.php?rest_route=\/wp\/v2\/types\/post"}],"author":[{"embeddable":true,"href":"https:\/\/www.visionweb.com.ar\/index.php?rest_route=\/wp\/v2\/users\/4"}],"replies":[{"embeddable":true,"href":"https:\/\/www.visionweb.com.ar\/index.php?rest_route=%2Fwp%2Fv2%2Fcomments&post=15067"}],"version-history":[{"count":1,"href":"https:\/\/www.visionweb.com.ar\/index.php?rest_route=\/wp\/v2\/posts\/15067\/revisions"}],"predecessor-version":[{"id":15071,"href":"https:\/\/www.visionweb.com.ar\/index.php?rest_route=\/wp\/v2\/posts\/15067\/revisions\/15071"}],"wp:featuredmedia":[{"embeddable":true,"href":"https:\/\/www.visionweb.com.ar\/index.php?rest_route=\/wp\/v2\/media\/15070"}],"wp:attachment":[{"href":"https:\/\/www.visionweb.com.ar\/index.php?rest_route=%2Fwp%2Fv2%2Fmedia&parent=15067"}],"wp:term":[{"taxonomy":"category","embeddable":true,"href":"https:\/\/www.visionweb.com.ar\/index.php?rest_route=%2Fwp%2Fv2%2Fcategories&post=15067"},{"taxonomy":"post_tag","embeddable":true,"href":"https:\/\/www.visionweb.com.ar\/index.php?rest_route=%2Fwp%2Fv2%2Ftags&post=15067"}],"curies":[{"name":"wp","href":"https:\/\/api.w.org\/{rel}","templated":true}]}}