{"id":15062,"date":"2024-07-05T13:11:11","date_gmt":"2024-07-05T16:11:11","guid":{"rendered":"https:\/\/www.visionweb.com.ar\/?p=15062"},"modified":"2024-07-05T13:11:11","modified_gmt":"2024-07-05T16:11:11","slug":"la-camara-argentina-de-comercio-contra-la-ley-de-gondolas-de-kicillof","status":"publish","type":"post","link":"https:\/\/www.visionweb.com.ar\/?p=15062","title":{"rendered":"La C\u00e1mara Argentina de Comercio contra la ley de g\u00f3ndolas de Kicillof"},"content":{"rendered":"<p><em><strong>Eurnekian sali\u00f3 a rechazar el proyecto de ley de g\u00f3ndolas bonaerense: \u201cEs incorrecto y contraproducente\u201d.<\/strong><\/em><!--more--><\/p>\n<p><strong> <img loading=\"lazy\" decoding=\"async\" class=\"size-full wp-image-6394 alignright\" src=\"https:\/\/www.visionweb.com.ar\/wp-content\/uploads\/2022\/07\/supermercado.bmp\" alt=\"\" width=\"244\" height=\"167\" \/>\u00a0 L<\/strong>a<strong> C\u00e1mara Argentina de Comercio y Servicios (CAC) <\/strong>ya manifest\u00f3 su rechazo a la <strong>ley de g\u00f3ndolas<\/strong> que lanz\u00f3 hace menos de 24 horas <strong>Axel Kicillof<\/strong> en la Legislatura bonaerense.<\/p>\n<p>La ley de g\u00f3ndolas bonaerense, orientada a \u00abfomentar la competencia en g\u00f3ndolas bonaerenses, que tendr\u00e1 como objetivo la promoci\u00f3n y fortalecimiento de las Micro, Peque\u00f1as y Medianas Empresas de la provincia de Buenos Aires\u00bb,<\/p>\n<p>La CAC, que controla el empresario\u00a0<strong>Eduardo Eurnekian<\/strong>, emiti\u00f3 un <strong>comunicado<\/strong> ayer por la tarde en el que anticip\u00f3 que la norma \u00abamparada en objetivos loables, <strong>acabar\u00e1 por perjudicar a empresas y consumidores<\/strong>\u00ab.<\/p>\n<p>El gobernador bonaerense puja desde hace meses para imponer su agenda legislativa en contraposici\u00f3n con las prerrogativas nacionales, como la Ley de Medicamentos y la Empresa estatal de Emergencias.<\/p>\n<p>La<strong> CAC <\/strong>asegura que, \u00abperturbar\u00e1 la operatoria de numerosas empresas e incrementar\u00e1 sus costos, con el consiguiente perjuicio para el consumidor final\u00bb.<\/p>\n<p>La organizaci\u00f3n se\u00f1al\u00f3 que \u00abla herramienta propuesta es no solo incorrecta sino incluso contraproducente: la excesiva injerencia en las relaciones comerciales m\u00e1s temprano que tarde deriva en <strong>escasez de productos y\/o suba de precios, perjudicando a empresas y consumidores<\/strong>\u00ab.<\/p>\n<p>Plante\u00f3 que \u00abel proyecto vulnera la libertad de comercio consagrada en la Constituci\u00f3n Nacional\u00bb y consider\u00f3 de \u00ababusivo\u00bb que \u00abmediante una ley se impongan condiciones de comercializaci\u00f3n para solamente algunos de los actores que participan en las relaciones de consumo masivo\u00bb.<\/p>\n<p>Adem\u00e1s, avanz\u00f3 sobre el desempleo en su an\u00e1lisis: \u00absin un sector privado pujante no es posible crear empleo genuino ni generar la riqueza necesaria para superar los escandalosos niveles de postergaci\u00f3n y pobreza que nuestro pa\u00eds registra\u00bb.<\/p>\n<p>La CAC es presidida por un consejo directivo que tiene a la cabeza a Natalio Grinman, que actualmente no es empresario sino m\u00e1s bien \u00abgremialista empresario\u00bb; lo secundan Eduardo Eurneki\u00e1n, emblema de la Corporaci\u00f3n Am\u00e9rica; junto a empresarios como Guillermo Dietrich, Alberto Grimoldi, Mart\u00edn Cabrales, Federico Braun, Mar\u00eda Luisa Macchiavello, Rodrigo P\u00e9rez Graziano y otros. <strong>(VW)<\/strong><\/p>\n<p>&nbsp;<\/p>\n","protected":false},"excerpt":{"rendered":"<p>Eurnekian sali\u00f3 a rechazar el proyecto de ley de g\u00f3ndolas bonaerense: \u201cEs incorrecto y contraproducente\u201d.<\/p>\n","protected":false},"author":4,"featured_media":6394,"comment_status":"closed","ping_status":"closed","sticky":false,"template":"","format":"standard","meta":{"_monsterinsights_skip_tracking":false,"_monsterinsights_sitenote_active":false,"_monsterinsights_sitenote_note":"","_monsterinsights_sitenote_category":0,"footnotes":""},"categories":[6,4],"tags":[6333,5684,6332],"class_list":["post-15062","post","type-post","status-publish","format-standard","has-post-thumbnail","hentry","category-economia","category-politica","tag-eurnekian","tag-ley-de-gondolas-bonaerense","tag-rechazo-de-la-cac"],"_links":{"self":[{"href":"https:\/\/www.visionweb.com.ar\/index.php?rest_route=\/wp\/v2\/posts\/15062","targetHints":{"allow":["GET"]}}],"collection":[{"href":"https:\/\/www.visionweb.com.ar\/index.php?rest_route=\/wp\/v2\/posts"}],"about":[{"href":"https:\/\/www.visionweb.com.ar\/index.php?rest_route=\/wp\/v2\/types\/post"}],"author":[{"embeddable":true,"href":"https:\/\/www.visionweb.com.ar\/index.php?rest_route=\/wp\/v2\/users\/4"}],"replies":[{"embeddable":true,"href":"https:\/\/www.visionweb.com.ar\/index.php?rest_route=%2Fwp%2Fv2%2Fcomments&post=15062"}],"version-history":[{"count":1,"href":"https:\/\/www.visionweb.com.ar\/index.php?rest_route=\/wp\/v2\/posts\/15062\/revisions"}],"predecessor-version":[{"id":15063,"href":"https:\/\/www.visionweb.com.ar\/index.php?rest_route=\/wp\/v2\/posts\/15062\/revisions\/15063"}],"wp:featuredmedia":[{"embeddable":true,"href":"https:\/\/www.visionweb.com.ar\/index.php?rest_route=\/wp\/v2\/media\/6394"}],"wp:attachment":[{"href":"https:\/\/www.visionweb.com.ar\/index.php?rest_route=%2Fwp%2Fv2%2Fmedia&parent=15062"}],"wp:term":[{"taxonomy":"category","embeddable":true,"href":"https:\/\/www.visionweb.com.ar\/index.php?rest_route=%2Fwp%2Fv2%2Fcategories&post=15062"},{"taxonomy":"post_tag","embeddable":true,"href":"https:\/\/www.visionweb.com.ar\/index.php?rest_route=%2Fwp%2Fv2%2Ftags&post=15062"}],"curies":[{"name":"wp","href":"https:\/\/api.w.org\/{rel}","templated":true}]}}