{"id":15060,"date":"2024-07-05T09:40:18","date_gmt":"2024-07-05T12:40:18","guid":{"rendered":"https:\/\/www.visionweb.com.ar\/?p=15060"},"modified":"2024-07-05T09:40:18","modified_gmt":"2024-07-05T12:40:18","slug":"los-precios-de-los-alimentos-se-dispararon-18-en-una-semana-por-la-suba-del-blue","status":"publish","type":"post","link":"https:\/\/www.visionweb.com.ar\/?p=15060","title":{"rendered":"Los precios de los alimentos se dispararon 1,8% en una semana por la suba del \u201cblue"},"content":{"rendered":"<p><em><strong>La carne, con subas por pr\u00e1cticamente la mitad que el promedio, moder\u00f3 el alza general. Son los datos publicados por la consultora LCG<\/strong><\/em> <!--more--><\/p>\n<p><img loading=\"lazy\" decoding=\"async\" class=\"size-full wp-image-5499 alignleft\" src=\"https:\/\/www.visionweb.com.ar\/wp-content\/uploads\/2022\/05\/furtas-y-verduras.bmp\" alt=\"\" width=\"562\" height=\"338\" \/>Los alimentos se dispararon 1,8% en la primera semana de julio y se aceleraron fuerte respecto al \u00faltimo tramo de junio, en medio de la escalada del d\u00f3lar blue. En esta oportunidad, la suba de la fruta, las bebidas, las verduras y la carne metieron mucha presi\u00f3n. La pr\u00f3xima semana, el Indec difundir\u00e1 la inflaci\u00f3n de junio, que se espera interrumpa la curva descendente de los \u00faltimos cuatro meses.<\/p>\n<p>De acuerdo a un informe de la consultora LCG, en la primera semana de julio la suba de precios de los alimentos promedi\u00f3 1,58% y se aceler\u00f3 1,2 puntos respecto a la semana anterior. La cifra igual\u00f3 el n\u00famero m\u00e1s alto en cuatro meses (s\u00f3lo se hab\u00eda replicado en la tercera semana de mayo).<\/p>\n<p>Seg\u00fan explic\u00f3 el documento, los aumentos de bebidas, frutas y verduras estuvieron por encima del promedio y sumaron 1,2 puntos a la inflaci\u00f3n semanal. La carne, con subas por pr\u00e1cticamente la mitad que el promedio, moder\u00f3 el alza general. As\u00ed le fue a cada producto:<\/p>\n<p>Frutas: 6,9%<\/p>\n<p>Bebidas e infusiones para consumir en el hogar: 4,8%<\/p>\n<p>Comidas listas para llevar: 3,5%<\/p>\n<p>Verduras: 3,2%<\/p>\n<p>Productos de panificaci\u00f3n, cereales y pastas: 1,4%<\/p>\n<p>Carnes: 1%<\/p>\n<p>Aceites: 0,2%<\/p>\n<p>Productos l\u00e1cteos y huevos: -0,2%<\/p>\n<p>Condimentos y otros productos alimenticios: -0,3%<\/p>\n<p>Az\u00facar, miel, dulces y cacao: -1,7%<\/p>\n<p>En este caso, un cuarto de los productos relevados presentaron aumentos, cinco puntos m\u00e1s respecto a la semana previa. As\u00ed, las variaciones de precios mostraron mayor volatilidad respecto a la semana anterior.<\/p>\n<p>Tanto la inflaci\u00f3n mensual promedio como la medici\u00f3n entre puntas volvieron a acelerarse, trepando a 4,2% y 4,9%, respectivamente (0,4 puntos y 1,8 puntos, en cada caso).<\/p>\n<p>Mientras tanto, la inflaci\u00f3n ser\u00e1 mayor a la de mayo<\/p>\n<p>El presidente Javier Milei no podr\u00e1 volver a anunciar una baja de la inflaci\u00f3n cuando llegue la hora de dar el dato de junio. Lejos de bajar, el \u00edndice se habr\u00eda ubicado por encima del 5%, cuando en mayo fue del 4,2%. La suba del 35% del d\u00f3lar blue en el \u00faltimo mes y medio no ser\u00e1 gratis para el objetivo del gobierno de seguir bajando el IPC, seg\u00fan analistas.<\/p>\n<p>Ahora, habr\u00e1 que apostar a julio, cuando no habr\u00e1 alza de tarifas de luz y gas, y tampoco ajuste en el impuesto a los combustibles. Por eso, varios economistas ya hablan de una \u201creaceleraci\u00f3n\u201d de los precios en junio.<\/p>\n<p>Las tarifas golpean muy fuerte el \u00edndice elaborado por el INDEC, que difundir\u00e1 el dato oficial el 12 de julio pr\u00f3ximo. Para los analistas, en las \u00faltimas semanas el d\u00f3lar paralelo estuvo incorporando la inflaci\u00f3n acumulada. Lo \u00fanico que impide que el rebote de los precios sea mucho mayor es la pronunciada recesi\u00f3n, con fuertes ca\u00eddas en el consumo<strong>(VW)<\/strong>.<\/p>\n<p>Fuente: Agencia DIB<\/p>\n","protected":false},"excerpt":{"rendered":"<p>La carne, con subas por pr\u00e1cticamente la mitad que el promedio, moder\u00f3 el alza general. Son los datos publicados por la consultora LCG<\/p>\n","protected":false},"author":3,"featured_media":5499,"comment_status":"closed","ping_status":"closed","sticky":false,"template":"","format":"standard","meta":{"_monsterinsights_skip_tracking":false,"_monsterinsights_sitenote_active":false,"_monsterinsights_sitenote_note":"","_monsterinsights_sitenote_category":0,"footnotes":""},"categories":[8],"tags":[2404,47,1000,4223],"class_list":["post-15060","post","type-post","status-publish","format-standard","has-post-thumbnail","hentry","category-interes-general","tag-frio","tag-precios","tag-subas","tag-verduras"],"_links":{"self":[{"href":"https:\/\/www.visionweb.com.ar\/index.php?rest_route=\/wp\/v2\/posts\/15060","targetHints":{"allow":["GET"]}}],"collection":[{"href":"https:\/\/www.visionweb.com.ar\/index.php?rest_route=\/wp\/v2\/posts"}],"about":[{"href":"https:\/\/www.visionweb.com.ar\/index.php?rest_route=\/wp\/v2\/types\/post"}],"author":[{"embeddable":true,"href":"https:\/\/www.visionweb.com.ar\/index.php?rest_route=\/wp\/v2\/users\/3"}],"replies":[{"embeddable":true,"href":"https:\/\/www.visionweb.com.ar\/index.php?rest_route=%2Fwp%2Fv2%2Fcomments&post=15060"}],"version-history":[{"count":1,"href":"https:\/\/www.visionweb.com.ar\/index.php?rest_route=\/wp\/v2\/posts\/15060\/revisions"}],"predecessor-version":[{"id":15061,"href":"https:\/\/www.visionweb.com.ar\/index.php?rest_route=\/wp\/v2\/posts\/15060\/revisions\/15061"}],"wp:featuredmedia":[{"embeddable":true,"href":"https:\/\/www.visionweb.com.ar\/index.php?rest_route=\/wp\/v2\/media\/5499"}],"wp:attachment":[{"href":"https:\/\/www.visionweb.com.ar\/index.php?rest_route=%2Fwp%2Fv2%2Fmedia&parent=15060"}],"wp:term":[{"taxonomy":"category","embeddable":true,"href":"https:\/\/www.visionweb.com.ar\/index.php?rest_route=%2Fwp%2Fv2%2Fcategories&post=15060"},{"taxonomy":"post_tag","embeddable":true,"href":"https:\/\/www.visionweb.com.ar\/index.php?rest_route=%2Fwp%2Fv2%2Ftags&post=15060"}],"curies":[{"name":"wp","href":"https:\/\/api.w.org\/{rel}","templated":true}]}}