{"id":15054,"date":"2024-07-04T19:06:08","date_gmt":"2024-07-04T22:06:08","guid":{"rendered":"https:\/\/www.visionweb.com.ar\/?p=15054"},"modified":"2024-07-04T19:06:08","modified_gmt":"2024-07-04T22:06:08","slug":"sesiono-en-mar-del-plata-el-2o-congreso-productivo-bonaerense","status":"publish","type":"post","link":"https:\/\/www.visionweb.com.ar\/?p=15054","title":{"rendered":"Sesion\u00f3 en Mar del Plata el 2\u00ba Congreso Productivo Bonaerense"},"content":{"rendered":"<p><em><strong>El encuentro fue clausurado por el gobernador Axel KicllofDel encuentro participaron m\u00e1s de 3.000 referentes de la producci\u00f3n y la industria bonaerense.<\/strong><\/em> <!--more--><\/p>\n<p><img loading=\"lazy\" decoding=\"async\" class=\"size-medium wp-image-15055 alignright\" src=\"https:\/\/www.visionweb.com.ar\/wp-content\/uploads\/2024\/07\/CIERRE-CONGRESO-PRODUCTIVO-300x149.png\" alt=\"\" width=\"300\" height=\"149\" srcset=\"https:\/\/www.visionweb.com.ar\/wp-content\/uploads\/2024\/07\/CIERRE-CONGRESO-PRODUCTIVO-300x149.png 300w, https:\/\/www.visionweb.com.ar\/wp-content\/uploads\/2024\/07\/CIERRE-CONGRESO-PRODUCTIVO.png 640w\" sizes=\"auto, (max-width: 300px) 100vw, 300px\" \/>Con el objetivo de generar ideas y diferentes estrategias para potenciar \u00a0y desarrollar diferentes estrat\u00e9gicas para el desarrollo\u00a0 la producci\u00f3n e industria en la provincia de Buenos Aires, concluy\u00f3 este mi\u00e9rcoles el 2\u00ba Congreso Productivo Bonaerense, que sesion\u00f3 en el hotel Provincia de Mar del Plata.<\/p>\n<p>La clausura del Congreso estuvo a cargo del gobernador de la Provincia de Buenos Aires, Axel Kicillof, quien puso el acento en la necesidad de de proteger el modelo productivo, con sus PyMes y trabajadores, adem\u00e1s de promover un mayor bienestar para los bonaerenses.<\/p>\n<p>En ese marco, Kicillof destac\u00f3 que \u201ceste congreso ha batido todos los r\u00e9cords, dando una muestra de que, a\u00fan frente a las adversidades, la industria bonaerense no se rinde ni baja los brazos\u201d. \u201cAl rev\u00e9s, estamos aqu\u00ed para reflexionar, intercambiar ideas y evaluar el pasado, pero, sobre todo, para discutir y pensar el futuro\u201d.<\/p>\n<p>\u00abNos quieren hacer discutir cuestiones que ya est\u00e1n saldadas porque apuntan a volver a un modelo extractivista y exportador, que ya est\u00e1 demostrado que no genera empleo en nuestro pa\u00eds\u201d, se\u00f1al\u00f3 el Gobernado.<\/p>\n<p>Adem\u00e1s, el Gobernador resalt\u00f3 que \u201cel proyecto del Gobierno nacional incluye desmantelar y desintegrar el Estado, situaci\u00f3n que ya est\u00e1 afectando a todas las provincias: ante esto, hemos venido a reafirmar que desde la provincia de Buenos Aires vamos a emplear todos los instrumentos que tengamos a disposici\u00f3n para proteger la producci\u00f3n y el trabajo bonaerense\u201d.<\/p>\n<p>Durante dos jornadas hubo m\u00e1s de 30 paneles y mesas de trabajo en las que se presentaron propuestas de pol\u00edticas p\u00fablicas y estrategias para enfrentar la crisis con ejes en infraestructura para la producci\u00f3n; desarrollo local; empleo y producci\u00f3n; sistema tributario y financiamiento; desarrollo productivo sostenible y sustentable; y ciencia y tecnolog\u00eda.<\/p>\n<p>Por \u00faltimo, Kicillof remarc\u00f3 que \u201cnuestro mandato es defender a una provincia productiva, con dignidad, integraci\u00f3n y una identidad propia, vinculada al trabajo diario de las y los bonaerenses de los 135 municipios\u201d. \u201cNo es algo optativo para nosotros y no estamos dispuestos a bajar los brazos: contamos con el apoyo y la solidaridad de un pueblo que es consciente de que nadie se salva solo\u201d, concluy\u00f3.<\/p>\n<p>El Congreso Productivo Bonaerense incluy\u00f3, entre las actividades un encuentro entre el ministro Augusto Costa, el ministro Javier Rodr\u00edguez, el titular de ARBA, Cristian Girard y representantes de secretar\u00edas de Producci\u00f3n de m\u00e1s de 100 municipios de la Provincia.<\/p>\n<p>\u201cEstamos discutiendo tem\u00e1ticas centrales sobre desarrollo productivo para la Provincia en particular, pero tambi\u00e9n para todo el pa\u00eds; el objetivo es pensar, debatir, intercambiar ideas y llegar a conclusiones\u201d, se\u00f1al\u00f3 el ministro Augusto Costa<strong>(VW)<\/strong>.<\/p>\n<p>&nbsp;<\/p>\n<p>&nbsp;<\/p>\n","protected":false},"excerpt":{"rendered":"<p>El encuentro fue clausurado por el gobernador Axel KicllofDel encuentro participaron m\u00e1s de 3.000 referentes de la producci\u00f3n y la industria bonaerense.<\/p>\n","protected":false},"author":3,"featured_media":15055,"comment_status":"closed","ping_status":"closed","sticky":false,"template":"","format":"standard","meta":{"_monsterinsights_skip_tracking":false,"_monsterinsights_sitenote_active":false,"_monsterinsights_sitenote_note":"","_monsterinsights_sitenote_category":0,"footnotes":""},"categories":[749],"tags":[6313,445,3106],"class_list":["post-15054","post","type-post","status-publish","format-standard","has-post-thumbnail","hentry","category-pymes","tag-congreso-productivo","tag-gobierno","tag-paneles"],"_links":{"self":[{"href":"https:\/\/www.visionweb.com.ar\/index.php?rest_route=\/wp\/v2\/posts\/15054","targetHints":{"allow":["GET"]}}],"collection":[{"href":"https:\/\/www.visionweb.com.ar\/index.php?rest_route=\/wp\/v2\/posts"}],"about":[{"href":"https:\/\/www.visionweb.com.ar\/index.php?rest_route=\/wp\/v2\/types\/post"}],"author":[{"embeddable":true,"href":"https:\/\/www.visionweb.com.ar\/index.php?rest_route=\/wp\/v2\/users\/3"}],"replies":[{"embeddable":true,"href":"https:\/\/www.visionweb.com.ar\/index.php?rest_route=%2Fwp%2Fv2%2Fcomments&post=15054"}],"version-history":[{"count":1,"href":"https:\/\/www.visionweb.com.ar\/index.php?rest_route=\/wp\/v2\/posts\/15054\/revisions"}],"predecessor-version":[{"id":15056,"href":"https:\/\/www.visionweb.com.ar\/index.php?rest_route=\/wp\/v2\/posts\/15054\/revisions\/15056"}],"wp:featuredmedia":[{"embeddable":true,"href":"https:\/\/www.visionweb.com.ar\/index.php?rest_route=\/wp\/v2\/media\/15055"}],"wp:attachment":[{"href":"https:\/\/www.visionweb.com.ar\/index.php?rest_route=%2Fwp%2Fv2%2Fmedia&parent=15054"}],"wp:term":[{"taxonomy":"category","embeddable":true,"href":"https:\/\/www.visionweb.com.ar\/index.php?rest_route=%2Fwp%2Fv2%2Fcategories&post=15054"},{"taxonomy":"post_tag","embeddable":true,"href":"https:\/\/www.visionweb.com.ar\/index.php?rest_route=%2Fwp%2Fv2%2Ftags&post=15054"}],"curies":[{"name":"wp","href":"https:\/\/api.w.org\/{rel}","templated":true}]}}