{"id":15051,"date":"2024-07-04T13:38:00","date_gmt":"2024-07-04T16:38:00","guid":{"rendered":"https:\/\/www.visionweb.com.ar\/?p=15051"},"modified":"2024-07-04T13:40:36","modified_gmt":"2024-07-04T16:40:36","slug":"15051","status":"publish","type":"post","link":"https:\/\/www.visionweb.com.ar\/?p=15051","title":{"rendered":"Banfield: Nueva edici\u00f3n del Mercado Consciente de Productores"},"content":{"rendered":"<p><em><strong>Este mercado autogestivo se realiza\u00a0los primeros fines de semana de cada mes\u00a0y es acompa\u00f1ado por propuestas gastron\u00f3micas saludables, directas del productor al consumidor.<\/strong><\/em><!--more--><\/p>\n<p><img loading=\"lazy\" decoding=\"async\" class=\"size-medium wp-image-14869 alignright\" src=\"https:\/\/www.visionweb.com.ar\/wp-content\/uploads\/2024\/06\/Alm-brown-feria-medioambiente-300x212.png\" alt=\"\" width=\"300\" height=\"212\" srcset=\"https:\/\/www.visionweb.com.ar\/wp-content\/uploads\/2024\/06\/Alm-brown-feria-medioambiente-300x212.png 300w, https:\/\/www.visionweb.com.ar\/wp-content\/uploads\/2024\/06\/Alm-brown-feria-medioambiente.png 543w\" sizes=\"auto, (max-width: 300px) 100vw, 300px\" \/>M\u00e1s de 30 emprendimientos textiles, artesanos, de decoraci\u00f3n, bot\u00e1nica, almac\u00e9n, frutas y verduras se dar\u00e1n cita en una nueva edici\u00f3n del\u00a0<strong>Mercado Consciente de Productores tendr\u00e1 lugar este fin de semana\u00a0<\/strong>en la Plaza Roberto S\u00e1nchez de Banfield Oeste, partido de Lomas Zamora, a metros de la estaci\u00f3n del tren Roca.<\/p>\n<p>Algunos de los productos que se encuentran son mieles, mermeladas, gastronom\u00eda, especias, productos secos mientras que los artesanos participan con sus figuras pintadas,\u00a0<strong>mates, cuadros, artesan\u00edas como bijouterie, sacos, tejidos a crochet.<\/strong><\/p>\n<p>Tambi\u00e9n se incorporaron productos de\u00a0<strong>higiene sustentable, indumentaria, plantas\u00a0<\/strong>y abrieron la convocatoria a un patio gastron\u00f3mico de\u00a0<strong>cocina agroecol\u00f3gica, natural, sustentable y gourmet.<\/strong><\/p>\n<p>Este mercado autogestivo se realiza\u00a0<strong>los primeros fines de semana de cada mes\u00a0<\/strong>y es acompa\u00f1ado por propuestas gastron\u00f3micas saludables, directas del productor al consumidor.<\/p>\n<p>Durante ambos d\u00edas habr\u00e1 propuestas participativas como\u00a0<strong>el taller de Sanaci\u00f3n Pr\u00e1nica el s\u00e1bado 6 de julio desde las 11\u00a0<\/strong>y sorteos de productos de emprendedores a las 13.30 y a las 17.<strong>(VW)<\/strong><\/p>\n","protected":false},"excerpt":{"rendered":"<p>Este mercado autogestivo se realiza\u00a0los primeros fines de semana de cada mes\u00a0y es acompa\u00f1ado por propuestas gastron\u00f3micas saludables, directas del productor al consumidor.<\/p>\n","protected":false},"author":3,"featured_media":14869,"comment_status":"closed","ping_status":"closed","sticky":false,"template":"","format":"standard","meta":{"_monsterinsights_skip_tracking":false,"_monsterinsights_sitenote_active":false,"_monsterinsights_sitenote_note":"","_monsterinsights_sitenote_category":0,"footnotes":""},"categories":[8],"tags":[4713,2579,1455],"class_list":["post-15051","post","type-post","status-publish","format-standard","has-post-thumbnail","hentry","category-interes-general","tag-artesanales","tag-feria","tag-textiles"],"_links":{"self":[{"href":"https:\/\/www.visionweb.com.ar\/index.php?rest_route=\/wp\/v2\/posts\/15051","targetHints":{"allow":["GET"]}}],"collection":[{"href":"https:\/\/www.visionweb.com.ar\/index.php?rest_route=\/wp\/v2\/posts"}],"about":[{"href":"https:\/\/www.visionweb.com.ar\/index.php?rest_route=\/wp\/v2\/types\/post"}],"author":[{"embeddable":true,"href":"https:\/\/www.visionweb.com.ar\/index.php?rest_route=\/wp\/v2\/users\/3"}],"replies":[{"embeddable":true,"href":"https:\/\/www.visionweb.com.ar\/index.php?rest_route=%2Fwp%2Fv2%2Fcomments&post=15051"}],"version-history":[{"count":2,"href":"https:\/\/www.visionweb.com.ar\/index.php?rest_route=\/wp\/v2\/posts\/15051\/revisions"}],"predecessor-version":[{"id":15053,"href":"https:\/\/www.visionweb.com.ar\/index.php?rest_route=\/wp\/v2\/posts\/15051\/revisions\/15053"}],"wp:featuredmedia":[{"embeddable":true,"href":"https:\/\/www.visionweb.com.ar\/index.php?rest_route=\/wp\/v2\/media\/14869"}],"wp:attachment":[{"href":"https:\/\/www.visionweb.com.ar\/index.php?rest_route=%2Fwp%2Fv2%2Fmedia&parent=15051"}],"wp:term":[{"taxonomy":"category","embeddable":true,"href":"https:\/\/www.visionweb.com.ar\/index.php?rest_route=%2Fwp%2Fv2%2Fcategories&post=15051"},{"taxonomy":"post_tag","embeddable":true,"href":"https:\/\/www.visionweb.com.ar\/index.php?rest_route=%2Fwp%2Fv2%2Ftags&post=15051"}],"curies":[{"name":"wp","href":"https:\/\/api.w.org\/{rel}","templated":true}]}}