{"id":15045,"date":"2024-07-04T10:10:39","date_gmt":"2024-07-04T13:10:39","guid":{"rendered":"https:\/\/www.visionweb.com.ar\/?p=15045"},"modified":"2024-07-04T10:10:39","modified_gmt":"2024-07-04T13:10:39","slug":"ate-encabeza-hoy-un-nuevo-paro-nacional-por-la-ola-de-despidos-en-el-estado","status":"publish","type":"post","link":"https:\/\/www.visionweb.com.ar\/?p=15045","title":{"rendered":"ATE encabeza hoy un nuevo paro nacional, por la ola de despidos en el Estado"},"content":{"rendered":"<p><em><strong>En medio del conflicto por los despidos en el sector p\u00fablico, ATE Nacional convoc\u00f3 a una nueva jornada de lucha por 24 horas para este jueves. <\/strong><\/em><!--more--><\/p>\n<div id=\"attachment_14240\" style=\"width: 310px\" class=\"wp-caption alignright\"><img loading=\"lazy\" decoding=\"async\" aria-describedby=\"caption-attachment-14240\" class=\"wp-image-14240 size-medium\" src=\"https:\/\/www.visionweb.com.ar\/wp-content\/uploads\/2024\/04\/ATE-EVALUA-UN-NUEVO-PARO-300x175.png\" alt=\"\" width=\"300\" height=\"175\" srcset=\"https:\/\/www.visionweb.com.ar\/wp-content\/uploads\/2024\/04\/ATE-EVALUA-UN-NUEVO-PARO-300x175.png 300w, https:\/\/www.visionweb.com.ar\/wp-content\/uploads\/2024\/04\/ATE-EVALUA-UN-NUEVO-PARO.png 640w\" sizes=\"auto, (max-width: 300px) 100vw, 300px\" \/><p id=\"caption-attachment-14240\" class=\"wp-caption-text\">Foto de archivo VW<\/p><\/div>\n<p><strong>L<\/strong>a\u00a0<strong>Asociaci\u00f3n Trabajadores del Estado<\/strong>\u00a0(ATE), anunci\u00f3 un paro nacional para este jueves en repudio a la desvinculaci\u00f3n de m\u00e1s de\u00a0<strong>3.000 empleados en la \u00faltima semana<\/strong>, por lo cual habr\u00e1 una jornada de lucha que incluir\u00e1 una olla popular en la\u00a0Plaza de Mayo\u00a0a partir de las 12 del mediod\u00eda.<\/p>\n<p>La medida se va a replicar en todas las provincias. Adem\u00e1s, el sindicato\u00a0<strong>reclamar\u00e1 por un aumento salarial<\/strong>. Durante la \u00faltima reuni\u00f3n paritaria, realizada el pasado 1 de julio, el Gobierno se present\u00f3 sin ning\u00fan ofrecimiento, y pas\u00f3 a un cuarto intermedio\u00a0<strong>sin fecha para una nueva convocatoria.<\/strong><\/p>\n<p>El Secretario General de ATE Nacional <strong>Rodolfo Aguiar<\/strong>, destac\u00f3 que: \u00ab<strong>La \u00fanica posibilidad que tenemos los trabajadores de frenar esta pesadilla que estamos viviendo desde hace 7 meses es estando en la calle y multiplicando las protestas en todo el pa\u00eds<\/strong>\u00ab.<\/p>\n<p>\u00abPor decisi\u00f3n un\u00e1nime de todas las provincias\u00a0<strong>hemos decidido avanzar en una nueva medida de fuerza para exigir la inmediata reincorporaci\u00f3n de todos los despedidos y un aumento salarial que saque a los estatales\u00a0<\/strong>de la pobreza en la que las medidas econ\u00f3micas del Gobierno los hundieron. Esperamos que ni piensen en volver a reprimir. No les tememos y adem\u00e1s,\u00a0<strong>tienen que saber que la violencia institucional y quienes la provocan, nunca terminan bien\u00bb<\/strong>, sostuvo el Secretario General de ATE,\u00a0<strong>Rodolfo Aguiar<\/strong>.<\/p>\n<p>\u00ab<strong>C\u00f3mo ser\u00e1 de malo el Gobierno que ni los mercados le est\u00e1n respondiendo, a pesar que les hizo una ley para ellos<\/strong>. Al topo se le est\u00e1 complicando y nosotros lo tenemos que seguir desgastando\u00bb, agreg\u00f3.<\/p>\n<p>En cuanto a los despidos que se efectuaron desde el cambio de gesti\u00f3n, Aguiar sostuvo que \u00ab<strong>se les empieza a caer la m\u00e1scara<\/strong>. Mientras que en 200 d\u00edas no pudieron probar la existencia de un s\u00f3lo empleado que cobre un sueldo sin trabajar, ahora son ellos los que est\u00e1n llenando de \u00f1oquis la administraci\u00f3n\u00bb.<\/p>\n<p>Hasta el momento, el sindicato\u00a0<strong>ya contabiliza m\u00e1s de 3 mil despidos en la administraci\u00f3n p\u00fablica<\/strong>\u00a0<strong>durante la \u00faltima semana<\/strong>. En tanto, a los trabajadores que no fueron cesanteados se les renov\u00f3 el v\u00ednculo laboral tan s\u00f3lo por 90 d\u00edas, pudiendo ser despedidos finalizado ese plazo. <strong>(VW)<\/strong><\/p>\n<p>&nbsp;<\/p>\n","protected":false},"excerpt":{"rendered":"<p>En medio del conflicto por los despidos en el sector p\u00fablico, ATE Nacional convoc\u00f3 a una nueva jornada de lucha por 24 horas para este jueves.<\/p>\n","protected":false},"author":4,"featured_media":14240,"comment_status":"closed","ping_status":"closed","sticky":false,"template":"","format":"standard","meta":{"_monsterinsights_skip_tracking":false,"_monsterinsights_sitenote_active":false,"_monsterinsights_sitenote_note":"","_monsterinsights_sitenote_category":0,"footnotes":""},"categories":[4,5],"tags":[2719,6328,5396],"class_list":["post-15045","post","type-post","status-publish","format-standard","has-post-thumbnail","hentry","category-politica","category-sociedad","tag-ate","tag-paro-jueves-4-de-julio","tag-rodolfo-aguiar"],"_links":{"self":[{"href":"https:\/\/www.visionweb.com.ar\/index.php?rest_route=\/wp\/v2\/posts\/15045","targetHints":{"allow":["GET"]}}],"collection":[{"href":"https:\/\/www.visionweb.com.ar\/index.php?rest_route=\/wp\/v2\/posts"}],"about":[{"href":"https:\/\/www.visionweb.com.ar\/index.php?rest_route=\/wp\/v2\/types\/post"}],"author":[{"embeddable":true,"href":"https:\/\/www.visionweb.com.ar\/index.php?rest_route=\/wp\/v2\/users\/4"}],"replies":[{"embeddable":true,"href":"https:\/\/www.visionweb.com.ar\/index.php?rest_route=%2Fwp%2Fv2%2Fcomments&post=15045"}],"version-history":[{"count":1,"href":"https:\/\/www.visionweb.com.ar\/index.php?rest_route=\/wp\/v2\/posts\/15045\/revisions"}],"predecessor-version":[{"id":15046,"href":"https:\/\/www.visionweb.com.ar\/index.php?rest_route=\/wp\/v2\/posts\/15045\/revisions\/15046"}],"wp:featuredmedia":[{"embeddable":true,"href":"https:\/\/www.visionweb.com.ar\/index.php?rest_route=\/wp\/v2\/media\/14240"}],"wp:attachment":[{"href":"https:\/\/www.visionweb.com.ar\/index.php?rest_route=%2Fwp%2Fv2%2Fmedia&parent=15045"}],"wp:term":[{"taxonomy":"category","embeddable":true,"href":"https:\/\/www.visionweb.com.ar\/index.php?rest_route=%2Fwp%2Fv2%2Fcategories&post=15045"},{"taxonomy":"post_tag","embeddable":true,"href":"https:\/\/www.visionweb.com.ar\/index.php?rest_route=%2Fwp%2Fv2%2Ftags&post=15045"}],"curies":[{"name":"wp","href":"https:\/\/api.w.org\/{rel}","templated":true}]}}